{"id":16307,"date":"2022-04-07T12:28:19","date_gmt":"2022-04-07T16:58:19","guid":{"rendered":"https:\/\/elmundodelosnegocios.com.do\/v1\/?p=16307"},"modified":"2022-04-07T12:28:19","modified_gmt":"2022-04-07T16:58:19","slug":"congresista-de-la-florida-interesado-en-fortalecer-intercambio-comercial-a-traves-de-zonas-francas","status":"publish","type":"post","link":"https:\/\/elmundodelosnegocios.com.do\/v1\/congresista-de-la-florida-interesado-en-fortalecer-intercambio-comercial-a-traves-de-zonas-francas\/","title":{"rendered":"Congresista de la Florida interesado en fortalecer intercambio comercial a trav\u00e9s de zonas francas"},"content":{"rendered":"<p>Santo Domingo. &#8211; El ministro de Industria, Comercio y Mipymes, V\u00edctor \u2013Ito-Bison\u00f3, recibi\u00f3 la visita de cortes\u00eda de Daniel P\u00e9rez, congresista del Distrito 116 de Tallahassee, del Estado de la Florida, con quien abord\u00f3 temas de oportunidades para fortalecer relaciones comerciales entre la Rep\u00fablica Dominicana y la demarcaci\u00f3n norteamericana que representa.<\/p>\n<p>El tambi\u00e9n presidente de la C\u00e1mara de representantes de la Florida calific\u00f3 como \u201cexponencial\u201d el crecimiento que exhiben las zonas francas en el pa\u00eds, principalmente las dedicadas a la industria del tabaco, constituyendo una importante oportunidad para llevar esa marca pa\u00eds al mercado estadounidense.<\/p>\n<p>Asimismo, reconoci\u00f3 el trabajo del gobierno dominicano a trav\u00e9s del MICM, en aras de potenciar las relaciones comerciales, y dijo que hay expectativas altas de que se vean fortalecidas por la comercializaci\u00f3n de nuevos productos.<\/p>\n<p>El congresista fue recibido por el titular del MICM, quien adem\u00e1s se hizo acompa\u00f1ar de los viceministros Vilma Arbaje de Contreras, de Comercio Exterior, y Carlos Guillermo Flaquer, del viceministerio de Zonas Francas y Reg\u00edmenes Especiales, as\u00ed como de Jonathan Bournigal Read, director de gabinete de la instituci\u00f3n.<\/p>\n<p>&nbsp;<\/p>\n","protected":false},"excerpt":{"rendered":"<p>Santo Domingo. &#8211; El ministro de Industria, Comercio y Mipymes, V\u00edctor \u2013Ito-Bison\u00f3, recibi\u00f3 la visita de cortes\u00eda de Daniel P\u00e9rez, congresista del Distrito 116 de Tallahassee, del Estado de la&hellip; <\/p>\n","protected":false},"author":2,"featured_media":16308,"comment_status":"closed","ping_status":"closed","sticky":false,"template":"","format":"standard","meta":{"fifu_image_url":"","fifu_image_alt":"","footnotes":""},"categories":[74],"tags":[],"class_list":["post-16307","post","type-post","status-publish","format-standard","has-post-thumbnail","hentry","category-comercio-internacional"],"_links":{"self":[{"href":"https:\/\/elmundodelosnegocios.com.do\/v1\/wp-json\/wp\/v2\/posts\/16307","targetHints":{"allow":["GET"]}}],"collection":[{"href":"https:\/\/elmundodelosnegocios.com.do\/v1\/wp-json\/wp\/v2\/posts"}],"about":[{"href":"https:\/\/elmundodelosnegocios.com.do\/v1\/wp-json\/wp\/v2\/types\/post"}],"author":[{"embeddable":true,"href":"https:\/\/elmundodelosnegocios.com.do\/v1\/wp-json\/wp\/v2\/users\/2"}],"replies":[{"embeddable":true,"href":"https:\/\/elmundodelosnegocios.com.do\/v1\/wp-json\/wp\/v2\/comments?post=16307"}],"version-history":[{"count":0,"href":"https:\/\/elmundodelosnegocios.com.do\/v1\/wp-json\/wp\/v2\/posts\/16307\/revisions"}],"wp:featuredmedia":[{"embeddable":true,"href":"https:\/\/elmundodelosnegocios.com.do\/v1\/wp-json\/wp\/v2\/media\/16308"}],"wp:attachment":[{"href":"https:\/\/elmundodelosnegocios.com.do\/v1\/wp-json\/wp\/v2\/media?parent=16307"}],"wp:term":[{"taxonomy":"category","embeddable":true,"href":"https:\/\/elmundodelosnegocios.com.do\/v1\/wp-json\/wp\/v2\/categories?post=16307"},{"taxonomy":"post_tag","embeddable":true,"href":"https:\/\/elmundodelosnegocios.com.do\/v1\/wp-json\/wp\/v2\/tags?post=16307"}],"curies":[{"name":"wp","href":"https:\/\/api.w.org\/{rel}","templated":true}]}}