{"id":16336,"date":"2022-04-08T03:00:46","date_gmt":"2022-04-08T07:30:46","guid":{"rendered":"https:\/\/elmundodelosnegocios.com.do\/v1\/index.php\/2022\/04\/08\/resumen-el-mercado-europeo-de-servicios-informaticos-y-empresariales-inicia-2022-con-fuerza-segun-el-isg-index\/"},"modified":"2022-04-08T03:00:46","modified_gmt":"2022-04-08T07:30:46","slug":"resumen-el-mercado-europeo-de-servicios-informaticos-y-empresariales-inicia-2022-con-fuerza-segun-el-isg-index","status":"publish","type":"post","link":"https:\/\/elmundodelosnegocios.com.do\/v1\/resumen-el-mercado-europeo-de-servicios-informaticos-y-empresariales-inicia-2022-con-fuerza-segun-el-isg-index\/","title":{"rendered":"Resumen: El mercado europeo de servicios inform\u00e1ticos y empresariales inicia 2022 con fuerza, seg\u00fan el ISG Index\u2122"},"content":{"rendered":"<p>El VAC combinado de EMEA en el primer trimestre alcanza la cifra r\u00e9cord de 7500 millones de d\u00f3lares, un 21 % m\u00e1s<\/p>\n<p>La demanda de servicios en la nube sigue acelerando, con un aumento del 44 %.<br \/>\nLONDRES&#8211;(BUSINESS WIRE)&#8211;El mercado europeo de servicios de TI y empresariales tuvo un fuerte comienzo en 2022, con una demanda r\u00e9cord en el primer trimestre de servicios basados en la nube y un impulso continuo en los servicios gestionados, seg\u00fan el \u00faltimo informe del estado de la industria de Information Services Group (ISG) (Nasdaq: III), una firma l\u00edder en investigaci\u00f3n y asesoramiento tecnol\u00f3gico global.<\/p>\n<p>El EMEA ISG Index\u2122, que mide los contratos de externalizaci\u00f3n comercial con un valor contractual anual (ACV) de 5 millones de d\u00f3lares o m\u00e1s, muestra que el ACV del mercado combinado super\u00f3 los 7000 millones de d\u00f3lares por primera vez en un trimestre, alcanzando la cifra r\u00e9cord de 7500 millones de d\u00f3lares, con un aumento del 21 % interanual y del 8 % secuencial respecto al cuarto trimestre.<\/p>\n<p>El comunicado en el idioma original es la versi\u00f3n oficial y autorizada del mismo. Esta traducci\u00f3n es solamente un medio de ayuda y deber\u00e1 ser comparada con el texto en idioma original, que es la \u00fanica versi\u00f3n del texto que tendr\u00e1 validez legal.<br \/>\n Contacts<br \/>\nPress:Will Thoretz, ISG<br \/>\n+1 203 517 3119<br \/>\nwill.thoretz@isg-one.com<\/p>\n<p>Kate Hartley, Carrot Communications for ISG<br \/>\n+44 7714065233<br \/>\nkate.hartley@carrotcomms.co.uk<\/p>\n","protected":false},"excerpt":{"rendered":"<p>El VAC combinado de EMEA en el primer trimestre alcanza la cifra r\u00e9cord de 7500 millones de d\u00f3lares, un 21 % m\u00e1s La demanda de servicios en la nube sigue&hellip; <\/p>\n","protected":false},"author":2,"featured_media":0,"comment_status":"closed","ping_status":"closed","sticky":false,"template":"","format":"standard","meta":{"fifu_image_url":"","fifu_image_alt":"","footnotes":""},"categories":[252],"tags":[253],"class_list":["post-16336","post","type-post","status-publish","format-standard","hentry","category-business-wire","tag-business-wire"],"_links":{"self":[{"href":"https:\/\/elmundodelosnegocios.com.do\/v1\/wp-json\/wp\/v2\/posts\/16336","targetHints":{"allow":["GET"]}}],"collection":[{"href":"https:\/\/elmundodelosnegocios.com.do\/v1\/wp-json\/wp\/v2\/posts"}],"about":[{"href":"https:\/\/elmundodelosnegocios.com.do\/v1\/wp-json\/wp\/v2\/types\/post"}],"author":[{"embeddable":true,"href":"https:\/\/elmundodelosnegocios.com.do\/v1\/wp-json\/wp\/v2\/users\/2"}],"replies":[{"embeddable":true,"href":"https:\/\/elmundodelosnegocios.com.do\/v1\/wp-json\/wp\/v2\/comments?post=16336"}],"version-history":[{"count":0,"href":"https:\/\/elmundodelosnegocios.com.do\/v1\/wp-json\/wp\/v2\/posts\/16336\/revisions"}],"wp:attachment":[{"href":"https:\/\/elmundodelosnegocios.com.do\/v1\/wp-json\/wp\/v2\/media?parent=16336"}],"wp:term":[{"taxonomy":"category","embeddable":true,"href":"https:\/\/elmundodelosnegocios.com.do\/v1\/wp-json\/wp\/v2\/categories?post=16336"},{"taxonomy":"post_tag","embeddable":true,"href":"https:\/\/elmundodelosnegocios.com.do\/v1\/wp-json\/wp\/v2\/tags?post=16336"}],"curies":[{"name":"wp","href":"https:\/\/api.w.org\/{rel}","templated":true}]}}