{"id":16337,"date":"2022-04-08T08:58:15","date_gmt":"2022-04-08T13:28:15","guid":{"rendered":"https:\/\/elmundodelosnegocios.com.do\/v1\/?p=16337"},"modified":"2022-04-08T08:58:15","modified_gmt":"2022-04-08T13:28:15","slug":"fundacion-popular-inicia-proyecto-de-comunidad-sostenible","status":"publish","type":"post","link":"https:\/\/elmundodelosnegocios.com.do\/v1\/fundacion-popular-inicia-proyecto-de-comunidad-sostenible\/","title":{"rendered":"Fundaci\u00f3n Popular inicia proyecto de comunidad sostenible"},"content":{"rendered":"<p><span style=\"font-weight: 400;\">Loma de Blanco, Bonao, Monse\u00f1or Nouel \u2013 La Fundaci\u00f3n Popular inici\u00f3 un proyecto de desarrollo integral y sostenible en la comunidad de Blanco, municipio de Bonao, con el objetivo de potenciar la preservaci\u00f3n de su valor paisaj\u00edstico y ecol\u00f3gico, en conjunto con el progreso econ\u00f3mico y social de sus habitantes.<\/span><\/p>\n<p><span style=\"font-weight: 400;\">Blanco forma parte del Alto Yuna y est\u00e1 compuesto por 19 comunidades rurales con alrededor de 700 familias. Su \u00e1rea de influencia supera las 29,400 hect\u00e1reas, lo que equivale al 30% de la superficie de la provincia Monse\u00f1or Nouel. La zona goza de importancia estrat\u00e9gica en cuanto a recursos h\u00eddricos, con 177 kil\u00f3metros de r\u00edos y arroyos y un 60% del \u00e1rea cubierta por bosques.<\/span><\/p>\n<div id='gallery-1' class='gallery galleryid-16337 gallery-columns-2 gallery-size-large'><figure class='gallery-item'>\n\t\t\t<div class='gallery-icon landscape'>\n\t\t\t\t<a href='https:\/\/elmundodelosnegocios.com.do\/v1\/wp-content\/uploads\/2022\/04\/1-4.jpeg'><img loading=\"lazy\" decoding=\"async\" width=\"1000\" height=\"667\" src=\"https:\/\/elmundodelosnegocios.com.do\/v1\/wp-content\/uploads\/2022\/04\/1-4.jpeg\" class=\"attachment-large size-large\" alt=\"\" srcset=\"https:\/\/elmundodelosnegocios.com.do\/v1\/wp-content\/uploads\/2022\/04\/1-4.jpeg 1000w, https:\/\/elmundodelosnegocios.com.do\/v1\/wp-content\/uploads\/2022\/04\/1-4-300x200.jpeg 300w, https:\/\/elmundodelosnegocios.com.do\/v1\/wp-content\/uploads\/2022\/04\/1-4-768x512.jpeg 768w\" sizes=\"auto, (max-width: 1000px) 100vw, 1000px\" \/><\/a>\n\t\t\t<\/div><\/figure><figure class='gallery-item'>\n\t\t\t<div class='gallery-icon landscape'>\n\t\t\t\t<a href='https:\/\/elmundodelosnegocios.com.do\/v1\/wp-content\/uploads\/2022\/04\/2-5.jpeg'><img loading=\"lazy\" decoding=\"async\" width=\"1000\" height=\"667\" src=\"https:\/\/elmundodelosnegocios.com.do\/v1\/wp-content\/uploads\/2022\/04\/2-5.jpeg\" class=\"attachment-large size-large\" alt=\"\" srcset=\"https:\/\/elmundodelosnegocios.com.do\/v1\/wp-content\/uploads\/2022\/04\/2-5.jpeg 1000w, https:\/\/elmundodelosnegocios.com.do\/v1\/wp-content\/uploads\/2022\/04\/2-5-300x200.jpeg 300w, https:\/\/elmundodelosnegocios.com.do\/v1\/wp-content\/uploads\/2022\/04\/2-5-768x512.jpeg 768w\" sizes=\"auto, (max-width: 1000px) 100vw, 1000px\" \/><\/a>\n\t\t\t<\/div><\/figure>\n\t\t<\/div>\n\n<p><span style=\"font-weight: 400;\">Este proyecto de desarrollo integral se efectuar\u00e1 en cinco a\u00f1os y tres etapas que contemplan el fortalecimiento de las organizaciones locales, la mejora de las infraestructuras y la construcci\u00f3n de capacidades y formaci\u00f3n profesional.<\/span><\/p>\n<p><span style=\"font-weight: 400;\">Las acciones contempladas dentro del proyecto se alinean a la consecuci\u00f3n de los Objetivos de Desarrollo Sostenible. Entre ellas, se trabajar\u00e1 en una marca de caf\u00e9 de alta calidad, producido y transformado en la zona; un proyecto de turismo local respetuoso con el medioambiente, el impulso a la artesan\u00eda, utilizando el \u00e1rbol del bamb\u00fa; la producci\u00f3n de abono org\u00e1nico y el establecimiento de huertos familiares para diversificar la producci\u00f3n agropecuaria.<\/span><\/p>\n<p><b>Preservaci\u00f3n del agua\u00a0<\/b><\/p>\n<p><span style=\"font-weight: 400;\">En el acto de presentaci\u00f3n del proyecto, el se\u00f1or Jos\u00e9 M\u00e1rmol, vicepresidente ejecutivo de Comunicaciones Corporativas, Reputaci\u00f3n y Banca Responsable de Grupo Popular y vicepresidente de la Junta Directiva de la Fundaci\u00f3n Popular, explic\u00f3 que el objetivo de esta iniciativa \u201ces contribuir a que esta comunidad sirva de ejemplo sobre c\u00f3mo es posible lograr preservar el alt\u00edsimo valor paisaj\u00edstico y ecol\u00f3gico de una demarcaci\u00f3n, junto con el progreso econ\u00f3mico y social, que permite la vida digna de las personas y su descendencia\u201d.\u00a0<\/span><\/p>\n<p><span style=\"font-weight: 400;\">En este sentido, la Fundaci\u00f3n Popular actuar\u00e1 como puente entre la comunidad, su poblaci\u00f3n y sus organizaciones, impulsando oportunidades de emprendimiento sostenible, de empleo y trabajo existentes en la zona y que han sido motorizadas por la juventud local.<\/span><\/p>\n<p><span style=\"font-weight: 400;\">Para ejecutar el proyecto, la Fundaci\u00f3n Popular se apoya en una alianza con la comunidad, representada por la Federaci\u00f3n de Campesinos hacia el Progreso, y la organizaci\u00f3n sin fines de lucro Guak\u00eda Ambiente.<\/span><\/p>\n<p><b>Compromiso con las comunidades<\/b><\/p>\n<p><span style=\"font-weight: 400;\">Desde su creaci\u00f3n en 2014, la Fundaci\u00f3n Popular construye, junto a fundaciones sociales aliadas, acueductos rurales, micro hidroel\u00e9ctricas y humedales artificiales o plantas de tratamiento de aguas residuales en decenas de comunidades de escasos recursos, totalizando 34 proyectos que han beneficiado a 31,700 personas con agua potable y energ\u00eda limpia, lo que contribuye a una vida m\u00e1s digna, salubre y productiva.<\/span><\/p>\n","protected":false},"excerpt":{"rendered":"<p>Loma de Blanco, Bonao, Monse\u00f1or Nouel \u2013 La Fundaci\u00f3n Popular inici\u00f3 un proyecto de desarrollo integral y sostenible en la comunidad de Blanco, municipio de Bonao, con el objetivo de&hellip; <\/p>\n","protected":false},"author":2,"featured_media":16340,"comment_status":"closed","ping_status":"closed","sticky":false,"template":"","format":"standard","meta":{"fifu_image_url":"","fifu_image_alt":"","footnotes":""},"categories":[78],"tags":[],"class_list":["post-16337","post","type-post","status-publish","format-standard","has-post-thumbnail","hentry","category-con-responsabilidad"],"_links":{"self":[{"href":"https:\/\/elmundodelosnegocios.com.do\/v1\/wp-json\/wp\/v2\/posts\/16337","targetHints":{"allow":["GET"]}}],"collection":[{"href":"https:\/\/elmundodelosnegocios.com.do\/v1\/wp-json\/wp\/v2\/posts"}],"about":[{"href":"https:\/\/elmundodelosnegocios.com.do\/v1\/wp-json\/wp\/v2\/types\/post"}],"author":[{"embeddable":true,"href":"https:\/\/elmundodelosnegocios.com.do\/v1\/wp-json\/wp\/v2\/users\/2"}],"replies":[{"embeddable":true,"href":"https:\/\/elmundodelosnegocios.com.do\/v1\/wp-json\/wp\/v2\/comments?post=16337"}],"version-history":[{"count":0,"href":"https:\/\/elmundodelosnegocios.com.do\/v1\/wp-json\/wp\/v2\/posts\/16337\/revisions"}],"wp:featuredmedia":[{"embeddable":true,"href":"https:\/\/elmundodelosnegocios.com.do\/v1\/wp-json\/wp\/v2\/media\/16340"}],"wp:attachment":[{"href":"https:\/\/elmundodelosnegocios.com.do\/v1\/wp-json\/wp\/v2\/media?parent=16337"}],"wp:term":[{"taxonomy":"category","embeddable":true,"href":"https:\/\/elmundodelosnegocios.com.do\/v1\/wp-json\/wp\/v2\/categories?post=16337"},{"taxonomy":"post_tag","embeddable":true,"href":"https:\/\/elmundodelosnegocios.com.do\/v1\/wp-json\/wp\/v2\/tags?post=16337"}],"curies":[{"name":"wp","href":"https:\/\/api.w.org\/{rel}","templated":true}]}}