{"id":16350,"date":"2022-04-08T09:11:46","date_gmt":"2022-04-08T13:41:46","guid":{"rendered":"https:\/\/elmundodelosnegocios.com.do\/v1\/?p=16350"},"modified":"2022-04-08T09:11:46","modified_gmt":"2022-04-08T13:41:46","slug":"en-dia-industria-nacional-aird-muestra-optimismo-futuro-sector","status":"publish","type":"post","link":"https:\/\/elmundodelosnegocios.com.do\/v1\/en-dia-industria-nacional-aird-muestra-optimismo-futuro-sector\/","title":{"rendered":"En D\u00eda Industria Nacional AIRD muestra optimismo futuro sector"},"content":{"rendered":"<p><span style=\"font-weight: 400;\">Santo Domingo. Al celebrar el D\u00eda de la Industria Nacional y los 60 a\u00f1os de fundaci\u00f3n de la Asociaci\u00f3n de Industrias de la Rep\u00fablica Dominicana, el sector mostr\u00f3 su optimismo y confi\u00f3 en la capacidad mostrada para retomar el camino del crecimiento econ\u00f3mico, del desarrollo sostenible, del crecimiento del empleo y de las exportaciones. La AIRD anunci\u00f3 la celebraci\u00f3n de sus seis d\u00e9cadas de existencia.<\/span><\/p>\n<p><span style=\"font-weight: 400;\">Circe Alm\u00e1nzar, vicepresidente ejecutiva de la AIRD, inform\u00f3 que la instituci\u00f3n celebrar\u00e1 con un solemne acto sus seis d\u00e9cadas de existencia, en las cuales ha sido actor clave para el crecimiento para el crecimiento industrial. Expres\u00f3 que dicha celebraci\u00f3n se llevar\u00e1 a cabo el jueves 21 del presente mes, en el Teatro Nacional. \u201cSe trata de una celebraci\u00f3n que ser\u00e1 memorable por cuanto nos proponemos reconocer nuestras seis d\u00e9cadas de historia, los avances del sector, nuestro optimismo, nuestra confianza de que lo mejor est\u00e1 por venir para la industria del pa\u00eds\u201d, explic\u00f3.<\/span><\/p>\n<p><span style=\"font-weight: 400;\">Se\u00f1al\u00f3 que la pandemia mostr\u00f3 de qu\u00e9 est\u00e1 hecha la industria, su compromiso, su resiliencia y su capacidad de servir al sostenimiento en los momentos m\u00e1s cr\u00edticos de la sociedad dominicana. \u201cAhora se trata, con un pie en nuestra historia, de ver nuestro futuro\u201d, enfatiz\u00f3.<\/span><\/p>\n<p><span style=\"font-weight: 400;\">Indic\u00f3 que es un momento de redefiniciones y que las empresas industriales han asumido el reto de convertir al pa\u00eds en potencia industrial de la regi\u00f3n, superando las dificultades que pudiesen presentarse.<\/span><\/p>\n<p><span style=\"font-weight: 400;\">Invit\u00f3 a que este reto fuese un compromiso de todos los dominicanos ya que se trata no solo de la industria, sino del desarrollo econ\u00f3mico y social sostenible de todos.<\/span><\/p>\n<p>&nbsp;<\/p>\n","protected":false},"excerpt":{"rendered":"<p>Santo Domingo. Al celebrar el D\u00eda de la Industria Nacional y los 60 a\u00f1os de fundaci\u00f3n de la Asociaci\u00f3n de Industrias de la Rep\u00fablica Dominicana, el sector mostr\u00f3 su optimismo&hellip; <\/p>\n","protected":false},"author":2,"featured_media":16352,"comment_status":"closed","ping_status":"closed","sticky":false,"template":"","format":"standard","meta":{"fifu_image_url":"","fifu_image_alt":"","footnotes":""},"categories":[154],"tags":[],"class_list":["post-16350","post","type-post","status-publish","format-standard","has-post-thumbnail","hentry","category-industria"],"_links":{"self":[{"href":"https:\/\/elmundodelosnegocios.com.do\/v1\/wp-json\/wp\/v2\/posts\/16350","targetHints":{"allow":["GET"]}}],"collection":[{"href":"https:\/\/elmundodelosnegocios.com.do\/v1\/wp-json\/wp\/v2\/posts"}],"about":[{"href":"https:\/\/elmundodelosnegocios.com.do\/v1\/wp-json\/wp\/v2\/types\/post"}],"author":[{"embeddable":true,"href":"https:\/\/elmundodelosnegocios.com.do\/v1\/wp-json\/wp\/v2\/users\/2"}],"replies":[{"embeddable":true,"href":"https:\/\/elmundodelosnegocios.com.do\/v1\/wp-json\/wp\/v2\/comments?post=16350"}],"version-history":[{"count":0,"href":"https:\/\/elmundodelosnegocios.com.do\/v1\/wp-json\/wp\/v2\/posts\/16350\/revisions"}],"wp:featuredmedia":[{"embeddable":true,"href":"https:\/\/elmundodelosnegocios.com.do\/v1\/wp-json\/wp\/v2\/media\/16352"}],"wp:attachment":[{"href":"https:\/\/elmundodelosnegocios.com.do\/v1\/wp-json\/wp\/v2\/media?parent=16350"}],"wp:term":[{"taxonomy":"category","embeddable":true,"href":"https:\/\/elmundodelosnegocios.com.do\/v1\/wp-json\/wp\/v2\/categories?post=16350"},{"taxonomy":"post_tag","embeddable":true,"href":"https:\/\/elmundodelosnegocios.com.do\/v1\/wp-json\/wp\/v2\/tags?post=16350"}],"curies":[{"name":"wp","href":"https:\/\/api.w.org\/{rel}","templated":true}]}}