{"id":16354,"date":"2022-04-08T09:25:15","date_gmt":"2022-04-08T13:55:15","guid":{"rendered":"https:\/\/elmundodelosnegocios.com.do\/v1\/?p=16354"},"modified":"2022-04-08T09:25:15","modified_gmt":"2022-04-08T13:55:15","slug":"entrega-promese-cal-medicamentos-operativos-semana-santa","status":"publish","type":"post","link":"https:\/\/elmundodelosnegocios.com.do\/v1\/entrega-promese-cal-medicamentos-operativos-semana-santa\/","title":{"rendered":"Entrega PROMESE\/CAL medicamentos operativos Semana Santa"},"content":{"rendered":"<p>Santo Domingo, R.D. Abril, 2022.- El Programa de Medicamentos Esenciales y Central de Apoyo Log\u00edstico (PROMESE\/CAL), realiz\u00f3 donaciones de medicamentos e insumos sanitarios a la Defensa Civil y la Cruz Roja, para ser utilizados en el operativo Semana Santa \u201cConciencia Por la Vida 2022\u201d que coordina el Centro de Operaciones de Emergencias (COE).<\/p>\n<p>Las donaciones \u2014cuyo monto total asciende a 728 mil 121 pesos\u2014, forman parte del plan de trabajo desplegado por las autoridades tras recibir directrices del presidente de La Rep\u00fablica, Luis Abinader, para asistir a la ciudadan\u00eda, en la que ser\u00e1 la primera larga pausa tras la eliminaci\u00f3n de las restricciones por Covid-19.<\/p>\n<p>El director de PROMESE\/CAL, Adolfo P\u00e9rez, especific\u00f3 que entre lo donado hay acetaminof\u00e9n en tableta, \u00e1cido acetilsalic\u00edlico, \u00e1cido f\u00f3lico, \u00e1cido mefen\u00e1mico, alcohol isoprop\u00edlico, ampicilina, antis\u00e9ptico, complejo B, sales de hidrataci\u00f3n oral, yodopovidona, adem\u00e1s de jeringas, algod\u00f3n, guantes, gasa, venda el\u00e1stica y papel para camilla.<\/p>\n<div id='gallery-1' class='gallery galleryid-16354 gallery-columns-2 gallery-size-large'><figure class='gallery-item'>\n\t\t\t<div class='gallery-icon landscape'>\n\t\t\t\t<a href='https:\/\/elmundodelosnegocios.com.do\/v1\/wp-content\/uploads\/2022\/04\/Adolfo-Pe\u0301rez-director-de-PROMESECAL-Miguel-Sanz-presidente-de-la-Cruz-Roja.jpeg'><img loading=\"lazy\" decoding=\"async\" width=\"1024\" height=\"682\" src=\"https:\/\/elmundodelosnegocios.com.do\/v1\/wp-content\/uploads\/2022\/04\/Adolfo-Pe\u0301rez-director-de-PROMESECAL-Miguel-Sanz-presidente-de-la-Cruz-Roja-1024x682.jpeg\" class=\"attachment-large size-large\" alt=\"\" srcset=\"https:\/\/elmundodelosnegocios.com.do\/v1\/wp-content\/uploads\/2022\/04\/Adolfo-Pe\u0301rez-director-de-PROMESECAL-Miguel-Sanz-presidente-de-la-Cruz-Roja-1024x682.jpeg 1024w, https:\/\/elmundodelosnegocios.com.do\/v1\/wp-content\/uploads\/2022\/04\/Adolfo-Pe\u0301rez-director-de-PROMESECAL-Miguel-Sanz-presidente-de-la-Cruz-Roja-300x200.jpeg 300w, https:\/\/elmundodelosnegocios.com.do\/v1\/wp-content\/uploads\/2022\/04\/Adolfo-Pe\u0301rez-director-de-PROMESECAL-Miguel-Sanz-presidente-de-la-Cruz-Roja-768x512.jpeg 768w, https:\/\/elmundodelosnegocios.com.do\/v1\/wp-content\/uploads\/2022\/04\/Adolfo-Pe\u0301rez-director-de-PROMESECAL-Miguel-Sanz-presidente-de-la-Cruz-Roja-1536x1023.jpeg 1536w, https:\/\/elmundodelosnegocios.com.do\/v1\/wp-content\/uploads\/2022\/04\/Adolfo-Pe\u0301rez-director-de-PROMESECAL-Miguel-Sanz-presidente-de-la-Cruz-Roja.jpeg 1600w\" sizes=\"auto, (max-width: 1024px) 100vw, 1024px\" \/><\/a>\n\t\t\t<\/div><\/figure><figure class='gallery-item'>\n\t\t\t<div class='gallery-icon landscape'>\n\t\t\t\t<a href='https:\/\/elmundodelosnegocios.com.do\/v1\/wp-content\/uploads\/2022\/04\/Entrega-medicamentos-Defensa-Civil.jpeg'><img loading=\"lazy\" decoding=\"async\" width=\"1024\" height=\"682\" src=\"https:\/\/elmundodelosnegocios.com.do\/v1\/wp-content\/uploads\/2022\/04\/Entrega-medicamentos-Defensa-Civil-1024x682.jpeg\" class=\"attachment-large size-large\" alt=\"\" srcset=\"https:\/\/elmundodelosnegocios.com.do\/v1\/wp-content\/uploads\/2022\/04\/Entrega-medicamentos-Defensa-Civil-1024x682.jpeg 1024w, https:\/\/elmundodelosnegocios.com.do\/v1\/wp-content\/uploads\/2022\/04\/Entrega-medicamentos-Defensa-Civil-300x200.jpeg 300w, https:\/\/elmundodelosnegocios.com.do\/v1\/wp-content\/uploads\/2022\/04\/Entrega-medicamentos-Defensa-Civil-768x512.jpeg 768w, https:\/\/elmundodelosnegocios.com.do\/v1\/wp-content\/uploads\/2022\/04\/Entrega-medicamentos-Defensa-Civil-1536x1023.jpeg 1536w, https:\/\/elmundodelosnegocios.com.do\/v1\/wp-content\/uploads\/2022\/04\/Entrega-medicamentos-Defensa-Civil.jpeg 1600w\" sizes=\"auto, (max-width: 1024px) 100vw, 1024px\" \/><\/a>\n\t\t\t<\/div><\/figure>\n\t\t<\/div>\n\n<p>Mientras que, el director de la Defensa Civil, Juan Salas, agradeci\u00f3 la entrega e indic\u00f3 que los insumos ser\u00edan destinados a las afueras de los balnearios de todo el pa\u00eds.<\/p>\n<p>Miguel Sanz, presidente de la Cruz Roja, inform\u00f3 que ya completaron la capacitaci\u00f3n de m\u00e1s de 4,000 voluntarios que trabajar\u00e1n en lo preventivo y agradeci\u00f3 las donaciones las cuales fortalecer\u00e1n las labores a realizar.<\/p>\n<p>Reforzamiento hospitales p\u00fablicos<\/p>\n<p>En relaci\u00f3n con los hospitales p\u00fablicos, P\u00e9rez dijo que han sido reforzados sus inventarios para que las unidades de emergencias est\u00e9n debidamente abastecidas y puedan dar respuesta efectiva a los ciudadanos que requieran alg\u00fan servicio de salud en Semana Santa.<\/p>\n<p>Asegur\u00f3 que durante el asueto, se mantendr\u00e1n igualmente atentos ante cualquier eventualidad y seguir mejorando el abastecimiento desde PROMESE\/CAL.<\/p>\n<p>Reforzamiento hospitales p\u00fablicos<\/p>\n<p>En relaci\u00f3n con los hospitales p\u00fablicos, P\u00e9rez dijo que han sido reforzados sus inventarios para que las unidades de emergencias est\u00e9n debidamente abastecidas y puedan dar respuesta efectiva a los ciudadanos que requieran alg\u00fan servicio de salud en Semana Santa.<\/p>\n<p>Asegur\u00f3 que durante el asueto, se mantendr\u00e1n igualmente atentos ante cualquier eventualidad y seguir\u00e1n mejorando el abastecimiento desde PROMESE\/CAL.<\/p>\n<p>Sobre PROMESE\/CAL<\/p>\n<p>El Programa de Medicamento Esenciales y Central de Apoyo Log\u00edstico, Promese\/Cal, es la \u00fanica central de suministro de medicamentos, insumos sanitarios y reactivos de laboratorio para la Red de hospitales del Servicio Nacional de Salud. Adem\u00e1s realiza dispensaci\u00f3n farmac\u00e9utica ambulatoria a trav\u00e9s de su red de Farmacias del Pueblo, ubicadas en todo el territorio nacional, y que benefician mensualmente a m\u00e1s de 4 millones de dominicanos. Para m\u00e1s informaci\u00f3n visite http:\/\/promesecal.gob.do\/ .<\/p>\n","protected":false},"excerpt":{"rendered":"<p>Santo Domingo, R.D. Abril, 2022.- El Programa de Medicamentos Esenciales y Central de Apoyo Log\u00edstico (PROMESE\/CAL), realiz\u00f3 donaciones de medicamentos e insumos sanitarios a la Defensa Civil y la Cruz&hellip; <\/p>\n","protected":false},"author":2,"featured_media":16356,"comment_status":"closed","ping_status":"closed","sticky":false,"template":"","format":"standard","meta":{"fifu_image_url":"","fifu_image_alt":"","footnotes":""},"categories":[80],"tags":[],"class_list":["post-16354","post","type-post","status-publish","format-standard","has-post-thumbnail","hentry","category-salud"],"_links":{"self":[{"href":"https:\/\/elmundodelosnegocios.com.do\/v1\/wp-json\/wp\/v2\/posts\/16354","targetHints":{"allow":["GET"]}}],"collection":[{"href":"https:\/\/elmundodelosnegocios.com.do\/v1\/wp-json\/wp\/v2\/posts"}],"about":[{"href":"https:\/\/elmundodelosnegocios.com.do\/v1\/wp-json\/wp\/v2\/types\/post"}],"author":[{"embeddable":true,"href":"https:\/\/elmundodelosnegocios.com.do\/v1\/wp-json\/wp\/v2\/users\/2"}],"replies":[{"embeddable":true,"href":"https:\/\/elmundodelosnegocios.com.do\/v1\/wp-json\/wp\/v2\/comments?post=16354"}],"version-history":[{"count":0,"href":"https:\/\/elmundodelosnegocios.com.do\/v1\/wp-json\/wp\/v2\/posts\/16354\/revisions"}],"wp:featuredmedia":[{"embeddable":true,"href":"https:\/\/elmundodelosnegocios.com.do\/v1\/wp-json\/wp\/v2\/media\/16356"}],"wp:attachment":[{"href":"https:\/\/elmundodelosnegocios.com.do\/v1\/wp-json\/wp\/v2\/media?parent=16354"}],"wp:term":[{"taxonomy":"category","embeddable":true,"href":"https:\/\/elmundodelosnegocios.com.do\/v1\/wp-json\/wp\/v2\/categories?post=16354"},{"taxonomy":"post_tag","embeddable":true,"href":"https:\/\/elmundodelosnegocios.com.do\/v1\/wp-json\/wp\/v2\/tags?post=16354"}],"curies":[{"name":"wp","href":"https:\/\/api.w.org\/{rel}","templated":true}]}}