{"id":16412,"date":"2022-04-09T03:01:06","date_gmt":"2022-04-09T07:31:06","guid":{"rendered":"https:\/\/elmundodelosnegocios.com.do\/v1\/index.php\/2022\/04\/09\/resumen-space-age-co-ltd-lanza-prendas-de-vestir-con-disenos-de-campeones-oliver-y-benji\/"},"modified":"2022-04-09T03:01:06","modified_gmt":"2022-04-09T07:31:06","slug":"resumen-space-age-co-ltd-lanza-prendas-de-vestir-con-disenos-de-campeones-oliver-y-benji","status":"publish","type":"post","link":"https:\/\/elmundodelosnegocios.com.do\/v1\/resumen-space-age-co-ltd-lanza-prendas-de-vestir-con-disenos-de-campeones-oliver-y-benji\/","title":{"rendered":"Resumen: Space Age Co., Ltd. lanza prendas de vestir con dise\u00f1os de Campeones: Oliver y Benji"},"content":{"rendered":"<p>HIROSHIMA, Jap\u00f3n&#8211;(BUSINESS WIRE)&#8211;Space Age Co., Ltd. ha anunciado hoy que lanzar\u00e1 prendas de vestir de Campeones: Oliver y Benji.<br \/>\nCon motivo de la celebraci\u00f3n del 40.\u00ba aniversario de la serie Campeones: Oliver y Benji, se vender\u00e1n prendas de vestir con dise\u00f1o original de Campeones: Oliver y Benji en 6 pa\u00edses a trav\u00e9s de Amazon.<br \/>\nA este respecto, la empresa utilizar\u00e1 \u00abMerch by Amazon\u00bb para publicar la mercanc\u00eda de colaboraci\u00f3n, como camisetas, camisetas de manga larga, jers\u00e9is con capucha, sudaderas y sudadera con cremallera. Los nuevos dise\u00f1os que no se hayan publicado antes se vender\u00e1n como productos de Amazon Prime a los clientes.<\/p>\n<p>El comunicado en el idioma original es la versi\u00f3n oficial y autorizada del mismo. Esta traducci\u00f3n es solamente un medio de ayuda y deber\u00e1 ser comparada con el texto en idioma original, que es la \u00fanica versi\u00f3n del texto que tendr\u00e1 validez legal.<br \/>\n Contacts<br \/>\nWataru Kataoka<br \/>\nSpace Age Co., Ltd.<br \/>\nE-mail:\u00a0 info@sa-works.com<\/p>\n","protected":false},"excerpt":{"rendered":"<p>HIROSHIMA, Jap\u00f3n&#8211;(BUSINESS WIRE)&#8211;Space Age Co., Ltd. ha anunciado hoy que lanzar\u00e1 prendas de vestir de Campeones: Oliver y Benji. Con motivo de la celebraci\u00f3n del 40.\u00ba aniversario de la serie&hellip; <\/p>\n","protected":false},"author":2,"featured_media":0,"comment_status":"closed","ping_status":"closed","sticky":false,"template":"","format":"standard","meta":{"fifu_image_url":"","fifu_image_alt":"","footnotes":""},"categories":[252],"tags":[253],"class_list":["post-16412","post","type-post","status-publish","format-standard","hentry","category-business-wire","tag-business-wire"],"_links":{"self":[{"href":"https:\/\/elmundodelosnegocios.com.do\/v1\/wp-json\/wp\/v2\/posts\/16412","targetHints":{"allow":["GET"]}}],"collection":[{"href":"https:\/\/elmundodelosnegocios.com.do\/v1\/wp-json\/wp\/v2\/posts"}],"about":[{"href":"https:\/\/elmundodelosnegocios.com.do\/v1\/wp-json\/wp\/v2\/types\/post"}],"author":[{"embeddable":true,"href":"https:\/\/elmundodelosnegocios.com.do\/v1\/wp-json\/wp\/v2\/users\/2"}],"replies":[{"embeddable":true,"href":"https:\/\/elmundodelosnegocios.com.do\/v1\/wp-json\/wp\/v2\/comments?post=16412"}],"version-history":[{"count":0,"href":"https:\/\/elmundodelosnegocios.com.do\/v1\/wp-json\/wp\/v2\/posts\/16412\/revisions"}],"wp:attachment":[{"href":"https:\/\/elmundodelosnegocios.com.do\/v1\/wp-json\/wp\/v2\/media?parent=16412"}],"wp:term":[{"taxonomy":"category","embeddable":true,"href":"https:\/\/elmundodelosnegocios.com.do\/v1\/wp-json\/wp\/v2\/categories?post=16412"},{"taxonomy":"post_tag","embeddable":true,"href":"https:\/\/elmundodelosnegocios.com.do\/v1\/wp-json\/wp\/v2\/tags?post=16412"}],"curies":[{"name":"wp","href":"https:\/\/api.w.org\/{rel}","templated":true}]}}