{"id":16517,"date":"2022-04-17T10:08:28","date_gmt":"2022-04-17T14:38:28","guid":{"rendered":"https:\/\/elmundodelosnegocios.com.do\/v1\/?p=16517"},"modified":"2022-04-17T10:08:28","modified_gmt":"2022-04-17T14:38:28","slug":"voces-destaca-pandemia-agilizo-digitalizacion-80-empresas","status":"publish","type":"post","link":"https:\/\/elmundodelosnegocios.com.do\/v1\/voces-destaca-pandemia-agilizo-digitalizacion-80-empresas\/","title":{"rendered":"Voces destaca pandemia agiliz\u00f3 digitalizaci\u00f3n 80% empresas"},"content":{"rendered":"<p>Invitada al pa\u00eds por ADOEXPO, Susana Voces es una joven con una brillante trayectoria en empresas de vanguardia, tecnolog\u00eda y conferencista, habl\u00f3 sobre la digitalizaci\u00f3n, la internacionalizaci\u00f3n de las pymes y el comercio transfronterizo.<\/p>\n<p>Santo Domingo, RD.- Tras la irrupci\u00f3n de la pandemia del Covid el 80 por ciento de las empresas en todos los sectores tiene pensado acelerar su proceso de transformaci\u00f3n digital, afirm\u00f3 la especialista en comercio electr\u00f3nico Susana Voces, quien fuera la CEO en Europa de la compa\u00f1\u00eda de compras por internet eBay, la multinacional con unos 157 millones de consumidores activos en todo el mundo.<\/p>\n<p>Voces pronunci\u00f3 la conferencia \u201cEl papel de la mujer en la sociedad digital con la mirada puesta en el comercio exterior\u201d, organizada por la Asociaci\u00f3n Dominicana de Exportadores (Adoexpo), en su sede, la cual sirvi\u00f3 para cerrar las actividades del mes de la mujer y cont\u00f3 con la asistencia de ejecutivas e invitadas del \u00e1rea de negocios.<\/p>\n<figure id=\"attachment_16521\" aria-describedby=\"caption-attachment-16521\" style=\"width: 1280px\" class=\"wp-caption aligncenter\"><a href=\"http:\/\/elmundodelosnegocios.com.do\/v1\/wp-content\/uploads\/2022\/04\/Foto-3-Susana-Voces-durante-su-disertacion.jpg\"><img loading=\"lazy\" decoding=\"async\" class=\"size-full wp-image-16521\" src=\"http:\/\/elmundodelosnegocios.com.do\/v1\/wp-content\/uploads\/2022\/04\/Foto-3-Susana-Voces-durante-su-disertacion.jpg\" alt=\"Susana Voces, durante su disertaci\u00f3n\" width=\"1280\" height=\"820\" srcset=\"https:\/\/elmundodelosnegocios.com.do\/v1\/wp-content\/uploads\/2022\/04\/Foto-3-Susana-Voces-durante-su-disertacion.jpg 1280w, https:\/\/elmundodelosnegocios.com.do\/v1\/wp-content\/uploads\/2022\/04\/Foto-3-Susana-Voces-durante-su-disertacion-300x192.jpg 300w, https:\/\/elmundodelosnegocios.com.do\/v1\/wp-content\/uploads\/2022\/04\/Foto-3-Susana-Voces-durante-su-disertacion-1024x656.jpg 1024w, https:\/\/elmundodelosnegocios.com.do\/v1\/wp-content\/uploads\/2022\/04\/Foto-3-Susana-Voces-durante-su-disertacion-768x492.jpg 768w\" sizes=\"auto, (max-width: 1280px) 100vw, 1280px\" \/><\/a><figcaption id=\"caption-attachment-16521\" class=\"wp-caption-text\">Susana Voces, durante su disertaci\u00f3n<\/figcaption><\/figure>\n<p>En su disertaci\u00f3n, la tambi\u00e9n pasada encargada de desarrollo de negocios en Espa\u00f1a y Portugal de la empresa PayPal, manifest\u00f3 que los usuarios de aparatos celulares realizan un promedio de 150 consultas de compras al d\u00eda.<\/p>\n<figure id=\"attachment_16520\" aria-describedby=\"caption-attachment-16520\" style=\"width: 1280px\" class=\"wp-caption aligncenter\"><a href=\"http:\/\/elmundodelosnegocios.com.do\/v1\/wp-content\/uploads\/2022\/04\/Foto-5-La-presidenta-de-Adoexpo-Elizabeth-Mena-.jpg\"><img loading=\"lazy\" decoding=\"async\" class=\"size-full wp-image-16520\" src=\"http:\/\/elmundodelosnegocios.com.do\/v1\/wp-content\/uploads\/2022\/04\/Foto-5-La-presidenta-de-Adoexpo-Elizabeth-Mena-.jpg\" alt=\"La presidenta de Adoexpo, Elizabeth Mena\" width=\"1280\" height=\"971\" srcset=\"https:\/\/elmundodelosnegocios.com.do\/v1\/wp-content\/uploads\/2022\/04\/Foto-5-La-presidenta-de-Adoexpo-Elizabeth-Mena-.jpg 1280w, https:\/\/elmundodelosnegocios.com.do\/v1\/wp-content\/uploads\/2022\/04\/Foto-5-La-presidenta-de-Adoexpo-Elizabeth-Mena--300x228.jpg 300w, https:\/\/elmundodelosnegocios.com.do\/v1\/wp-content\/uploads\/2022\/04\/Foto-5-La-presidenta-de-Adoexpo-Elizabeth-Mena--1024x777.jpg 1024w, https:\/\/elmundodelosnegocios.com.do\/v1\/wp-content\/uploads\/2022\/04\/Foto-5-La-presidenta-de-Adoexpo-Elizabeth-Mena--768x583.jpg 768w\" sizes=\"auto, (max-width: 1280px) 100vw, 1280px\" \/><\/a><figcaption id=\"caption-attachment-16520\" class=\"wp-caption-text\">La presidenta de Adoexpo, Elizabeth Mena<\/figcaption><\/figure>\n<p>Indic\u00f3 en la conferencia en Adoexpo que el 60 por ciento de los consumidores que encuentran contenido relacionado a sus intereses logran una compra eficaz, mientras que el 69 por ciento utilizan canales digitales para investigar productos antes de adquirirlos.<\/p>\n<p>La ejecutiva precis\u00f3 que el 50 por ciento de los millennials consideran interesantes las compras de bienes digitales que se realizan en el metaverso, y hasta el 42 por ciento de los compradores virtuales cambian de marca o empresa para consumir bienes alternativos si piensan que el tiempo de espera es demasiado largo.<\/p>\n<p>Los consumidores informaron que ten\u00edan tres veces m\u00e1s probabilidades ahora que antes de la pandemia de decir que al menos el 80 por ciento de sus interacciones son de naturaleza digital.<\/p>\n<p>Por \u00faltimo, Voces agreg\u00f3 que el 71 por ciento de los consumidores espera que las empresas ofrezcan interacciones personalizadas y el 76 por ciento se frustra cuando eso no sucede.<\/p>\n","protected":false},"excerpt":{"rendered":"<p>Invitada al pa\u00eds por ADOEXPO, Susana Voces es una joven con una brillante trayectoria en empresas de vanguardia, tecnolog\u00eda y conferencista, habl\u00f3 sobre la digitalizaci\u00f3n, la internacionalizaci\u00f3n de las pymes&hellip; <\/p>\n","protected":false},"author":2,"featured_media":16519,"comment_status":"closed","ping_status":"closed","sticky":false,"template":"","format":"standard","meta":{"fifu_image_url":"","fifu_image_alt":"","footnotes":""},"categories":[74],"tags":[],"class_list":["post-16517","post","type-post","status-publish","format-standard","has-post-thumbnail","hentry","category-comercio-internacional"],"_links":{"self":[{"href":"https:\/\/elmundodelosnegocios.com.do\/v1\/wp-json\/wp\/v2\/posts\/16517","targetHints":{"allow":["GET"]}}],"collection":[{"href":"https:\/\/elmundodelosnegocios.com.do\/v1\/wp-json\/wp\/v2\/posts"}],"about":[{"href":"https:\/\/elmundodelosnegocios.com.do\/v1\/wp-json\/wp\/v2\/types\/post"}],"author":[{"embeddable":true,"href":"https:\/\/elmundodelosnegocios.com.do\/v1\/wp-json\/wp\/v2\/users\/2"}],"replies":[{"embeddable":true,"href":"https:\/\/elmundodelosnegocios.com.do\/v1\/wp-json\/wp\/v2\/comments?post=16517"}],"version-history":[{"count":0,"href":"https:\/\/elmundodelosnegocios.com.do\/v1\/wp-json\/wp\/v2\/posts\/16517\/revisions"}],"wp:featuredmedia":[{"embeddable":true,"href":"https:\/\/elmundodelosnegocios.com.do\/v1\/wp-json\/wp\/v2\/media\/16519"}],"wp:attachment":[{"href":"https:\/\/elmundodelosnegocios.com.do\/v1\/wp-json\/wp\/v2\/media?parent=16517"}],"wp:term":[{"taxonomy":"category","embeddable":true,"href":"https:\/\/elmundodelosnegocios.com.do\/v1\/wp-json\/wp\/v2\/categories?post=16517"},{"taxonomy":"post_tag","embeddable":true,"href":"https:\/\/elmundodelosnegocios.com.do\/v1\/wp-json\/wp\/v2\/tags?post=16517"}],"curies":[{"name":"wp","href":"https:\/\/api.w.org\/{rel}","templated":true}]}}