{"id":16523,"date":"2022-04-17T10:22:30","date_gmt":"2022-04-17T14:52:30","guid":{"rendered":"https:\/\/elmundodelosnegocios.com.do\/v1\/?p=16523"},"modified":"2022-04-17T10:22:30","modified_gmt":"2022-04-17T14:52:30","slug":"2021-fue-el-ano-de-mayor-exportacion-de-cafe-en-rd-al-alcanzar-us12-2-millones","status":"publish","type":"post","link":"https:\/\/elmundodelosnegocios.com.do\/v1\/2021-fue-el-ano-de-mayor-exportacion-de-cafe-en-rd-al-alcanzar-us12-2-millones\/","title":{"rendered":"2021 fue el a\u00f1o de mayor exportaci\u00f3n de caf\u00e9 en RD al alcanzar US$12.2 millones"},"content":{"rendered":"<p>Santo Domingo.- El Centro de Exportaci\u00f3n e Inversi\u00f3n de la Rep\u00fablica Dominicana (ProDominicana) revel\u00f3 que el 2021 fue el a\u00f1o de mayor exportaci\u00f3n de caf\u00e9 en la Rep\u00fablica Dominicana, alcanzando los US$12.2 millones, mientras que, en los \u00faltimos cinco a\u00f1os, superaron los US$51.6 millones.<\/p>\n<p>Puerto Rico se ubica como el principal mercado para las exportaciones dominicanas de caf\u00e9. En el a\u00f1o 2021, las exportaciones de caf\u00e9 hacia Puerto Rico representaron un 26.4% con un valor de US$3.2 millones; seguido de Estados Unidos y B\u00e9lgica con valor de US$2.6 millones y US$1.1 millones, respectivamente.<\/p>\n<p>ProDominicana dedica el mes de abril a la celebraci\u00f3n y promoci\u00f3n de las exportaciones de caf\u00e9. Durante todo el mes, la instituci\u00f3n mantiene una exhibici\u00f3n abierta sobre Caf\u00e9 y Cacao, que concluye su exitosa participaci\u00f3n en la feria Specialty Coffee Expo en EE. UU.<\/p>\n<p>\u201cEl caf\u00e9 est\u00e1 anclado a la cultura dominicana. Durante el mes de abril pusimos en marcha una fiesta que reconoce la tradici\u00f3n, el valor cultural y el aporte de los productores cafetaleros de todo el pa\u00eds\u201d, resalt\u00f3 Riveiro.<\/p>\n<p>Quienes visiten las instalaciones de ProDominicana entrar\u00e1n en contacto con diversos tipos de caf\u00e9. Acceder\u00e1n a marcas tradicionales y artesanales de este producto y una variedad de formas de presentaci\u00f3n.<\/p>\n<p>\u201cCon tan buenos resultados en las exportaciones celebramos el D\u00eda Nacional del Caf\u00e9. A la vez, reafirmamos el compromiso de dinamizar la participaci\u00f3n cafetalera dominicana en los mercados internacionales, mediante el Plan Nacional de Fomento a las Exportaciones\u201d, agreg\u00f3 Riveiro.<\/p>\n<p>Otra feria que culmina con \u00e9xito<br \/>\nLa delegaci\u00f3n dominicana que particip\u00f3 en la feria internacional Specialty Caffee Expo, tuvo la oportunidad de entrar en contacto con productores, importadores y tomadores de decisi\u00f3n en torno a la producci\u00f3n de este fruto. A la vez, las empresas dominicanas participantes, presentando sus productos.<\/p>\n<p>Las empresas participantes cerraron importantes contratos de ventas luego de m\u00e1s de 130 reuniones comerciales. Cabe destacar que los productores participantes aprovecharon el espacio para adquirir equipos de nuevas tecnolog\u00edas.<\/p>\n<p>Las empresas dominicanas que estuvieron presente en Specialty Coffee Expo fueron, Instituto Dominicano del Caf\u00e9 (INDOCAFE), Belarmino Ram\u00edrez e Hijos, Caf\u00e9 Don Alfredo, Jos\u00e9 Paiewonsky e Hijos, Finca Dulcikafe, Caf\u00e9 el Cibao, Caf\u00e9 Samir, Monte Alegre, PUSHBOX\u00ae, Caf\u00e9 Santo Domingo, Bella Aldea, Poes\u00eda Colada, Mundo Marketing, entre otras.<\/p>\n","protected":false},"excerpt":{"rendered":"<p>Santo Domingo.- El Centro de Exportaci\u00f3n e Inversi\u00f3n de la Rep\u00fablica Dominicana (ProDominicana) revel\u00f3 que el 2021 fue el a\u00f1o de mayor exportaci\u00f3n de caf\u00e9 en la Rep\u00fablica Dominicana, alcanzando&hellip; <\/p>\n","protected":false},"author":2,"featured_media":16525,"comment_status":"closed","ping_status":"closed","sticky":false,"template":"","format":"standard","meta":{"fifu_image_url":"","fifu_image_alt":"","footnotes":""},"categories":[147],"tags":[],"class_list":["post-16523","post","type-post","status-publish","format-standard","has-post-thumbnail","hentry","category-comercio"],"_links":{"self":[{"href":"https:\/\/elmundodelosnegocios.com.do\/v1\/wp-json\/wp\/v2\/posts\/16523","targetHints":{"allow":["GET"]}}],"collection":[{"href":"https:\/\/elmundodelosnegocios.com.do\/v1\/wp-json\/wp\/v2\/posts"}],"about":[{"href":"https:\/\/elmundodelosnegocios.com.do\/v1\/wp-json\/wp\/v2\/types\/post"}],"author":[{"embeddable":true,"href":"https:\/\/elmundodelosnegocios.com.do\/v1\/wp-json\/wp\/v2\/users\/2"}],"replies":[{"embeddable":true,"href":"https:\/\/elmundodelosnegocios.com.do\/v1\/wp-json\/wp\/v2\/comments?post=16523"}],"version-history":[{"count":0,"href":"https:\/\/elmundodelosnegocios.com.do\/v1\/wp-json\/wp\/v2\/posts\/16523\/revisions"}],"wp:featuredmedia":[{"embeddable":true,"href":"https:\/\/elmundodelosnegocios.com.do\/v1\/wp-json\/wp\/v2\/media\/16525"}],"wp:attachment":[{"href":"https:\/\/elmundodelosnegocios.com.do\/v1\/wp-json\/wp\/v2\/media?parent=16523"}],"wp:term":[{"taxonomy":"category","embeddable":true,"href":"https:\/\/elmundodelosnegocios.com.do\/v1\/wp-json\/wp\/v2\/categories?post=16523"},{"taxonomy":"post_tag","embeddable":true,"href":"https:\/\/elmundodelosnegocios.com.do\/v1\/wp-json\/wp\/v2\/tags?post=16523"}],"curies":[{"name":"wp","href":"https:\/\/api.w.org\/{rel}","templated":true}]}}