{"id":16550,"date":"2022-04-18T12:30:11","date_gmt":"2022-04-18T17:00:11","guid":{"rendered":"https:\/\/elmundodelosnegocios.com.do\/v1\/?p=16550"},"modified":"2022-04-18T12:30:11","modified_gmt":"2022-04-18T17:00:11","slug":"inaugura-dufry-tienda-walkthrough-en-aeropuerto-internacional-de-las-americas","status":"publish","type":"post","link":"https:\/\/elmundodelosnegocios.com.do\/v1\/inaugura-dufry-tienda-walkthrough-en-aeropuerto-internacional-de-las-americas\/","title":{"rendered":"Inaugura Dufry tienda walkthrough en Aeropuerto Internacional de las Am\u00e9ricas"},"content":{"rendered":"<p>Tras la exitosa apertura de la tienda de salidas en el Aeropuerto Internacional Gregorio Luper\u00f3n con 1.442 m\u00b2 de espacio comercial en 2019 y la extensi\u00f3n por 10 a\u00f1os m\u00e1s su concesi\u00f3n de duty-free en el Aeropuerto Internacional y Puerto Mar\u00edtimo de La Romana. Dufry y Aerodom \u2013 Vinci inauguraron la nueva tienda walkthrough ubicada en la terminal de salidas del Aeropuerto Internacional De Las Am\u00e9ricas<\/p>\n<p>El acto inaugural cont\u00f3 con la presencia de Luis Abinader, Presidente de la Rep\u00fablica Dominicana as\u00ed como de Juan Carlos Carretero, Presidente de Dufry, Juan Antonio Nieto, COO de Dufry para el Caribe, Centroam\u00e9rica, M\u00e9xico y Cruceros. En representaci\u00f3n de Aerodom estuvieron Monika Infante, CEO de Aerodom y Nicolas Notebaert, presidente de Vinci Airports;<\/p>\n<div id='gallery-1' class='gallery galleryid-16550 gallery-columns-4 gallery-size-large'><figure class='gallery-item'>\n\t\t\t<div class='gallery-icon landscape'>\n\t\t\t\t<a href='https:\/\/elmundodelosnegocios.com.do\/v1\/wp-content\/uploads\/2022\/04\/0-4-1.jpg'><img loading=\"lazy\" decoding=\"async\" width=\"917\" height=\"609\" src=\"https:\/\/elmundodelosnegocios.com.do\/v1\/wp-content\/uploads\/2022\/04\/0-4-1.jpg\" class=\"attachment-large size-large\" alt=\"\" srcset=\"https:\/\/elmundodelosnegocios.com.do\/v1\/wp-content\/uploads\/2022\/04\/0-4-1.jpg 917w, https:\/\/elmundodelosnegocios.com.do\/v1\/wp-content\/uploads\/2022\/04\/0-4-1-300x199.jpg 300w, https:\/\/elmundodelosnegocios.com.do\/v1\/wp-content\/uploads\/2022\/04\/0-4-1-768x510.jpg 768w\" sizes=\"auto, (max-width: 917px) 100vw, 917px\" \/><\/a>\n\t\t\t<\/div><\/figure><figure class='gallery-item'>\n\t\t\t<div class='gallery-icon landscape'>\n\t\t\t\t<a href='https:\/\/elmundodelosnegocios.com.do\/v1\/wp-content\/uploads\/2022\/04\/0-5.jpg'><img loading=\"lazy\" decoding=\"async\" width=\"923\" height=\"611\" src=\"https:\/\/elmundodelosnegocios.com.do\/v1\/wp-content\/uploads\/2022\/04\/0-5.jpg\" class=\"attachment-large size-large\" alt=\"\" srcset=\"https:\/\/elmundodelosnegocios.com.do\/v1\/wp-content\/uploads\/2022\/04\/0-5.jpg 923w, https:\/\/elmundodelosnegocios.com.do\/v1\/wp-content\/uploads\/2022\/04\/0-5-300x199.jpg 300w, https:\/\/elmundodelosnegocios.com.do\/v1\/wp-content\/uploads\/2022\/04\/0-5-768x508.jpg 768w\" sizes=\"auto, (max-width: 923px) 100vw, 923px\" \/><\/a>\n\t\t\t<\/div><\/figure><figure class='gallery-item'>\n\t\t\t<div class='gallery-icon landscape'>\n\t\t\t\t<a href='https:\/\/elmundodelosnegocios.com.do\/v1\/wp-content\/uploads\/2022\/04\/0-6.jpg'><img loading=\"lazy\" decoding=\"async\" width=\"919\" height=\"610\" src=\"https:\/\/elmundodelosnegocios.com.do\/v1\/wp-content\/uploads\/2022\/04\/0-6.jpg\" class=\"attachment-large size-large\" alt=\"\" srcset=\"https:\/\/elmundodelosnegocios.com.do\/v1\/wp-content\/uploads\/2022\/04\/0-6.jpg 919w, https:\/\/elmundodelosnegocios.com.do\/v1\/wp-content\/uploads\/2022\/04\/0-6-300x199.jpg 300w, https:\/\/elmundodelosnegocios.com.do\/v1\/wp-content\/uploads\/2022\/04\/0-6-768x510.jpg 768w\" sizes=\"auto, (max-width: 919px) 100vw, 919px\" \/><\/a>\n\t\t\t<\/div><\/figure><figure class='gallery-item'>\n\t\t\t<div class='gallery-icon landscape'>\n\t\t\t\t<a href='https:\/\/elmundodelosnegocios.com.do\/v1\/wp-content\/uploads\/2022\/04\/0-7.jpg'><img loading=\"lazy\" decoding=\"async\" width=\"923\" height=\"611\" src=\"https:\/\/elmundodelosnegocios.com.do\/v1\/wp-content\/uploads\/2022\/04\/0-7.jpg\" class=\"attachment-large size-large\" alt=\"\" srcset=\"https:\/\/elmundodelosnegocios.com.do\/v1\/wp-content\/uploads\/2022\/04\/0-7.jpg 923w, https:\/\/elmundodelosnegocios.com.do\/v1\/wp-content\/uploads\/2022\/04\/0-7-300x199.jpg 300w, https:\/\/elmundodelosnegocios.com.do\/v1\/wp-content\/uploads\/2022\/04\/0-7-768x508.jpg 768w\" sizes=\"auto, (max-width: 923px) 100vw, 923px\" \/><\/a>\n\t\t\t<\/div><\/figure>\n\t\t<\/div>\n\n<p>Despu\u00e9s de los discursos, se invit\u00f3 a los invitados a visitar la nueva tienda, la cual ofrece vasta variedad donde encontrar\u00e1n distintas categor\u00edas de productos, como son; licor, perfumes y cosm\u00e9ticos, confiter\u00eda y tabaco. Esta selecci\u00f3n se ha adaptado para ofrecer una selecci\u00f3n refinada de comida local, rones y artesan\u00eda para brindar a los turistas un sentimiento de pertenencia, mientras regresan a casa desde Rep\u00fablica Dominicana.<\/p>\n<p>Juan Antonio Nieto expres\u00f3: \u201cNos llenamos de orgullo al inaugurar esta tienda en este Aeropuerto Internacional de Las Am\u00e9ricas que ser\u00e1 referente para el desarrollo de la Rep\u00fablica Dominicana y de todo el Caribe brindando a los pasajeros una experiencia de clase mundial a trav\u00e9s de los 1,780m\u00b2 de espacio comercial que esta tienda ofrece\u201d.<\/p>\n<p>Dufry, l\u00edder a nivel mundial, opera desde hace m\u00e1s de quince a\u00f1os en la Rep\u00fablica Dominicana. El Aeropuerto Internacional de Las Am\u00e9ricas es el centro principal recibiendo a m\u00e1s de 2 millones de pasajeros internacionales en 2019 s\u00f3lo en salidas y espera un aumento constante de pasajeros en el futuro.<\/p>\n<p>Adem\u00e1s del Aeropuerto Internacional de Las Am\u00e9ricas, la presencia de Dufry en la Rep\u00fablica Dominicana tambi\u00e9n incluye operaciones libres de impuestos en otros puertos internacionales a\u00e9reos y mar\u00edtimos como: Santiago, Puerto Plata, La Romana as\u00ed como en Saman\u00e1, Amber Cove y el puerto Taino Bay en Puerto Plata.<\/p>\n","protected":false},"excerpt":{"rendered":"<p>Tras la exitosa apertura de la tienda de salidas en el Aeropuerto Internacional Gregorio Luper\u00f3n con 1.442 m\u00b2 de espacio comercial en 2019 y la extensi\u00f3n por 10 a\u00f1os m\u00e1s&hellip; <\/p>\n","protected":false},"author":2,"featured_media":16551,"comment_status":"closed","ping_status":"closed","sticky":false,"template":"","format":"standard","meta":{"fifu_image_url":"","fifu_image_alt":"","footnotes":""},"categories":[157],"tags":[],"class_list":["post-16550","post","type-post","status-publish","format-standard","has-post-thumbnail","hentry","category-marketing"],"_links":{"self":[{"href":"https:\/\/elmundodelosnegocios.com.do\/v1\/wp-json\/wp\/v2\/posts\/16550","targetHints":{"allow":["GET"]}}],"collection":[{"href":"https:\/\/elmundodelosnegocios.com.do\/v1\/wp-json\/wp\/v2\/posts"}],"about":[{"href":"https:\/\/elmundodelosnegocios.com.do\/v1\/wp-json\/wp\/v2\/types\/post"}],"author":[{"embeddable":true,"href":"https:\/\/elmundodelosnegocios.com.do\/v1\/wp-json\/wp\/v2\/users\/2"}],"replies":[{"embeddable":true,"href":"https:\/\/elmundodelosnegocios.com.do\/v1\/wp-json\/wp\/v2\/comments?post=16550"}],"version-history":[{"count":0,"href":"https:\/\/elmundodelosnegocios.com.do\/v1\/wp-json\/wp\/v2\/posts\/16550\/revisions"}],"wp:featuredmedia":[{"embeddable":true,"href":"https:\/\/elmundodelosnegocios.com.do\/v1\/wp-json\/wp\/v2\/media\/16551"}],"wp:attachment":[{"href":"https:\/\/elmundodelosnegocios.com.do\/v1\/wp-json\/wp\/v2\/media?parent=16550"}],"wp:term":[{"taxonomy":"category","embeddable":true,"href":"https:\/\/elmundodelosnegocios.com.do\/v1\/wp-json\/wp\/v2\/categories?post=16550"},{"taxonomy":"post_tag","embeddable":true,"href":"https:\/\/elmundodelosnegocios.com.do\/v1\/wp-json\/wp\/v2\/tags?post=16550"}],"curies":[{"name":"wp","href":"https:\/\/api.w.org\/{rel}","templated":true}]}}