{"id":16559,"date":"2022-04-19T03:02:07","date_gmt":"2022-04-19T07:32:07","guid":{"rendered":"http:\/\/elmundodelosnegocios.com.do\/v1\/index.php\/2022\/04\/19\/superalimentos-peruanos-retornan-a-fruit-logistica\/"},"modified":"2022-04-19T03:02:07","modified_gmt":"2022-04-19T07:32:07","slug":"superalimentos-peruanos-retornan-a-fruit-logistica","status":"publish","type":"post","link":"https:\/\/elmundodelosnegocios.com.do\/v1\/superalimentos-peruanos-retornan-a-fruit-logistica\/","title":{"rendered":"Superalimentos peruanos retornan a Fruit Logistica"},"content":{"rendered":"<p>LIMA, Peru&#8211;(BUSINESS WIRE)&#8211;Per\u00fa particip\u00f3 de manera presencial del 5 al 7 de abril en la nueva edici\u00f3n de Fruit Logistica 2022, la feria berlinesa l\u00edder a nivel mundial de frutas y hortalizas frescas, inform\u00f3 la Comisi\u00f3n de Promoci\u00f3n del Per\u00fa para la Exportaci\u00f3n y el Turismo (PROMPER\u00da).<\/p>\n<p>\u201cEn esta oportunidad el objetivo comercial de Per\u00fa en la Fruit Logistica, ser\u00e1 alcanzar US$200 millones en expectativas de negocios para los pr\u00f3ximos 12 meses y generar 6,000 contactos comerciales con la delegaci\u00f3n peruana adem\u00e1s de consolidar una oferta exportable diversificada y de calidad\u201d, se\u00f1al\u00f3 la presidenta ejecutiva de PROMPER\u00da, Amora Carbajal.<\/p>\n<p>\u201cLa sostenibilidad en la oferta exportable peruana ser\u00e1 un elemento diferenciador en la feria, un pilar que se viene formando en nuestra sociedad y en los modelos de negocio de las empresas agroexportadoras peruanas, mejorando su competitividad y reduciendo los impactos ambientales a trav\u00e9s de una responsable gesti\u00f3n h\u00eddrica, manejo eficiente de la huella de carbono y de estrategias de comercio justo\u201d, refiri\u00f3 la titular de PROMPER\u00da.<\/p>\n<p>Fruit Logistica 2022 permiti\u00f3 consolidar el posicionamiento de las marcas sectoriales Super Food Peru, Pisco, Spirit of Peru y Caf\u00e9s del Per\u00fa. La campa\u00f1a de promoci\u00f3n comercial cont\u00f3 con activaciones y degustaciones en el pabell\u00f3n nacional de frutas ex\u00f3ticas y caf\u00e9s especiales, adem\u00e1s del pisco, y danzas regionales t\u00edpicas.<\/p>\n<p>La delegaci\u00f3n encabezada por PROMPER\u00da, estuvo integrada por el Ministerio de Agricultura y Riego (MIDAGRI), Sierra y Selva Exportadora y Agro Ideas, la Embajada de Per\u00fa en Alemania, directivos de gremios y la Asociaci\u00f3n de Gremios Productores Agrarios del Per\u00fa (AGAP).<\/p>\n<p>Exportaciones<\/p>\n<p>Las exportaciones peruanas del sector alimentos hacia la Uni\u00f3n Europea en el 2021 alcanzaron los US$3,432 millones creciendo en m\u00e1s del 13%. Entre los principales productos exportados est\u00e1n la paltas frescas o secas (US$604 millones \/ +32.3%), caf\u00e9 sin tostar (US$422 millones \/ +23.9%), ar\u00e1ndanos frescos (US$360 millones \/ +7.0%), uvas frescas (US$306 millones \/ +28.3%), mangos frescos (US$175 millones \/ +0.7%), entre otros.<\/p>\n<p>Por otro lado, las ventas al exterior de frutas y hortalizas ascendieron a US$2,103 millones en este mismo per\u00edodo, con un crecimiento de m\u00e1s del 17%, debido al notable desempe\u00f1o de Pa\u00edses Bajos (US$1,132 millones \/ +19.6%), Reino Unido (US$346 millones \/ +9.4%), Espa\u00f1a (US$324 millones \/ +22.5%) y Alemania (US$56 millones \/ +24.5%). Estos mercados concentran el 95% del valor exportado hacia la Uni\u00f3n Europea.<br \/>\n Contacts<br \/>\nJos\u00e9 Carlos Collazos \/ jcollazos@promperu.gob.pe<\/p>\n","protected":false},"excerpt":{"rendered":"<p>LIMA, Peru&#8211;(BUSINESS WIRE)&#8211;Per\u00fa particip\u00f3 de manera presencial del 5 al 7 de abril en la nueva edici\u00f3n de Fruit Logistica 2022, la feria berlinesa l\u00edder a nivel mundial de frutas&hellip; <\/p>\n","protected":false},"author":2,"featured_media":0,"comment_status":"closed","ping_status":"closed","sticky":false,"template":"","format":"standard","meta":{"fifu_image_url":"","fifu_image_alt":"","footnotes":""},"categories":[252],"tags":[253],"class_list":["post-16559","post","type-post","status-publish","format-standard","hentry","category-business-wire","tag-business-wire"],"_links":{"self":[{"href":"https:\/\/elmundodelosnegocios.com.do\/v1\/wp-json\/wp\/v2\/posts\/16559","targetHints":{"allow":["GET"]}}],"collection":[{"href":"https:\/\/elmundodelosnegocios.com.do\/v1\/wp-json\/wp\/v2\/posts"}],"about":[{"href":"https:\/\/elmundodelosnegocios.com.do\/v1\/wp-json\/wp\/v2\/types\/post"}],"author":[{"embeddable":true,"href":"https:\/\/elmundodelosnegocios.com.do\/v1\/wp-json\/wp\/v2\/users\/2"}],"replies":[{"embeddable":true,"href":"https:\/\/elmundodelosnegocios.com.do\/v1\/wp-json\/wp\/v2\/comments?post=16559"}],"version-history":[{"count":0,"href":"https:\/\/elmundodelosnegocios.com.do\/v1\/wp-json\/wp\/v2\/posts\/16559\/revisions"}],"wp:attachment":[{"href":"https:\/\/elmundodelosnegocios.com.do\/v1\/wp-json\/wp\/v2\/media?parent=16559"}],"wp:term":[{"taxonomy":"category","embeddable":true,"href":"https:\/\/elmundodelosnegocios.com.do\/v1\/wp-json\/wp\/v2\/categories?post=16559"},{"taxonomy":"post_tag","embeddable":true,"href":"https:\/\/elmundodelosnegocios.com.do\/v1\/wp-json\/wp\/v2\/tags?post=16559"}],"curies":[{"name":"wp","href":"https:\/\/api.w.org\/{rel}","templated":true}]}}