{"id":16570,"date":"2022-04-19T09:03:13","date_gmt":"2022-04-19T13:33:13","guid":{"rendered":"https:\/\/elmundodelosnegocios.com.do\/v1\/?p=16570"},"modified":"2022-04-19T09:03:13","modified_gmt":"2022-04-19T13:33:13","slug":"feria-del-libro-2022-dinamizara-el-turismo-literario-y-cultural-en-la-ciudad-colonial","status":"publish","type":"post","link":"https:\/\/elmundodelosnegocios.com.do\/v1\/feria-del-libro-2022-dinamizara-el-turismo-literario-y-cultural-en-la-ciudad-colonial\/","title":{"rendered":"Feria del Libro 2022 dinamizar\u00e1 el turismo literario y cultural en la Ciudad Colonial"},"content":{"rendered":"<p data-uw-styling-context=\"true\"><span data-uw-styling-context=\"true\">Santo Domingo. &#8211; Por ser considerada una de las zonas de mayor riqueza hist\u00f3rica y cultural del Nuevo Mundo, el\u00a0Ministerio de Cultura\u00a0volver\u00e1 a celebrar en la\u00a0Ciudad Colonial\u00a0la Feria Internacional del Libro Santo Domingo (FILSD).<\/span><\/p>\n<p data-uw-styling-context=\"true\"><span data-uw-styling-context=\"true\">La\u00a0<a href=\"https:\/\/presidencia.gob.do\/noticias\/ministerio-de-cultura-anuncia-celebracion-de-la-24a-feria-internacional-del-libro-santo\" data-uw-styling-context=\"true\"><strong data-uw-styling-context=\"true\">vig\u00e9sima cuarta edici\u00f3n<\/strong><\/a>\u00a0de esta fiesta literaria, que es una de las m\u00e1s importantes de Latinoam\u00e9rica, se desarrollar\u00e1\u00a0del 23 de abril al 2 de mayo\u00a0en este n\u00facleo urbano,\u00a0declarado por la UNESCO Patrimonio de la Humanidad.<\/span><\/p>\n<p data-uw-styling-context=\"true\">El escritor\u00a0Rey And\u00fajar, productor general del evento, asegur\u00f3 que con esta iniciativa se pretende proyectar el legado cultural del casco hist\u00f3rico de Santo Domingo, el cual ha sido difundido por importantes autores nacionales e internacionales en sus obras, al tratarse de la\u00a0primera ciudad fundada en Am\u00e9rica.<\/p>\n<p data-uw-styling-context=\"true\">Del mismo modo, a\u00f1adi\u00f3 que all\u00ed se encuentra el\u00a0circuito de museos estatales\u00a0que exhiben colecciones con un importante valor hist\u00f3rico-cultural para la humanidad, tales como el Alc\u00e1zar de Col\u00f3n, el Museo de las Casas Reales, el Museo de las Atarazanas Reales, la Casa de Tostado, el Museo Trampol\u00edn y la Fortaleza Ozama, entre otros espacios.<\/p>\n<p data-uw-styling-context=\"true\">\u201cEstamos conscientes de la riqueza patrimonial de la Ciudad Colonial, por lo que queremos convertir esta fiesta del libro no solo en una plataforma para la difusi\u00f3n literaria, sino tambi\u00e9n para la proyecci\u00f3n de la cultura dominicana y de Am\u00e9rica\u201d, manifest\u00f3 And\u00fajar.<\/p>\n<p data-uw-styling-context=\"true\"><img loading=\"lazy\" decoding=\"async\" src=\"https:\/\/presidencia.gob.do\/sites\/default\/files\/content\/Foto%204%20%282%29.JPG\" alt=\"\" width=\"1500\" height=\"1000\" data-entity-type=\"file\" data-entity-uuid=\"33703bdf-ff88-4761-9c6f-bc8a19bb4dd5\" data-uw-styling-context=\"true\" \/><\/p>\n<h5 data-uw-styling-context=\"true\"><span data-uw-styling-context=\"true\"><strong data-uw-styling-context=\"true\">FILSD 2022 dinamizar\u00e1 el comercio en la Zona Colonial<\/strong><\/span><\/h5>\n<p data-uw-styling-context=\"true\">Rey And\u00fajar indic\u00f3, adem\u00e1s, que en esta ocasi\u00f3n se busca contribuir a\u00fan m\u00e1s a la\u00a0dinamizaci\u00f3n de la actividad comercial\u00a0en la\u00a0<a data-uw-styling-context=\"true\">Ciudad Colonial<\/a>, por lo que se limitar\u00e1 el establecimiento de comercios dedicados al expendio de comida en el recinto ferial, con el fin de estimular que los visitantes locales y extranjeros disfruten de la experiencia gastron\u00f3mica que ofrecen los\u00a0restaurantes de la zona.<\/p>\n<p data-uw-styling-context=\"true\">\u201cEsta es una de las iniciativas del gobierno dominicano, a trav\u00e9s del Ministerio de Cultura, en procura de la reactivaci\u00f3n econ\u00f3mica del pa\u00eds, la cual se ha visto tan afectada por causa de los estragos de la pandemia del COVID-19\u201d, destac\u00f3 el productor general de la FILSD.<\/p>\n<p data-uw-styling-context=\"true\">Asimismo, inform\u00f3 que para esta edici\u00f3n no se van a construir pabellones ni casetas<em data-uw-styling-context=\"true\">,<\/em>\u00a0sino que\u00a0ser\u00e1n rentadas carpas\u00a0para ahorrar recursos y facilitar el desmontaje, luego de concluido el magno evento.<\/p>\n<p data-uw-styling-context=\"true\">Del mismo modo, And\u00fajar subray\u00f3 que se\u00a0aprovechar\u00e1n las infraestructuras\u00a0que se encuentran en el per\u00edmetro del recinto\u00a0ferial\u00a0para convertirlas en pabellones provisionales, con el prop\u00f3sito de incentivar al p\u00fablico a participar de la programaci\u00f3n del evento, y que, a la vez,\u00a0conozca m\u00e1s sobre el legado hist\u00f3rico\u00a0que se exhibe en los museos e instituciones culturales que se ubican en el mismo.<\/p>\n<p data-uw-styling-context=\"true\"><span data-uw-styling-context=\"true\">Para estos fines, explic\u00f3 que se han realizado mejoras en las infraestructuras de importantes recintos, como en la Sociedad Dominicana de Bibli\u00f3filos, el Museo Trampol\u00edn y el Museo de las Casas Reales.<\/span><\/p>\n<p data-uw-styling-context=\"true\">\u201cDel mismo modo, hemos instalado un columpio para ni\u00f1os con condiciones de discapacidad en el Museo Trampol\u00edn, el cual dejaremos habilitado de forma permanente en este espacio, en nuestro inter\u00e9s por incentivar la inclusi\u00f3n\u201d, concluy\u00f3.<\/p>\n<blockquote data-uw-styling-context=\"true\">\n<p data-uw-styling-context=\"true\"><img loading=\"lazy\" decoding=\"async\" src=\"https:\/\/presidencia.gob.do\/sites\/default\/files\/content\/Foto%201%20%285%29.JPG\" alt=\"\" width=\"1266\" height=\"1000\" data-entity-type=\"file\" data-entity-uuid=\"9eeb084e-ab76-4de6-a85f-0176ed762fb0\" data-uw-styling-context=\"true\" \/><\/p>\n<\/blockquote>\n<h5 data-uw-styling-context=\"true\"><span data-uw-styling-context=\"true\"><strong data-uw-styling-context=\"true\">Cierre de algunas calles de la Ciudad Colonial<\/strong><\/span><\/h5>\n<p data-uw-styling-context=\"true\">Se recuerda que el Ministerio de Cultura y el INTRANT dispusieron\u00a0el\u00a0<a href=\"https:\/\/presidencia.gob.do\/noticias\/cultura-y-el-intrant-cerraran-partir-de-este-lunes-calles-ciudad-colonial-por-celebracion\" data-uw-styling-context=\"true\">cierre<\/a>, a partir de hoy lunes, de algunas de las calles\u00a0de la Ciudad Colonial con motivo de la celebraci\u00f3n del magno evento ferial.<\/p>\n<p data-uw-styling-context=\"true\">Las v\u00edas que permanecer\u00e1n cerradas\u00a0hasta el viernes 6 de mayo\u00a0son las calles Las Damas e Isabel la Cat\u00f3lica, desde la intersecci\u00f3n de las mismas con la calle Padre Billini hasta la esquina con la calle Las Mercedes.<\/p>\n","protected":false},"excerpt":{"rendered":"<p>Santo Domingo. &#8211; Por ser considerada una de las zonas de mayor riqueza hist\u00f3rica y cultural del Nuevo Mundo, el\u00a0Ministerio de Cultura\u00a0volver\u00e1 a celebrar en la\u00a0Ciudad Colonial\u00a0la Feria Internacional del&hellip; <\/p>\n","protected":false},"author":2,"featured_media":16572,"comment_status":"closed","ping_status":"closed","sticky":false,"template":"","format":"standard","meta":{"fifu_image_url":"","fifu_image_alt":"","footnotes":""},"categories":[172],"tags":[],"class_list":["post-16570","post","type-post","status-publish","format-standard","has-post-thumbnail","hentry","category-turismo"],"_links":{"self":[{"href":"https:\/\/elmundodelosnegocios.com.do\/v1\/wp-json\/wp\/v2\/posts\/16570","targetHints":{"allow":["GET"]}}],"collection":[{"href":"https:\/\/elmundodelosnegocios.com.do\/v1\/wp-json\/wp\/v2\/posts"}],"about":[{"href":"https:\/\/elmundodelosnegocios.com.do\/v1\/wp-json\/wp\/v2\/types\/post"}],"author":[{"embeddable":true,"href":"https:\/\/elmundodelosnegocios.com.do\/v1\/wp-json\/wp\/v2\/users\/2"}],"replies":[{"embeddable":true,"href":"https:\/\/elmundodelosnegocios.com.do\/v1\/wp-json\/wp\/v2\/comments?post=16570"}],"version-history":[{"count":0,"href":"https:\/\/elmundodelosnegocios.com.do\/v1\/wp-json\/wp\/v2\/posts\/16570\/revisions"}],"wp:featuredmedia":[{"embeddable":true,"href":"https:\/\/elmundodelosnegocios.com.do\/v1\/wp-json\/wp\/v2\/media\/16572"}],"wp:attachment":[{"href":"https:\/\/elmundodelosnegocios.com.do\/v1\/wp-json\/wp\/v2\/media?parent=16570"}],"wp:term":[{"taxonomy":"category","embeddable":true,"href":"https:\/\/elmundodelosnegocios.com.do\/v1\/wp-json\/wp\/v2\/categories?post=16570"},{"taxonomy":"post_tag","embeddable":true,"href":"https:\/\/elmundodelosnegocios.com.do\/v1\/wp-json\/wp\/v2\/tags?post=16570"}],"curies":[{"name":"wp","href":"https:\/\/api.w.org\/{rel}","templated":true}]}}