{"id":16574,"date":"2022-04-19T15:01:54","date_gmt":"2022-04-19T19:31:54","guid":{"rendered":"https:\/\/elmundodelosnegocios.com.do\/v1\/?p=16574"},"modified":"2022-04-19T15:01:54","modified_gmt":"2022-04-19T19:31:54","slug":"exportaciones-de-zonas-francas-registran-dinamico-crecimiento-entre-enero-marzo-de-2022","status":"publish","type":"post","link":"https:\/\/elmundodelosnegocios.com.do\/v1\/exportaciones-de-zonas-francas-registran-dinamico-crecimiento-entre-enero-marzo-de-2022\/","title":{"rendered":"Exportaciones de Zonas Francas registran din\u00e1mico crecimiento entre enero-marzo de 2022"},"content":{"rendered":"<p>Santo Domingo.- Durante el primer trimestre del presente a\u00f1o 2022, las exportaciones del sector zonas francas continuaron experimentando un extraordinario y din\u00e1mico crecimiento.<\/p>\n<p>De acuerdo con declaraciones del director ejecutivo del Consejo Nacional de Zonas Francas de Exportaci\u00f3n (CNZFE), Daniel Liranzo, durante el periodo enero \u2013 marzo de 2022, el valor de las exportaciones de zonas francas registr\u00f3 un crecimiento de 12%, en relaci\u00f3n con igual periodo del a\u00f1o 2021, alcanzando la cifra de US$1,848.3 millones. Dicho valor exportado representa el 60.8% de las exportaciones totales del pa\u00eds, durante el referido trimestre.<\/p>\n<p>Liranzo manifest\u00f3 que, de acuerdo con cifras preliminares de la Direcci\u00f3n General de Aduanas, pr\u00e1cticamente todos los sectores productivos de zonas francas registraron incrementos en el valor de sus exportaciones en dicho periodo, destac\u00e1ndose los siguientes sectores: Joyer\u00eda, Confecciones y Textiles, Productos M\u00e9dicos, Productos El\u00e9ctricos y Electr\u00f3nicos, Manufactura de Tabaco, entre otros.<\/p>\n<p>Asimismo, destac\u00f3 que, por primera vez en la historia de las zonas francas, las exportaciones sobrepasaron la cifra de los US$700 millones en un mes. Esto qued\u00f3 evidenciado en el mes de marzo del presente a\u00f1o, al alcanzar una cifra r\u00e9cord de unos US$727.9 millones.<\/p>\n<p>Finalmente, puntualiz\u00f3 que este crecimiento ha sido producto del momento de reactivaci\u00f3n comercial que se vive dentro del sector, inducido por la demanda internacional de mercanc\u00edas, en uni\u00f3n al apoyo y excelente clima de inversiones que ha propiciado el actual gobierno, encabezado por el presidente de la Rep\u00fablica, Lic. Luis Abinader Corona.<\/p>\n","protected":false},"excerpt":{"rendered":"<p>Santo Domingo.- Durante el primer trimestre del presente a\u00f1o 2022, las exportaciones del sector zonas francas continuaron experimentando un extraordinario y din\u00e1mico crecimiento. De acuerdo con declaraciones del director ejecutivo&hellip; <\/p>\n","protected":false},"author":2,"featured_media":16576,"comment_status":"closed","ping_status":"closed","sticky":false,"template":"","format":"standard","meta":{"fifu_image_url":"","fifu_image_alt":"","footnotes":""},"categories":[150],"tags":[],"class_list":["post-16574","post","type-post","status-publish","format-standard","has-post-thumbnail","hentry","category-exportaciones"],"_links":{"self":[{"href":"https:\/\/elmundodelosnegocios.com.do\/v1\/wp-json\/wp\/v2\/posts\/16574","targetHints":{"allow":["GET"]}}],"collection":[{"href":"https:\/\/elmundodelosnegocios.com.do\/v1\/wp-json\/wp\/v2\/posts"}],"about":[{"href":"https:\/\/elmundodelosnegocios.com.do\/v1\/wp-json\/wp\/v2\/types\/post"}],"author":[{"embeddable":true,"href":"https:\/\/elmundodelosnegocios.com.do\/v1\/wp-json\/wp\/v2\/users\/2"}],"replies":[{"embeddable":true,"href":"https:\/\/elmundodelosnegocios.com.do\/v1\/wp-json\/wp\/v2\/comments?post=16574"}],"version-history":[{"count":0,"href":"https:\/\/elmundodelosnegocios.com.do\/v1\/wp-json\/wp\/v2\/posts\/16574\/revisions"}],"wp:featuredmedia":[{"embeddable":true,"href":"https:\/\/elmundodelosnegocios.com.do\/v1\/wp-json\/wp\/v2\/media\/16576"}],"wp:attachment":[{"href":"https:\/\/elmundodelosnegocios.com.do\/v1\/wp-json\/wp\/v2\/media?parent=16574"}],"wp:term":[{"taxonomy":"category","embeddable":true,"href":"https:\/\/elmundodelosnegocios.com.do\/v1\/wp-json\/wp\/v2\/categories?post=16574"},{"taxonomy":"post_tag","embeddable":true,"href":"https:\/\/elmundodelosnegocios.com.do\/v1\/wp-json\/wp\/v2\/tags?post=16574"}],"curies":[{"name":"wp","href":"https:\/\/api.w.org\/{rel}","templated":true}]}}