{"id":16578,"date":"2022-04-19T15:04:27","date_gmt":"2022-04-19T19:34:27","guid":{"rendered":"https:\/\/elmundodelosnegocios.com.do\/v1\/?p=16578"},"modified":"2022-04-19T15:04:27","modified_gmt":"2022-04-19T19:34:27","slug":"rd-participa-en-la-feria-de-innovacion-y-tecnologia-emerge-americas","status":"publish","type":"post","link":"https:\/\/elmundodelosnegocios.com.do\/v1\/rd-participa-en-la-feria-de-innovacion-y-tecnologia-emerge-americas\/","title":{"rendered":"RD participa en la feria de innovaci\u00f3n y tecnolog\u00eda Emerge Am\u00e9ricas"},"content":{"rendered":"<p>Santo Domingo.- A trav\u00e9s del Centro de Exportaci\u00f3n e Inversi\u00f3n de la Rep\u00fablica Dominicana (ProDominicana), el pa\u00eds participa en la feria de innovaci\u00f3n y tecnolog\u00eda Emerge Am\u00e9ricas, en Miami Beach, Florida, como parte de la primera edici\u00f3n de la Misi\u00f3n Tecnol\u00f3gica y Startups que organiza la C\u00e1mara Americana de Comercio (AMCHAMDR).<\/p>\n<p>Emerge atrae la presencia de alrededor de 16,000 visitantes, cerca de 4,000 empresas y startups de 40 pa\u00edses y unos 250 conferencistas. Esto le convierte en el mayor evento de innovaci\u00f3n y tecnolog\u00eda de la Florida.<\/p>\n<p>\u201cNuestro pa\u00eds est\u00e1 dando los pasos correctos para transformar su estructura productiva. Las nuevas tecnolog\u00edas y la innovaci\u00f3n forman parte del enfoque de desarrollo que estamos abordando. Emerge representa una oportunidad para identificar tendencias globales, establecer redes de contacto y exponer los productos locales\u201d, dijo Biviana Riveiro Disla, directora ejecutiva de ProDominicana.<\/p>\n<p>\u201cJunto con AMCHAMDR agotaremos una agenda de reuniones, visitas y espacios de identificaci\u00f3n de oportunidades. La meta es incrementar la participaci\u00f3n de las empresas dominicanas en las corrientes de innovaci\u00f3n y tecnolog\u00eda que est\u00e1n impulsando los cambios globales v\u00eda las industrias 4.0\u201d, agreg\u00f3.<\/p>\n<p>Las seis empresas dominicanas que participan en la feria son: TCO Networks, LAB-Bee Educational TechMakers, Botpro SRL. Tambi\u00e9n participar\u00e1n NAP del Caribe, MIO y Yoyo.<\/p>\n","protected":false},"excerpt":{"rendered":"<p>Santo Domingo.- A trav\u00e9s del Centro de Exportaci\u00f3n e Inversi\u00f3n de la Rep\u00fablica Dominicana (ProDominicana), el pa\u00eds participa en la feria de innovaci\u00f3n y tecnolog\u00eda Emerge Am\u00e9ricas, en Miami Beach,&hellip; <\/p>\n","protected":false},"author":2,"featured_media":16579,"comment_status":"closed","ping_status":"closed","sticky":false,"template":"","format":"standard","meta":{"fifu_image_url":"","fifu_image_alt":"","footnotes":""},"categories":[166],"tags":[],"class_list":["post-16578","post","type-post","status-publish","format-standard","has-post-thumbnail","hentry","category-tecnologia"],"_links":{"self":[{"href":"https:\/\/elmundodelosnegocios.com.do\/v1\/wp-json\/wp\/v2\/posts\/16578","targetHints":{"allow":["GET"]}}],"collection":[{"href":"https:\/\/elmundodelosnegocios.com.do\/v1\/wp-json\/wp\/v2\/posts"}],"about":[{"href":"https:\/\/elmundodelosnegocios.com.do\/v1\/wp-json\/wp\/v2\/types\/post"}],"author":[{"embeddable":true,"href":"https:\/\/elmundodelosnegocios.com.do\/v1\/wp-json\/wp\/v2\/users\/2"}],"replies":[{"embeddable":true,"href":"https:\/\/elmundodelosnegocios.com.do\/v1\/wp-json\/wp\/v2\/comments?post=16578"}],"version-history":[{"count":0,"href":"https:\/\/elmundodelosnegocios.com.do\/v1\/wp-json\/wp\/v2\/posts\/16578\/revisions"}],"wp:featuredmedia":[{"embeddable":true,"href":"https:\/\/elmundodelosnegocios.com.do\/v1\/wp-json\/wp\/v2\/media\/16579"}],"wp:attachment":[{"href":"https:\/\/elmundodelosnegocios.com.do\/v1\/wp-json\/wp\/v2\/media?parent=16578"}],"wp:term":[{"taxonomy":"category","embeddable":true,"href":"https:\/\/elmundodelosnegocios.com.do\/v1\/wp-json\/wp\/v2\/categories?post=16578"},{"taxonomy":"post_tag","embeddable":true,"href":"https:\/\/elmundodelosnegocios.com.do\/v1\/wp-json\/wp\/v2\/tags?post=16578"}],"curies":[{"name":"wp","href":"https:\/\/api.w.org\/{rel}","templated":true}]}}