{"id":16594,"date":"2022-04-20T11:00:34","date_gmt":"2022-04-20T15:30:34","guid":{"rendered":"https:\/\/elmundodelosnegocios.com.do\/v1\/?p=16594"},"modified":"2022-04-20T11:00:34","modified_gmt":"2022-04-20T15:30:34","slug":"desde-espana-imparten-diplomado-80-facilitadores-comunidades-de-cuidado","status":"publish","type":"post","link":"https:\/\/elmundodelosnegocios.com.do\/v1\/desde-espana-imparten-diplomado-80-facilitadores-comunidades-de-cuidado\/","title":{"rendered":"Desde Espa\u00f1a imparten diplomado 80 facilitadores Comunidades de Cuidado"},"content":{"rendered":"<p>El Instituto Nacional de Formaci\u00f3n T\u00e9cnico Profesional (INFOTEP) dio inicio al diplomado internacional \u201cFormador de Formadores del Personal Sociosanitario\u201d, para capacitar a 80 facilitadores del programa Comunidades de Cuidado, un proyecto desarrollado junto al Ministerio de Econom\u00eda, Planificaci\u00f3n y Desarrollo y Sup\u00e9rate.<\/p>\n<p>Con esta capacitaci\u00f3n, el INFOTEP fortalece su oferta de formaci\u00f3n t\u00e9cnica para la atenci\u00f3n a la primera infancia, es decir, al cuidado de ni\u00f1os y ni\u00f1as de 0-5 a\u00f1os, cuidado del adulto mayor, servicios auxiliares en limpieza dom\u00e9stica y servicios b\u00e1sicos de cocina dom\u00e9stica.<\/p>\n<div id='gallery-1' class='gallery galleryid-16594 gallery-columns-2 gallery-size-large'><figure class='gallery-item'>\n\t\t\t<div class='gallery-icon landscape'>\n\t\t\t\t<a href='https:\/\/elmundodelosnegocios.com.do\/v1\/wp-content\/uploads\/2022\/04\/0-2-4.jpg'><img loading=\"lazy\" decoding=\"async\" width=\"1000\" height=\"667\" src=\"https:\/\/elmundodelosnegocios.com.do\/v1\/wp-content\/uploads\/2022\/04\/0-2-4.jpg\" class=\"attachment-large size-large\" alt=\"\" srcset=\"https:\/\/elmundodelosnegocios.com.do\/v1\/wp-content\/uploads\/2022\/04\/0-2-4.jpg 1000w, https:\/\/elmundodelosnegocios.com.do\/v1\/wp-content\/uploads\/2022\/04\/0-2-4-300x200.jpg 300w, https:\/\/elmundodelosnegocios.com.do\/v1\/wp-content\/uploads\/2022\/04\/0-2-4-768x512.jpg 768w\" sizes=\"auto, (max-width: 1000px) 100vw, 1000px\" \/><\/a>\n\t\t\t<\/div><\/figure><figure class='gallery-item'>\n\t\t\t<div class='gallery-icon landscape'>\n\t\t\t\t<a href='https:\/\/elmundodelosnegocios.com.do\/v1\/wp-content\/uploads\/2022\/04\/0-1-6.jpg'><img loading=\"lazy\" decoding=\"async\" width=\"1000\" height=\"667\" src=\"https:\/\/elmundodelosnegocios.com.do\/v1\/wp-content\/uploads\/2022\/04\/0-1-6.jpg\" class=\"attachment-large size-large\" alt=\"\" srcset=\"https:\/\/elmundodelosnegocios.com.do\/v1\/wp-content\/uploads\/2022\/04\/0-1-6.jpg 1000w, https:\/\/elmundodelosnegocios.com.do\/v1\/wp-content\/uploads\/2022\/04\/0-1-6-300x200.jpg 300w, https:\/\/elmundodelosnegocios.com.do\/v1\/wp-content\/uploads\/2022\/04\/0-1-6-768x512.jpg 768w\" sizes=\"auto, (max-width: 1000px) 100vw, 1000px\" \/><\/a>\n\t\t\t<\/div><\/figure>\n\t\t<\/div>\n\n<p>El acto de apertura estuvo encabezado por el director general del INFOTEP, Rafael Santos Bad\u00eda; la directora general de Sup\u00e9rate, Gloria Reyes y la directora general de ASISPA, Elena Sampedro, quienes destacaron la importancia de esta capacitaci\u00f3n como parte de las acciones para mejorar la calidad de vida de las personas que requieren atenci\u00f3n especializada; en el marco de la estrategia del Gobierno Central para implementar una Pol\u00edtica Nacional de Cuidados.<\/p>\n<p>Santos Bad\u00eda, explic\u00f3 que la metodolog\u00eda del diplomado se asienta en un enfoque activo y participativo, motivando e implicando al participante en la adquisici\u00f3n de los aprendizajes.<\/p>\n<p>\u201cA partir de hoy, estaremos especializando a un cuerpo docente que proporcionar\u00e1 la formaci\u00f3n de cuidadores de ni\u00f1os y personas envejecientes, dise\u00f1ando, planificando y ejecutando acciones formativas. Alcanzar\u00e1 a m\u00e1s de 4,000 familias\u201d, dijo.<\/p>\n<p>De su lado, Gloria Reyes, inform\u00f3 que con este proyecto de Comunidades de Cuidado se robustece la protecci\u00f3n social en el pa\u00eds y que este, a su vez, pretende que a las mujeres y hombres que cuidan de personas mayores y de discapacitados se les reconozca por primera vez la labor que realizan. \u201cEs un salto gigantesco a la significaci\u00f3n de esta faena\u201d, resalt\u00f3.<\/p>\n<p>Asimismo, Elena Sampedro, directora general de ASISPA agradeci\u00f3 al INFOTEP, al Gobierno dominicano y a Sup\u00e9rate por el proyecto llevado a cabo, pensando en formar a personas que atiendan de la mejor manera con profesionalidad y calidad a los m\u00e1s vulnerables.<\/p>\n<p>Esta capacitaci\u00f3n, impartida por la organizaci\u00f3n internacional especializada ASISPA, procura dotar a los formadores de docentes de los conocimientos, herramientas y habilidades necesarias para llevar a cabo la planificaci\u00f3n, impartici\u00f3n y tutorizaci\u00f3n de las acciones formativas al personal que cuida a personas en condici\u00f3n de vulnerabilidad.<\/p>\n<p>Adem\u00e1s, incluye en su cuadro de facilitadores, a profesionales del sector sociosanitario, con amplia trayectoria acad\u00e9mica y experiencia en la atenci\u00f3n a adultos mayores, personas con necesidades especiales y menores de 0 a 5 a\u00f1os.<\/p>\n<p>El diplomado ser\u00e1 virtual, impartido desde Madrid, Espa\u00f1a, y contempla 10 m\u00f3dulos donde el docente aprender\u00e1 a incorporar la tecnolog\u00eda en el proceso de ense\u00f1anza-aprendizaje, comunicaci\u00f3n verbal y no verbal, resoluci\u00f3n de conflictos, comunicaci\u00f3n adaptada a diferentes patolog\u00edas, atenci\u00f3n centrada en la persona, entre otros aspectos.<\/p>\n<p>Programa Comunidades de Cuidado<\/p>\n<p>Comunidades de Cuidado es un programa intersectorial que busca dar respuesta a las necesidades especiales de la poblaci\u00f3n en condici\u00f3n de cuidado en zonas vulnerables.<\/p>\n<p>Parte del objetivo de este proyecto es capacitar a 3 mil 200 personas para realizar servicios de cuidado, tanto a ni\u00f1os como a envejecientes, incluyendo formaci\u00f3n de supervisores, facilitadores y la validaci\u00f3n de personas que realizar\u00e1n directamente este oficio de cuidado en comunidades identificadas.<\/p>\n<p>El proyecto, que se desarrollar\u00e1 en los municipios de Santo Domingo Este, Azua de Compostela, B\u00e1nica y El\u00edas Pi\u00f1a, alcanzar\u00e1 a hogares pobres y vulnerables; primera infancia y a personas que se dedican a labores de cuidado de manera remunerada y no remunerada.<\/p>\n","protected":false},"excerpt":{"rendered":"<p>El Instituto Nacional de Formaci\u00f3n T\u00e9cnico Profesional (INFOTEP) dio inicio al diplomado internacional \u201cFormador de Formadores del Personal Sociosanitario\u201d, para capacitar a 80 facilitadores del programa Comunidades de Cuidado, un&hellip; <\/p>\n","protected":false},"author":2,"featured_media":16596,"comment_status":"closed","ping_status":"closed","sticky":false,"template":"","format":"standard","meta":{"fifu_image_url":"","fifu_image_alt":"","footnotes":""},"categories":[151],"tags":[],"class_list":["post-16594","post","type-post","status-publish","format-standard","has-post-thumbnail","hentry","category-gerencia"],"_links":{"self":[{"href":"https:\/\/elmundodelosnegocios.com.do\/v1\/wp-json\/wp\/v2\/posts\/16594","targetHints":{"allow":["GET"]}}],"collection":[{"href":"https:\/\/elmundodelosnegocios.com.do\/v1\/wp-json\/wp\/v2\/posts"}],"about":[{"href":"https:\/\/elmundodelosnegocios.com.do\/v1\/wp-json\/wp\/v2\/types\/post"}],"author":[{"embeddable":true,"href":"https:\/\/elmundodelosnegocios.com.do\/v1\/wp-json\/wp\/v2\/users\/2"}],"replies":[{"embeddable":true,"href":"https:\/\/elmundodelosnegocios.com.do\/v1\/wp-json\/wp\/v2\/comments?post=16594"}],"version-history":[{"count":0,"href":"https:\/\/elmundodelosnegocios.com.do\/v1\/wp-json\/wp\/v2\/posts\/16594\/revisions"}],"wp:featuredmedia":[{"embeddable":true,"href":"https:\/\/elmundodelosnegocios.com.do\/v1\/wp-json\/wp\/v2\/media\/16596"}],"wp:attachment":[{"href":"https:\/\/elmundodelosnegocios.com.do\/v1\/wp-json\/wp\/v2\/media?parent=16594"}],"wp:term":[{"taxonomy":"category","embeddable":true,"href":"https:\/\/elmundodelosnegocios.com.do\/v1\/wp-json\/wp\/v2\/categories?post=16594"},{"taxonomy":"post_tag","embeddable":true,"href":"https:\/\/elmundodelosnegocios.com.do\/v1\/wp-json\/wp\/v2\/tags?post=16594"}],"curies":[{"name":"wp","href":"https:\/\/api.w.org\/{rel}","templated":true}]}}