{"id":16626,"date":"2022-04-21T09:45:58","date_gmt":"2022-04-21T14:15:58","guid":{"rendered":"https:\/\/elmundodelosnegocios.com.do\/v1\/?p=16626"},"modified":"2022-04-21T09:45:58","modified_gmt":"2022-04-21T14:15:58","slug":"realizan-evento-makers-con-proposito-durante-la-semana-de-la-innovacion-dominicana-innova-2022","status":"publish","type":"post","link":"https:\/\/elmundodelosnegocios.com.do\/v1\/realizan-evento-makers-con-proposito-durante-la-semana-de-la-innovacion-dominicana-innova-2022\/","title":{"rendered":"Realizan evento Makers con Prop\u00f3sito durante la semana de la innovaci\u00f3n \u201cDominicana Innova 2022\u201d"},"content":{"rendered":"<p>Santo Domingo. \u2013 La Oficina Gubernamental de Tecnolog\u00edas de la Informaci\u00f3n y Comunicaci\u00f3n (OGTIC), a trav\u00e9s del Laboratorio de Innovaci\u00f3n Digital de la Rep\u00fablica Dominicana, realiza durante la semana de la innovaci\u00f3n \u201cDominicana Innova 2022\u201d, el evento \u201cMakers con Prop\u00f3sito\u201d.<\/p>\n<p>Se trata de un espacio de fomento a la innovaci\u00f3n, y que tiene como principal objetivo fortalecer a los participantes en el uso correcto de las tecnolog\u00edas para la resoluci\u00f3n de problemas, especialmente a las personas con discapacidad, para as\u00ed promover las TIC como herramienta de inclusi\u00f3n social.<\/p>\n<p>Durante el desarrollo de la actividad, se llevar\u00e1n a cabo conferencias y encuentros que ir\u00e1n en busca de crear y difundir soluciones para los retos desatendidos de las personas con discapacidad, haciendo hincapi\u00e9 en la generaci\u00f3n de contenidos, conocimientos y capacidades de las personas para su utilizaci\u00f3n.<\/p>\n<p>El director general de OGTIC, Pedro Quezada, inform\u00f3 que todo est\u00e1 construido con la inclusi\u00f3n como centro, de forma que pueda atraer a nuevos p\u00fablicos y aliados, principalmente aquellos alejados de la tecnolog\u00eda, implicar a nuevos agentes e instituciones en el proceso de co-creaci\u00f3n y visibilizar la transformaci\u00f3n digital, sin dejar a nadie atr\u00e1s.<\/p>\n<p>Quezada indic\u00f3 que esta semana dedicada a la innovaci\u00f3n cuenta con el apoyo de diversas entidades gubernamentales, entre ellas el Ministerio de Administraci\u00f3n P\u00fablica, el Ministerio Administrativo de la Presidencia, el Ministerio de la Juventud, el Instituto Dominicano de las Telecomunicaciones (INDOTEL), el Gabinete de Innovaci\u00f3n, el Consejo Nacional de Discapacidad (CONADIS), el Parque Cibern\u00e9tico de Santo Domingo, as\u00ed como otras entidades involucradas en el desarrollo de las pol\u00edticas p\u00fablicas enfocadas en innovaci\u00f3n e inclusi\u00f3n social.<\/p>\n<p>\u201cEsto es una competencia creativa que acelera las ideas innovadoras hasta convertirlas en prototipos f\u00edsicos y digitales que promueven un impacto social positivo, involucrando a todo el gobierno dominicano\u201d, explic\u00f3.<\/p>\n<p>Dentro de esta actividad, los participantes se organizaron formando equipos multidisciplinarios de tres a cinco miembros quienes acompa\u00f1ar\u00e1n a personas con necesidades especiales para el desarrollo de productos digitales o desarrollo de productos f\u00edsicos. \u201cTendr\u00e1n acceso especial a las herramientas, a talleres cortos y a mentores expertos para dise\u00f1ar, reiterar y mejorar sus productos, modelos de negocios y lanzamientos\u201d, agreg\u00f3 Quezada.<\/p>\n<p>En el marco de este evento, tambi\u00e9n se llevar\u00e1n a cabo otras iniciativas como un bootcamp dedicado a emprendedores, para fomentar el uso de las tecnolog\u00edas con herramientas para su transformaci\u00f3n digital y el lanzamiento de una nueva plataforma para gestionar la firma digital en los organismos p\u00fablicos del Estado. Esto disminuir\u00e1 el uso del papel y contribuir\u00e1 a la automatizaci\u00f3n de los servicios p\u00fablicos.<\/p>\n","protected":false},"excerpt":{"rendered":"<p>Santo Domingo. \u2013 La Oficina Gubernamental de Tecnolog\u00edas de la Informaci\u00f3n y Comunicaci\u00f3n (OGTIC), a trav\u00e9s del Laboratorio de Innovaci\u00f3n Digital de la Rep\u00fablica Dominicana, realiza durante la semana de&hellip; <\/p>\n","protected":false},"author":2,"featured_media":16628,"comment_status":"closed","ping_status":"closed","sticky":false,"template":"","format":"standard","meta":{"fifu_image_url":"","fifu_image_alt":"","footnotes":""},"categories":[74],"tags":[],"class_list":["post-16626","post","type-post","status-publish","format-standard","has-post-thumbnail","hentry","category-comercio-internacional"],"_links":{"self":[{"href":"https:\/\/elmundodelosnegocios.com.do\/v1\/wp-json\/wp\/v2\/posts\/16626","targetHints":{"allow":["GET"]}}],"collection":[{"href":"https:\/\/elmundodelosnegocios.com.do\/v1\/wp-json\/wp\/v2\/posts"}],"about":[{"href":"https:\/\/elmundodelosnegocios.com.do\/v1\/wp-json\/wp\/v2\/types\/post"}],"author":[{"embeddable":true,"href":"https:\/\/elmundodelosnegocios.com.do\/v1\/wp-json\/wp\/v2\/users\/2"}],"replies":[{"embeddable":true,"href":"https:\/\/elmundodelosnegocios.com.do\/v1\/wp-json\/wp\/v2\/comments?post=16626"}],"version-history":[{"count":0,"href":"https:\/\/elmundodelosnegocios.com.do\/v1\/wp-json\/wp\/v2\/posts\/16626\/revisions"}],"wp:featuredmedia":[{"embeddable":true,"href":"https:\/\/elmundodelosnegocios.com.do\/v1\/wp-json\/wp\/v2\/media\/16628"}],"wp:attachment":[{"href":"https:\/\/elmundodelosnegocios.com.do\/v1\/wp-json\/wp\/v2\/media?parent=16626"}],"wp:term":[{"taxonomy":"category","embeddable":true,"href":"https:\/\/elmundodelosnegocios.com.do\/v1\/wp-json\/wp\/v2\/categories?post=16626"},{"taxonomy":"post_tag","embeddable":true,"href":"https:\/\/elmundodelosnegocios.com.do\/v1\/wp-json\/wp\/v2\/tags?post=16626"}],"curies":[{"name":"wp","href":"https:\/\/api.w.org\/{rel}","templated":true}]}}