{"id":16630,"date":"2022-04-21T09:47:02","date_gmt":"2022-04-21T14:17:02","guid":{"rendered":"https:\/\/elmundodelosnegocios.com.do\/v1\/?p=16630"},"modified":"2022-04-21T09:47:02","modified_gmt":"2022-04-21T14:17:02","slug":"fibra-optica-de-claro-dominicana-llega-al-sur-profundo","status":"publish","type":"post","link":"https:\/\/elmundodelosnegocios.com.do\/v1\/fibra-optica-de-claro-dominicana-llega-al-sur-profundo\/","title":{"rendered":"Fibra \u00d3ptica de Claro Dominicana llega al Sur Profundo"},"content":{"rendered":"<p>La empresa de telecomunicaciones Claro firm\u00f3 un acuerdo con la alcald\u00eda del distrito municipal de Juancho, en la provincia de Pedernales, en el que la empresa se compromete a desplegar su red de fibra \u00f3ptica, para proveer conectividad de alta velocidad a los habitantes de todo el sur profundo.<\/p>\n<p>Henry De Dios, director de Ingenier\u00eda de Claro, manifest\u00f3 que, \u201cpara Claro Dominicana es un honor anunciar que gracias a este acuerdo que acabamos de firmar con la alcald\u00eda del distrito municipal de Juancho en Pedernales, estaremos dotando de Internet de alta velocidad, no solamente a la comunidad de Juancho, sino tambi\u00e9n a Oviedo, Cabo Rojo y a Pedernales. Este proyecto de fibra \u00f3ptica representa un hito sin precedentes para las telecomunicaciones del pa\u00eds y para el desarrollo econ\u00f3mico y social del Sur profundo\u201d.<\/p>\n<figure class=\"wp-block-image\"><img decoding=\"async\" style=\"box-sizing: border-box; vertical-align: top; border-style: none; max-width: 100%; height: auto; border-radius: inherit;\" src=\"https:\/\/www.claro.com.do\/portal\/do\/cpr\/imagenes\/1648470036454-Imagen.jpg\" alt=\"&gt;Henry De Dios, director de Ingenier\u00eda de Claro, junto a Henrrys Garc\u00eda, director del distrito municipal de Juancho\" \/><\/figure>\n<p><em><strong>Henry De Dios, director de Ingenier\u00eda de Claro, junto a Henrrys Garc\u00eda, director del Distrito Municipal de Juancho<\/strong><\/em><\/p>\n<p>De Dios destac\u00f3 que, \u201cal poder desplegar las facilidades requeridas para los proyectos de modernizaci\u00f3n de nuestras redes en estas comunidades, mejoraremos de forma notable la conectividad de los mun\u00edcipes y, con ello, el acceso a la tecnolog\u00eda\u201d.<\/p>\n<p>Asimismo, Henrrys Garc\u00eda, director del distrito municipal de Juancho, valor\u00f3 la importancia de la expansi\u00f3n de la fibra \u00f3ptica en esta comunidad y resalt\u00f3 que, \u201cpara nosotros realmente es de mucha satisfacci\u00f3n tener la oportunidad de que nuestra provincia, en especial nuestro distrito municipal de Juancho, donde inicia la provincia de Pedernales, se pueda conectar a la red de fibra \u00f3ptica de la empresa Claro, pues nos permitir\u00e1 tener una mejor cobertura a nivel de se\u00f1al, y acceso a Internet para que nuestros j\u00f3venes y estudiantes, tengan la oportunidad de seguir avanzado y estar conectados\u201d.<\/p>\n<figure class=\"wp-block-image\"><img decoding=\"async\" style=\"box-sizing: border-box; vertical-align: top; border-style: none; max-width: 100%; height: auto; border-radius: inherit;\" src=\"https:\/\/www.claro.com.do\/portal\/do\/cpr\/imagenes\/1648470046698-Imagen.jpg\" alt=\"&gt;Henry De Dios, director de Ingenier\u00eda de Claro, junto a Henrrys Garc\u00eda, director del distrito municipal de Juancho\" \/><\/figure>\n<p><em><strong>Henry De Dios, director de Ingenier\u00eda de Claro, junto a Henrrys Garc\u00eda, director del Distrito Municipal de Juancho y Jordy Franjul, gerente de Relaciones Gubernamentales de Claro.<\/strong><\/em><\/p>\n<p>Este acuerdo forma parte del proyecto de expansi\u00f3n de fibra \u00f3ptica de Claro en todo el territorio nacional, como parte de su compromiso de dotar a la Rep\u00fablica Dominicana de la m\u00e1s moderna infraestructura tecnol\u00f3gica, que contribuya al desarrollo del pa\u00eds a trav\u00e9s de la conectividad, mejorando as\u00ed la calidad de vida de los dominicanos y dominicanas.<\/p>\n","protected":false},"excerpt":{"rendered":"<p>La empresa de telecomunicaciones Claro firm\u00f3 un acuerdo con la alcald\u00eda del distrito municipal de Juancho, en la provincia de Pedernales, en el que la empresa se compromete a desplegar&hellip; <\/p>\n","protected":false},"author":2,"featured_media":16631,"comment_status":"closed","ping_status":"closed","sticky":false,"template":"","format":"standard","meta":{"fifu_image_url":"","fifu_image_alt":"","footnotes":""},"categories":[64],"tags":[],"class_list":["post-16630","post","type-post","status-publish","format-standard","has-post-thumbnail","hentry","category-telecomunicaciones"],"_links":{"self":[{"href":"https:\/\/elmundodelosnegocios.com.do\/v1\/wp-json\/wp\/v2\/posts\/16630","targetHints":{"allow":["GET"]}}],"collection":[{"href":"https:\/\/elmundodelosnegocios.com.do\/v1\/wp-json\/wp\/v2\/posts"}],"about":[{"href":"https:\/\/elmundodelosnegocios.com.do\/v1\/wp-json\/wp\/v2\/types\/post"}],"author":[{"embeddable":true,"href":"https:\/\/elmundodelosnegocios.com.do\/v1\/wp-json\/wp\/v2\/users\/2"}],"replies":[{"embeddable":true,"href":"https:\/\/elmundodelosnegocios.com.do\/v1\/wp-json\/wp\/v2\/comments?post=16630"}],"version-history":[{"count":0,"href":"https:\/\/elmundodelosnegocios.com.do\/v1\/wp-json\/wp\/v2\/posts\/16630\/revisions"}],"wp:featuredmedia":[{"embeddable":true,"href":"https:\/\/elmundodelosnegocios.com.do\/v1\/wp-json\/wp\/v2\/media\/16631"}],"wp:attachment":[{"href":"https:\/\/elmundodelosnegocios.com.do\/v1\/wp-json\/wp\/v2\/media?parent=16630"}],"wp:term":[{"taxonomy":"category","embeddable":true,"href":"https:\/\/elmundodelosnegocios.com.do\/v1\/wp-json\/wp\/v2\/categories?post=16630"},{"taxonomy":"post_tag","embeddable":true,"href":"https:\/\/elmundodelosnegocios.com.do\/v1\/wp-json\/wp\/v2\/tags?post=16630"}],"curies":[{"name":"wp","href":"https:\/\/api.w.org\/{rel}","templated":true}]}}