{"id":16633,"date":"2022-04-21T09:48:13","date_gmt":"2022-04-21T14:18:13","guid":{"rendered":"https:\/\/elmundodelosnegocios.com.do\/v1\/?p=16633"},"modified":"2022-04-21T09:48:13","modified_gmt":"2022-04-21T14:18:13","slug":"aduanas-realiza-actividad-sobre-comercio-electronico-con-mas-de-200-mipymes","status":"publish","type":"post","link":"https:\/\/elmundodelosnegocios.com.do\/v1\/aduanas-realiza-actividad-sobre-comercio-electronico-con-mas-de-200-mipymes\/","title":{"rendered":"Aduanas realiza actividad sobre comercio electr\u00f3nico con m\u00e1s de 200 Mipymes"},"content":{"rendered":"<p>Santo Domingo. \u2013 En virtud de que las\u00a0<strong>Mipymes\u00a0<\/strong>representan el\u00a0<strong>60%<\/strong>\u00a0de las ventas minoristas de la plataforma Amazon y que sus actividades comerciales superan los\u00a0<strong>239 billones de d\u00f3lares<\/strong>, la\u00a0<strong>Direcci\u00f3n General de Aduanas (DGA)<\/strong>, realiz\u00f3 un taller para incentivar a estas empresas dominicanas para que exporten sus productos utilizando esta v\u00eda de comercio electr\u00f3nico.<\/p>\n<p>Esta actividad se enmarca en el programa\u00a0<strong>Exporta M\u00e1s<\/strong>, con el cual la\u00a0<strong>DGA<\/strong>\u00a0impulsa el crecimiento del comercio desde la Rep\u00fablica Dominicana hacia el resto del mundo y consolida al pa\u00eds como un\u00a0<strong><a href=\"https:\/\/presidencia.gob.do\/noticias\/goodyear-confia-en-republica-dominicana-como-sede-de-su-hub-logistico-regional\">Hub Log\u00edstico<\/a>.<\/strong><\/p>\n<p>Durante su intervenci\u00f3n en el taller\u00a0<strong>\u201cC\u00f3mo Exportar v\u00eda Amazon\u201d<\/strong>, realizado en el auditorio de la\u00a0<strong>Direcci\u00f3n General de Aduanas (DGA)<\/strong>, el director general de la instituci\u00f3n,\u00a0<strong>Eduardo Sanz Lovat\u00f3n<\/strong>, destac\u00f3 la importancia de estas empresas en el sector comercio. Asimismo, precis\u00f3 que con esta actividad lo que se quiere es incentivar a las empresas dominicanas a exportar sus productos v\u00eda esta y otras plataformas de comercio electr\u00f3nico, con el objetivo de que las\u00a0<a href=\"https:\/\/presidencia.gob.do\/noticias\/gobierno-pone-en-marcha-el-plan-para-reactivacion-de-las-mipymes\"><strong>MiPymes<\/strong><\/a>\u00a0se abran las puertas de realizar negocios a trav\u00e9s de los diferentes canales de comercio en l\u00ednea.<\/p>\n<p>De igual modo, Sanz Lovat\u00f3n destac\u00f3 como dato importante las grandes oportunidades que existen en el comercio electr\u00f3nico para las Mipymes, ya que solo en Amazon participan m\u00e1s de 1.9 millones de micro, peque\u00f1as y medianas empresas vendiendo sus productos.<\/p>\n<p>Asegur\u00f3, adem\u00e1s, que las Mipymes representan un pilar importante en nuestra econom\u00eda y es por eso, que el Gobierno encabezado por\u00a0<strong>Luis Abinader,<\/strong>\u00a0trabajar\u00e1 para ayudarles a crecer. Para citar un ejemplo, el funcionario explic\u00f3 que solo en el\u00a0<strong>Programa del Despacho en 24 Horas,<\/strong>\u00a0el\u00a0<strong>68%<\/strong>\u00a0de las empresas que lo utilizan son MiPymes.<\/p>\n<figure class=\"wp-block-image\"><img decoding=\"async\" src=\"https:\/\/presidencia.gob.do\/sites\/default\/files\/content\/Foto%204%20Parte%20del%20p%C3%BAblico%20que%20asistio%20a%20la%20activida.%20.JPG\" alt=\"\" \/><\/figure>\n<h5><strong>Apoyo al sector p\u00fablico y privado<\/strong><\/h5>\n<p>La actividad tiene tambi\u00e9n la finalidad de brindar todo el apoyo desde Aduanas y otras instituciones al sector p\u00fablico y privado, en el proceso de aprendizaje, capacitaci\u00f3n y facilidades, para exportar sus productos v\u00eda Amazon a cualquier plataforma de comercio electr\u00f3nico.<\/p>\n<p>El titular de la entidad recaudadora dijo que su gesti\u00f3n, har\u00e1 los esfuerzos necesarios, para proveerles de herramientas que ayuden a concretar y aplicar lo aprendido para que puedan seguir los pasos de otros que han sido exitosos en esta pr\u00e1ctica de conquistar los mercados internacionales a trav\u00e9s del comercio por internet.<\/p>\n<p>Durante sus palabras, Johannes Kelner, subdirector de Aduanas, expres\u00f3 que este taller busca motivar a las empresas dominicanas a que exporten m\u00e1s y, a su vez, les exhort\u00f3 a utilizar las facilidades que brinda el Gobierno que encabeza el presidente, Abinader, y la DGA, para dar a conocer sus productos en el exterior.<\/p>\n<p><em>\u201cAumentar las exportaciones, significa hacer negocios internacionales, generar divisas, crecer, generar empleos de calidad, agregar valor a nuestros productos y servicios como pa\u00eds, y mejorar nuestra econom\u00eda. Todo esto representa un hito que queremos lograr como gesti\u00f3n y por esto existe\u00a0<strong>Exporta M\u00e1s<\/strong>\u201d,<\/em>\u00a0agreg\u00f3 Kelner.<\/p>\n<figure class=\"wp-block-image\"><img decoding=\"async\" src=\"https:\/\/presidencia.gob.do\/sites\/default\/files\/content\/Foto%203%20Guillermo%20Hersch%2C%20gerente%20de%20estategia%20%20de%20Amazon..jpg\" alt=\"\" \/><\/figure>\n<p>El taller tambi\u00e9n cont\u00f3 con la participaci\u00f3n de Guillermo Hersch, representante de Amazon, quien detall\u00f3 las oportunidades que tiene esta plataforma para que las Mipymes dominicanas puedan colocar sus productos en mercados como el de los Estados Unidos.<\/p>\n<p>Hersch explic\u00f3 los diferentes modelos de negocios que ofrece Amazon, as\u00ed como los requisitos que deben poseer dichas empresas tanto en el pa\u00eds de origen como en el de destino de los productos.<\/p>\n<p>Luis Miura, director de Confederaci\u00f3n Dominicana de la Micro, Peque\u00f1a y Mediana Empresa, INC\u00a0<strong>(CODOPYME<\/strong>), felicit\u00f3 la gesti\u00f3n que realiza el director Sanz Lovat\u00f3n, tanto por el buen trabajo que viene realizando en las aduanas del pa\u00eds, como por el apoyo a iniciativas como esta, la cual promueven y apoyan a los sectores productivos del pa\u00eds.<\/p>\n","protected":false},"excerpt":{"rendered":"<p>Santo Domingo. \u2013 En virtud de que las\u00a0Mipymes\u00a0representan el\u00a060%\u00a0de las ventas minoristas de la plataforma Amazon y que sus actividades comerciales superan los\u00a0239 billones de d\u00f3lares, la\u00a0Direcci\u00f3n General de Aduanas&hellip; <\/p>\n","protected":false},"author":2,"featured_media":16634,"comment_status":"closed","ping_status":"closed","sticky":false,"template":"","format":"standard","meta":{"fifu_image_url":"","fifu_image_alt":"","footnotes":""},"categories":[178],"tags":[],"class_list":["post-16633","post","type-post","status-publish","format-standard","has-post-thumbnail","hentry","category-aduana"],"_links":{"self":[{"href":"https:\/\/elmundodelosnegocios.com.do\/v1\/wp-json\/wp\/v2\/posts\/16633","targetHints":{"allow":["GET"]}}],"collection":[{"href":"https:\/\/elmundodelosnegocios.com.do\/v1\/wp-json\/wp\/v2\/posts"}],"about":[{"href":"https:\/\/elmundodelosnegocios.com.do\/v1\/wp-json\/wp\/v2\/types\/post"}],"author":[{"embeddable":true,"href":"https:\/\/elmundodelosnegocios.com.do\/v1\/wp-json\/wp\/v2\/users\/2"}],"replies":[{"embeddable":true,"href":"https:\/\/elmundodelosnegocios.com.do\/v1\/wp-json\/wp\/v2\/comments?post=16633"}],"version-history":[{"count":0,"href":"https:\/\/elmundodelosnegocios.com.do\/v1\/wp-json\/wp\/v2\/posts\/16633\/revisions"}],"wp:featuredmedia":[{"embeddable":true,"href":"https:\/\/elmundodelosnegocios.com.do\/v1\/wp-json\/wp\/v2\/media\/16634"}],"wp:attachment":[{"href":"https:\/\/elmundodelosnegocios.com.do\/v1\/wp-json\/wp\/v2\/media?parent=16633"}],"wp:term":[{"taxonomy":"category","embeddable":true,"href":"https:\/\/elmundodelosnegocios.com.do\/v1\/wp-json\/wp\/v2\/categories?post=16633"},{"taxonomy":"post_tag","embeddable":true,"href":"https:\/\/elmundodelosnegocios.com.do\/v1\/wp-json\/wp\/v2\/tags?post=16633"}],"curies":[{"name":"wp","href":"https:\/\/api.w.org\/{rel}","templated":true}]}}