{"id":16640,"date":"2022-04-21T10:00:38","date_gmt":"2022-04-21T14:30:38","guid":{"rendered":"https:\/\/elmundodelosnegocios.com.do\/v1\/?p=16640"},"modified":"2022-04-21T10:00:38","modified_gmt":"2022-04-21T14:30:38","slug":"consejo-indotel-extiende-suspension-concesion-licencias-operar-emisoras","status":"publish","type":"post","link":"https:\/\/elmundodelosnegocios.com.do\/v1\/consejo-indotel-extiende-suspension-concesion-licencias-operar-emisoras\/","title":{"rendered":"Consejo Indotel extiende suspensi\u00f3n concesi\u00f3n licencias operar emisoras"},"content":{"rendered":"<p>SANTO DOMINGO, R.D. Abril 21, 2022.- El Consejo Directivo del Instituto Dominicano de las Telecomunicaciones (Indotel) dispuso extender por tres meses m\u00e1s la suspensi\u00f3n provisional de la expedici\u00f3n de autorizaciones para operar nuevas emisoras en el pa\u00eds.<\/p>\n<p>Durante una reuni\u00f3n del Consejo Directivo, encabezada por su presidente Nelson Arroyo, se aprob\u00f3 la resoluci\u00f3n 041-2022 donde se extiende la veda para la expedici\u00f3n de permiso de uso de radiofrecuencia tanto de Frecuencia Modulada (FM)y Amplitud Modulada (AM) en todo el pa\u00eds.<\/p>\n<p>Arroyo destac\u00f3 que la resoluci\u00f3n fue adoptada como parte de los esfuerzos que realiza la actual gesti\u00f3n para profundizar su lucha contra las emisoras ilegales, y la labor de limpieza del espectro radioel\u00e9ctrico que realiza el regulador.<\/p>\n<p>La resoluci\u00f3n establece que la medida permanecer\u00e1 durante un periodo de tres meses renovables, contados a partir del d\u00eda de la publicaci\u00f3n.<\/p>\n<p>Instruye igualmente a la Direcci\u00f3n Ejecutiva del Indotel para que \u201ccontin\u00fae con la ejecuci\u00f3n de los trabajos de correcci\u00f3n, fiscalizaci\u00f3n e implementaci\u00f3n de la normativa aprobada y las recomendaciones recibidas de la Uni\u00f3n Internacional de Telecomunicaciones (UIT) tendentes a corregir las distorsiones identificadas respecto a todo lo concerniente a la operaci\u00f3n del Servicio de Radiodifusi\u00f3n Sonora.<\/p>\n<p>Establece que la medida \u201cresulta aplicable para todos los mecanismos de asignaci\u00f3n previstos en el marco jur\u00eddico y reglamentario que involucren el uso del espectro radioel\u00e9ctrico para la prestaci\u00f3n del servicio p\u00fablico de radiodifusi\u00f3n sonora\u201d en el pa\u00eds.<\/p>\n<p>Desde la designaci\u00f3n de Nelson Arroyo al frente del Indotel , el organismo ha mantenido una pol\u00edtica de cierre de emisoras ilegales en todo el pa\u00eds y la supervisi\u00f3n constante para evitar la violaci\u00f3n del espectro de radiodifusi\u00f3n.<\/p>\n","protected":false},"excerpt":{"rendered":"<p>SANTO DOMINGO, R.D. Abril 21, 2022.- El Consejo Directivo del Instituto Dominicano de las Telecomunicaciones (Indotel) dispuso extender por tres meses m\u00e1s la suspensi\u00f3n provisional de la expedici\u00f3n de autorizaciones&hellip; <\/p>\n","protected":false},"author":2,"featured_media":16642,"comment_status":"closed","ping_status":"closed","sticky":false,"template":"","format":"standard","meta":{"fifu_image_url":"","fifu_image_alt":"","footnotes":""},"categories":[64],"tags":[],"class_list":["post-16640","post","type-post","status-publish","format-standard","has-post-thumbnail","hentry","category-telecomunicaciones"],"_links":{"self":[{"href":"https:\/\/elmundodelosnegocios.com.do\/v1\/wp-json\/wp\/v2\/posts\/16640","targetHints":{"allow":["GET"]}}],"collection":[{"href":"https:\/\/elmundodelosnegocios.com.do\/v1\/wp-json\/wp\/v2\/posts"}],"about":[{"href":"https:\/\/elmundodelosnegocios.com.do\/v1\/wp-json\/wp\/v2\/types\/post"}],"author":[{"embeddable":true,"href":"https:\/\/elmundodelosnegocios.com.do\/v1\/wp-json\/wp\/v2\/users\/2"}],"replies":[{"embeddable":true,"href":"https:\/\/elmundodelosnegocios.com.do\/v1\/wp-json\/wp\/v2\/comments?post=16640"}],"version-history":[{"count":0,"href":"https:\/\/elmundodelosnegocios.com.do\/v1\/wp-json\/wp\/v2\/posts\/16640\/revisions"}],"wp:featuredmedia":[{"embeddable":true,"href":"https:\/\/elmundodelosnegocios.com.do\/v1\/wp-json\/wp\/v2\/media\/16642"}],"wp:attachment":[{"href":"https:\/\/elmundodelosnegocios.com.do\/v1\/wp-json\/wp\/v2\/media?parent=16640"}],"wp:term":[{"taxonomy":"category","embeddable":true,"href":"https:\/\/elmundodelosnegocios.com.do\/v1\/wp-json\/wp\/v2\/categories?post=16640"},{"taxonomy":"post_tag","embeddable":true,"href":"https:\/\/elmundodelosnegocios.com.do\/v1\/wp-json\/wp\/v2\/tags?post=16640"}],"curies":[{"name":"wp","href":"https:\/\/api.w.org\/{rel}","templated":true}]}}