{"id":16654,"date":"2022-04-21T10:27:08","date_gmt":"2022-04-21T14:57:08","guid":{"rendered":"https:\/\/elmundodelosnegocios.com.do\/v1\/?p=16654"},"modified":"2022-04-21T10:27:08","modified_gmt":"2022-04-21T14:57:08","slug":"firman-convenio-entidades-personas-con-discapacidad-y-centros-tecnologicos","status":"publish","type":"post","link":"https:\/\/elmundodelosnegocios.com.do\/v1\/firman-convenio-entidades-personas-con-discapacidad-y-centros-tecnologicos\/","title":{"rendered":"Firman convenio entidades personas con discapacidad y Centros Tecnol\u00f3gicos"},"content":{"rendered":"<p>Santo Domingo, R.D. Abril 21, 2022.- La Red de Entidades de Personas con Discapacidad F\u00edsica, (La Red), y los Centros Tecnol\u00f3gicos Comunitarios (CTC), firmaron un convenio de colaboraci\u00f3n mediante el cual se comprometen a colaborar en la inclusi\u00f3n de personas con discapacidad y la realizaci\u00f3n de pasant\u00edas en los programas formativos que los CTC ofrecen en comunidades vulnerables en todo el pa\u00eds.<\/p>\n<p>Este convenio se firma bajo el marco del proyecto \u201cPor una formaci\u00f3n t\u00e9cnico profesional inclusiva en Rep\u00fablica Dominicana\u201d que La Red ejecuta junto a la Fundaci\u00f3n Francina y cuenta con el apoyo de la Confederaci\u00f3n Espa\u00f1ola de Personas con Discapacidad F\u00edsica y Org\u00e1nica, COCEMFE, la Fundaci\u00f3n Once y est\u00e1 financiado por la Uni\u00f3n Europea a trav\u00e9s de la Agencia Espa\u00f1ola de Cooperaci\u00f3n Internacional para el Desarrollo, AECID.<\/p>\n<p><a href=\"http:\/\/elmundodelosnegocios.com.do\/v1\/wp-content\/uploads\/2022\/04\/CTC-RED16.jpeg\"><img loading=\"lazy\" decoding=\"async\" class=\"aligncenter size-full wp-image-16656\" src=\"http:\/\/elmundodelosnegocios.com.do\/v1\/wp-content\/uploads\/2022\/04\/CTC-RED16.jpeg\" alt=\"\" width=\"2048\" height=\"1364\" srcset=\"https:\/\/elmundodelosnegocios.com.do\/v1\/wp-content\/uploads\/2022\/04\/CTC-RED16.jpeg 2048w, https:\/\/elmundodelosnegocios.com.do\/v1\/wp-content\/uploads\/2022\/04\/CTC-RED16-300x200.jpeg 300w, https:\/\/elmundodelosnegocios.com.do\/v1\/wp-content\/uploads\/2022\/04\/CTC-RED16-1024x682.jpeg 1024w, https:\/\/elmundodelosnegocios.com.do\/v1\/wp-content\/uploads\/2022\/04\/CTC-RED16-768x512.jpeg 768w, https:\/\/elmundodelosnegocios.com.do\/v1\/wp-content\/uploads\/2022\/04\/CTC-RED16-1536x1023.jpeg 1536w\" sizes=\"auto, (max-width: 2048px) 100vw, 2048px\" \/><\/a><\/p>\n<p>En el evento, en el que participaron Soraya Santos como representante de La Red e Isidro Torres, director general de los CTC, se anunci\u00f3 por parte de los CTC que est\u00e1n iniciando un proyecto para la adecuaci\u00f3n f\u00edsica de las instalaciones de los centros a nivel nacional, para que sean accesibles y eliminar as\u00ed las barreras estructurales.<\/p>\n<p>En ese sentido Isidro Torres expres\u00f3, que los Centros Tecnol\u00f3gicos Comunitarios tienen como compromiso trabajar con personas con alguna discapacidad f\u00edsica de la mano de instituciones como esta, y con ello tambi\u00e9n revindicar los derechos de esa persona. En ese sentido escoger ese equipo humano y hacerlo parte de los beneficios que recibe la entidad a trav\u00e9s de la formaci\u00f3n de facilitadores, ofrecer las pasant\u00edas y programas que el CTC ofrece, siempre apeg\u00e1ndonos a las pol\u00edticas que viene desarrollando el gobierno central en el apoyo y la solidaridad a este sector tan importante y a su vez reducido por falta de falta de pol\u00edticas p\u00fablicas, c\u00f3mo instituci\u00f3n seguiremos trabajando en las comunidades vulnerables donde llevamos los programas formativos precisamente para contribuir con la reducci\u00f3n de los niveles de pobreza as\u00ed mismo seguir reduciendo la brecha digital.<\/p>\n<p>La Red, como entidad de personas con discapacidad f\u00edsica, implementa acciones espec\u00edficas encaminadas a facilitar la plena participaci\u00f3n de las personas con discapacidad en todos los aspectos de su vida, as\u00ed como su participaci\u00f3n ciudadana e integraci\u00f3n social y productiva.<\/p>\n<p>Los CTC cuenta con ciento trece (113) instalaciones a nivel nacional, distribuidas en 85 municipios y m\u00e1s de 100 distritos municipales, adem\u00e1s de 8 Compumetros ubicados en el Distrito Nacional, que acercan a las comunidades el acceso a las TIC, y ponen a su disposici\u00f3n una oferta formativa dirigida a impulsar la inclusi\u00f3n social y productiva, mediante la creaci\u00f3n de competencias y habilidades tecnol\u00f3gicas.<\/p>\n","protected":false},"excerpt":{"rendered":"<p>Santo Domingo, R.D. Abril 21, 2022.- La Red de Entidades de Personas con Discapacidad F\u00edsica, (La Red), y los Centros Tecnol\u00f3gicos Comunitarios (CTC), firmaron un convenio de colaboraci\u00f3n mediante el&hellip; <\/p>\n","protected":false},"author":2,"featured_media":16655,"comment_status":"closed","ping_status":"closed","sticky":false,"template":"","format":"standard","meta":{"fifu_image_url":"","fifu_image_alt":"","footnotes":""},"categories":[166],"tags":[],"class_list":["post-16654","post","type-post","status-publish","format-standard","has-post-thumbnail","hentry","category-tecnologia"],"_links":{"self":[{"href":"https:\/\/elmundodelosnegocios.com.do\/v1\/wp-json\/wp\/v2\/posts\/16654","targetHints":{"allow":["GET"]}}],"collection":[{"href":"https:\/\/elmundodelosnegocios.com.do\/v1\/wp-json\/wp\/v2\/posts"}],"about":[{"href":"https:\/\/elmundodelosnegocios.com.do\/v1\/wp-json\/wp\/v2\/types\/post"}],"author":[{"embeddable":true,"href":"https:\/\/elmundodelosnegocios.com.do\/v1\/wp-json\/wp\/v2\/users\/2"}],"replies":[{"embeddable":true,"href":"https:\/\/elmundodelosnegocios.com.do\/v1\/wp-json\/wp\/v2\/comments?post=16654"}],"version-history":[{"count":0,"href":"https:\/\/elmundodelosnegocios.com.do\/v1\/wp-json\/wp\/v2\/posts\/16654\/revisions"}],"wp:featuredmedia":[{"embeddable":true,"href":"https:\/\/elmundodelosnegocios.com.do\/v1\/wp-json\/wp\/v2\/media\/16655"}],"wp:attachment":[{"href":"https:\/\/elmundodelosnegocios.com.do\/v1\/wp-json\/wp\/v2\/media?parent=16654"}],"wp:term":[{"taxonomy":"category","embeddable":true,"href":"https:\/\/elmundodelosnegocios.com.do\/v1\/wp-json\/wp\/v2\/categories?post=16654"},{"taxonomy":"post_tag","embeddable":true,"href":"https:\/\/elmundodelosnegocios.com.do\/v1\/wp-json\/wp\/v2\/tags?post=16654"}],"curies":[{"name":"wp","href":"https:\/\/api.w.org\/{rel}","templated":true}]}}