{"id":16661,"date":"2022-04-22T03:01:22","date_gmt":"2022-04-22T07:31:22","guid":{"rendered":"https:\/\/elmundodelosnegocios.com.do\/v1\/index.php\/2022\/04\/22\/apexbol-procolombia-proecuador-promperu-y-la-can-impulsan-la-reactivacion-de-las-pymes-exportadoras-de-paises-andinos\/"},"modified":"2022-04-22T03:01:22","modified_gmt":"2022-04-22T07:31:22","slug":"apexbol-procolombia-proecuador-promperu-y-la-can-impulsan-la-reactivacion-de-las-pymes-exportadoras-de-paises-andinos","status":"publish","type":"post","link":"https:\/\/elmundodelosnegocios.com.do\/v1\/apexbol-procolombia-proecuador-promperu-y-la-can-impulsan-la-reactivacion-de-las-pymes-exportadoras-de-paises-andinos\/","title":{"rendered":"APEXBOL, PROCOLOMBIA, PROECUADOR, PROMPER\u00da y la CAN impulsan la reactivaci\u00f3n de las pymes exportadoras de pa\u00edses andinos"},"content":{"rendered":"<p>LIMA, Peru&#8211;(BUSINESS WIRE)&#8211;Atenci\u00f3n Pymes exportadoras de Bolivia, Colombia, Ecuador y Per\u00fa: se iniciaron las inscripciones para participar en el XI Encuentro Empresarial Andino, rueda de negocios virtual que se realizar\u00e1 el 17 y 18 de mayo, a fin de impulsar la reactivaci\u00f3n de las pymes exportadoras de los pa\u00edses participantes.<\/p>\n<p>Este importante evento es organizado por los pa\u00edses de la Comunidad Andina (CAN), a trav\u00e9s de sus respectivas agencias de promoci\u00f3n de las exportaciones: APEXBOL, PROCOLOMBIA, PROECUADOR, PROMPER\u00da y la Secretar\u00eda General del organismo internacional l\u00edder en integraci\u00f3n en el continente.<\/p>\n<p>Las inscripciones se podr\u00e1n realizar hasta el pr\u00f3ximo viernes 29 de abril, ingresando a la p\u00e1gina web https:\/\/encuentroempresarialandino-2022.koyag.com\/signinups\/formulario-de-inscripcion-de-exportadores\/register. Adem\u00e1s, estar\u00e1n presentes empresarios de la Uni\u00f3n Europea y Estados Unidos.<\/p>\n<p>ENCUENTRO EMPRESARIAL ANDINO<\/p>\n<p>Este a\u00f1o, uno de los sectores priorizados para la rueda de negocios ser\u00e1 manufacturas diversas, en rubros como metalmec\u00e1nica y otras industrias (equipamiento y maquinaria para la industria alimenticia; envases y embalajes) y qu\u00edmicos (cosm\u00e9ticos y productos de aseo personal).<\/p>\n<p>Tambi\u00e9n se destacar\u00e1n productos agr\u00edcolas frescos y congelados (frutas y hortalizas); alimentos procesados (concentrados, snacks, salsas, dips, jugos y bebidas no alcoh\u00f3licas); productos hidrobiol\u00f3gicos (congelados y en conserva), y chocolate y preparaciones de cacao. Por \u00faltimo, se priorizar\u00e1n las prendas de vestir en algod\u00f3n y alpaca (confecciones sweaters, lana y cuero).<\/p>\n<p>El XI Encuentro Empresarial Andino, cuya organizaci\u00f3n est\u00e1 a cargo de PROMPER\u00da en coordinaci\u00f3n con Ecuador como Presidencia Pro Tempore de la CAN, incluir\u00e1 la realizaci\u00f3n de foros, ruedas de negocios, seminarios y otras actividades similares dirigidas a exportadores y compradores de los diferentes sectores para reactivar el flujo de negocios intra CAN.<\/p>\n<p>\u201cLa rueda de negocios andina busca incentivar el incremento y la complementariedad de la oferta exportable subregional, consolid\u00e1ndose como una gran oportunidad para la reactivaci\u00f3n de las peque\u00f1as y medianas empresas y el sector productivo de nuestros pa\u00edses\u201d, se\u00f1al\u00f3 el secretario general de la Comunidad Andina, Jorge Hernando Pedraza.<\/p>\n<p>Por su parte, la presidenta ejecutiva de PROMPER\u00da, Amora Carbajal, resalt\u00f3 la importancia del encuentro, el mismo que se ha realizado ininterrumpidamente, a\u00fan en los a\u00f1os de pandemia. \u201cNos hemos adecuado a la nueva coyuntura a fin de impulsar la promoci\u00f3n de las pymes exportadoras regionales, brind\u00e1ndoles la oportunidad de acceder a mercados internacionales con bienes y servicios de alto valor agregado\u201d, acot\u00f3.<br \/>\n Contacts<br \/>\nOficina de Comunicaciones de PROMPER\u00daIvonne Parra Alc\u00e1ntara<br \/>\niparra@promperu.gob.pe<\/p>\n","protected":false},"excerpt":{"rendered":"<p>LIMA, Peru&#8211;(BUSINESS WIRE)&#8211;Atenci\u00f3n Pymes exportadoras de Bolivia, Colombia, Ecuador y Per\u00fa: se iniciaron las inscripciones para participar en el XI Encuentro Empresarial Andino, rueda de negocios virtual que se realizar\u00e1&hellip; <\/p>\n","protected":false},"author":2,"featured_media":16662,"comment_status":"closed","ping_status":"closed","sticky":false,"template":"","format":"standard","meta":{"fifu_image_url":"","fifu_image_alt":"","footnotes":""},"categories":[252],"tags":[253],"class_list":["post-16661","post","type-post","status-publish","format-standard","has-post-thumbnail","hentry","category-business-wire","tag-business-wire"],"_links":{"self":[{"href":"https:\/\/elmundodelosnegocios.com.do\/v1\/wp-json\/wp\/v2\/posts\/16661","targetHints":{"allow":["GET"]}}],"collection":[{"href":"https:\/\/elmundodelosnegocios.com.do\/v1\/wp-json\/wp\/v2\/posts"}],"about":[{"href":"https:\/\/elmundodelosnegocios.com.do\/v1\/wp-json\/wp\/v2\/types\/post"}],"author":[{"embeddable":true,"href":"https:\/\/elmundodelosnegocios.com.do\/v1\/wp-json\/wp\/v2\/users\/2"}],"replies":[{"embeddable":true,"href":"https:\/\/elmundodelosnegocios.com.do\/v1\/wp-json\/wp\/v2\/comments?post=16661"}],"version-history":[{"count":0,"href":"https:\/\/elmundodelosnegocios.com.do\/v1\/wp-json\/wp\/v2\/posts\/16661\/revisions"}],"wp:featuredmedia":[{"embeddable":true,"href":"https:\/\/elmundodelosnegocios.com.do\/v1\/wp-json\/wp\/v2\/media\/16662"}],"wp:attachment":[{"href":"https:\/\/elmundodelosnegocios.com.do\/v1\/wp-json\/wp\/v2\/media?parent=16661"}],"wp:term":[{"taxonomy":"category","embeddable":true,"href":"https:\/\/elmundodelosnegocios.com.do\/v1\/wp-json\/wp\/v2\/categories?post=16661"},{"taxonomy":"post_tag","embeddable":true,"href":"https:\/\/elmundodelosnegocios.com.do\/v1\/wp-json\/wp\/v2\/tags?post=16661"}],"curies":[{"name":"wp","href":"https:\/\/api.w.org\/{rel}","templated":true}]}}