{"id":16674,"date":"2022-04-22T10:53:55","date_gmt":"2022-04-22T15:23:55","guid":{"rendered":"https:\/\/elmundodelosnegocios.com.do\/v1\/?p=16674"},"modified":"2022-04-22T10:53:55","modified_gmt":"2022-04-22T15:23:55","slug":"zonas-francas-siguen-rompiendo-record-de-exportacion-durante-primer-trimestre-2022","status":"publish","type":"post","link":"https:\/\/elmundodelosnegocios.com.do\/v1\/zonas-francas-siguen-rompiendo-record-de-exportacion-durante-primer-trimestre-2022\/","title":{"rendered":"Zonas Francas siguen rompiendo r\u00e9cord de exportaci\u00f3n durante primer trimestre 2022"},"content":{"rendered":"<p>Las exportaciones acumuladas del primer trimestre de este a\u00f1o ascendieron a US$ 1,848.3 millones, lo que representa un crecimiento de 12.0% respecto al mismo per\u00edodo de 2021, liderando las exportaciones del r\u00e9gimen de zonas francas con un 60.8%.<br \/>\n<img decoding=\"async\" src=\"https:\/\/micm.gob.do\/images\/noticias\/2022\/04-abril\/Zonas_Francas_mantienen_liderazgo_02.jpg\" alt=\"\" \/><br \/>\nAl dar a conocer estas cifras a trav\u00e9s de su cuenta en Twitter, el ministro de Industria, Comercio y Mipymes, Victor -Ito- Bison\u00f3, se\u00f1al\u00f3 que el sector de zonas francas sigue aportando al crecimiento que est\u00e1n experimentando nuestras exportaciones. \u201cEste resultado del primer trimestre del a\u00f1o, en materia de exportaciones, es una muestra fehaciente de que las zonas francas se mantienen como uno de los principales motores de nuestra econom\u00eda y catalizador clave del proceso de reactivaci\u00f3n econ\u00f3mica\u201d.<\/p>\n<p>Asimismo, el ministro expres\u00f3 que \u201cel gobierno del presidente Luis Abinader seguir\u00e1 trabajando sin descanso para mantener la estabilidad econ\u00f3mica y un clima de inversi\u00f3n favorable para los negocios\u201d.<\/p>\n<p>Durante este per\u00edodo, las zonas francas contribuyeron en un 72.6% al crecimiento de las exportaciones totales, siendo los art\u00edculos pl\u00e1sticos el sector de mayor crecimiento relativo con un 40.8% respecto a enero &#8211; marzo de 2021, seguido por manufactura textil (25.9%), dispositivos m\u00e9dicos y farmac\u00e9uticos (20.5%) y joyer\u00eda (20.0%).<\/p>\n<p>Las exportaciones a marzo de este a\u00f1o totalizaron US$ 728.0 millones, lo que equivale un crecimiento de 9.1%, respecto a marzo del a\u00f1o pasado. Las del r\u00e9gimen de zonas francas representaron este mes un 60.4% y las exportaciones del r\u00e9gimen nacional un 37.1% del total. Asimismo, las zonas francas contribuyeron en un 67.3% al crecimiento de las exportaciones totales.<\/p>\n<p>\u201cHoy podemos decir con seguridad, pero sobre todo con orgullo, que, gracias a la contribuci\u00f3n de este importante sector, seguimos impulsando el desarrollo econ\u00f3mico y social de nuestro pa\u00eds. Es evidente que las zonas francas son zonas de oportunidades para todas y todos y que en las zonas francas vamos por buen camino\u201d, afirm\u00f3 Bison\u00f3.<\/p>\n<p>Este sector constituye una muestra real de crecimiento y aporte a la econom\u00eda nacional, que contribuye con la generaci\u00f3n de empleos, la atracci\u00f3n de nuevas inversiones y la mejora de la calidad de vida de todos los dominicanos.<\/p>\n","protected":false},"excerpt":{"rendered":"<p>Las exportaciones acumuladas del primer trimestre de este a\u00f1o ascendieron a US$ 1,848.3 millones, lo que representa un crecimiento de 12.0% respecto al mismo per\u00edodo de 2021, liderando las exportaciones&hellip; <\/p>\n","protected":false},"author":2,"featured_media":16676,"comment_status":"closed","ping_status":"closed","sticky":false,"template":"","format":"standard","meta":{"fifu_image_url":"","fifu_image_alt":"","footnotes":""},"categories":[150],"tags":[],"class_list":["post-16674","post","type-post","status-publish","format-standard","has-post-thumbnail","hentry","category-exportaciones"],"_links":{"self":[{"href":"https:\/\/elmundodelosnegocios.com.do\/v1\/wp-json\/wp\/v2\/posts\/16674","targetHints":{"allow":["GET"]}}],"collection":[{"href":"https:\/\/elmundodelosnegocios.com.do\/v1\/wp-json\/wp\/v2\/posts"}],"about":[{"href":"https:\/\/elmundodelosnegocios.com.do\/v1\/wp-json\/wp\/v2\/types\/post"}],"author":[{"embeddable":true,"href":"https:\/\/elmundodelosnegocios.com.do\/v1\/wp-json\/wp\/v2\/users\/2"}],"replies":[{"embeddable":true,"href":"https:\/\/elmundodelosnegocios.com.do\/v1\/wp-json\/wp\/v2\/comments?post=16674"}],"version-history":[{"count":0,"href":"https:\/\/elmundodelosnegocios.com.do\/v1\/wp-json\/wp\/v2\/posts\/16674\/revisions"}],"wp:featuredmedia":[{"embeddable":true,"href":"https:\/\/elmundodelosnegocios.com.do\/v1\/wp-json\/wp\/v2\/media\/16676"}],"wp:attachment":[{"href":"https:\/\/elmundodelosnegocios.com.do\/v1\/wp-json\/wp\/v2\/media?parent=16674"}],"wp:term":[{"taxonomy":"category","embeddable":true,"href":"https:\/\/elmundodelosnegocios.com.do\/v1\/wp-json\/wp\/v2\/categories?post=16674"},{"taxonomy":"post_tag","embeddable":true,"href":"https:\/\/elmundodelosnegocios.com.do\/v1\/wp-json\/wp\/v2\/tags?post=16674"}],"curies":[{"name":"wp","href":"https:\/\/api.w.org\/{rel}","templated":true}]}}