{"id":16776,"date":"2022-04-26T08:54:28","date_gmt":"2022-04-26T13:24:28","guid":{"rendered":"https:\/\/elmundodelosnegocios.com.do\/v1\/?p=16776"},"modified":"2022-04-26T08:54:28","modified_gmt":"2022-04-26T13:24:28","slug":"gobierno-trabaja-para-convertir-a-parceleros-en-empresarios-agricolas","status":"publish","type":"post","link":"https:\/\/elmundodelosnegocios.com.do\/v1\/gobierno-trabaja-para-convertir-a-parceleros-en-empresarios-agricolas\/","title":{"rendered":"Gobierno trabaja para convertir a parceleros en empresarios agr\u00edcolas"},"content":{"rendered":"<p>Santo Domingo.- El director del Instituto Agrario Dominicano (IAD), Francisco Guillermo Garc\u00eda Garc\u00eda, inform\u00f3 este lunes que desde el Gobierno se est\u00e1 trabajando para que los parceleros est\u00e9n a la vanguardia de los nuevos tiempos y puedan convertirse en empresarios agr\u00edcolas.<\/p>\n<p>\u201cNosotros queremos que el Instituto Agrario Dominicano pase a otro lugar en estos 60 a\u00f1os desde su fundaci\u00f3n. La reforma agraria tiene sus frutos y nosotros queremos demostrar parte de esos frutos en estos 60 a\u00f1os, entendemos que no ha cumplido su misi\u00f3n hist\u00f3rica, por lo que queremos llevar la instituci\u00f3n a otro nivel de trabajo, nosotros queremos a los parceleros convertirlos de simples agricultores a peque\u00f1os empresarios\u201d, asegur\u00f3 Garc\u00eda Garc\u00eda.<\/p>\n<p>El director del IAD tambi\u00e9n manifest\u00f3 que la calidad de vida del campo se ha descuidado, pero que est\u00e1n trabajando en que esto sea revertido, destacando que la reforma agraria ha sido muy significativa para el desarrollo del pa\u00eds en estas seis d\u00e9cadas de transformaci\u00f3n del campo.<\/p>\n<p>\u201cLa tierra del campo se han descuidado porque la gente viene a la ciudad, estamos trabajando para que los hijos de los parceleros se especialicen en Cuba para mejorar sus condiciones y no tengan que emigrar a la ciudad\u201d, agreg\u00f3 Garc\u00eda Garc\u00eda.<\/p>\n<p>El funcionario explic\u00f3, adem\u00e1s, que \u201cse han entregado m\u00e1s de 13 mil t\u00edtulos a parceleros en distintos puntos del pa\u00eds, y en el primer trimestre de este a\u00f1o 2022 han sido entregados 5,680 t\u00edtulos a parceleros\u201d.<\/p>\n<p>El director del IAD explic\u00f3 que se est\u00e1 realizando un levantamiento en terrenos en todo el pa\u00eds para proveer de t\u00edtulos definitivos a las personas que ocupan y trabajan las parcelas pertenecientes al Estado dominicano.<\/p>\n<p>Igualmente manifest\u00f3 que el \u201ccampo no es el mismo que 30 a\u00f1os atr\u00e1s\u201d, aseverando que ahora hay pluralidad de conocimientos, y que se est\u00e1 educando y  buscando un mercado seguro para los productos que se producen desde all\u00ed.<\/p>\n<p>En tanto que Francisco N\u00fa\u00f1ez, encargado de comunicaciones del IAD, expres\u00f3, al anunciar el segundo congreso por el 60 aniversario de la instituci\u00f3n, que: \u201cEl Instituto Agrario Dominicano (IAD) tiene que adecuarse a los nuevos tiempos, la pol\u00edtica nuestra inspirada por nuestro director, son inspiradas en la pol\u00edtica global del presidente Abinader, donde los parceleros dejen de ser simples parceleros y se conviertan en empresarios agr\u00edcolas\u201d.<\/p>\n<p>Adem\u00e1s, asegur\u00f3 que \u201cel campo dominicano estuvo abandonado hace mucho tiempo y hoy est\u00e1 renaciendo\u201d porque el presidente Luis Abinader entiende que la conservaci\u00f3n y desarrollo del campo es un signo de sostenimiento de lo que es la soberan\u00eda nacional.<\/p>\n<p>\u201cEl campo estaba siendo abandonado, pero alguien lo estaba ocupando, hoy el presidente quiere que haya vida en el campo, progreso en el campo y se mantenga lo que es la nacionalidad\u201d, dijo N\u00fa\u00f1ez.<\/p>\n<p>II Congreso por el 60 aniversario del IAD<br \/>\nIgualmente, fue anunciado el segundo congreso con motivo del 60 aniversario de la fundaci\u00f3n del Instituto Agrario Dominicano, a efectuarse los d\u00edas 29, 30 de abril y  el 1 de mayo en el Hotel Paladium en Punta Cana, acto  que ser\u00e1 presidido por el presidente de la Rep\u00fablica Luis Abinader.<\/p>\n<p>Adem\u00e1s, contar\u00e1 con la presencia de todo el sector agropecuario y organismos internacionales.<\/p>\n<p> Acompa\u00f1aron al director del IAD, Rivera Amador, subdirector general; Geovanni Wallace, asistente del director; Jos\u00e9 Cede\u00f1o, asesor financiero; Frank N\u00fa\u00f1ez, encargado de comunicaciones y Leo Col\u00f3n, director de producci\u00f3n del IAD.<\/p>\n","protected":false},"excerpt":{"rendered":"<p>Santo Domingo.- El director del Instituto Agrario Dominicano (IAD), Francisco Guillermo Garc\u00eda Garc\u00eda, inform\u00f3 este lunes que desde el Gobierno se est\u00e1 trabajando para que los parceleros est\u00e9n a la&hellip; <\/p>\n","protected":false},"author":2,"featured_media":16777,"comment_status":"closed","ping_status":"closed","sticky":false,"template":"","format":"standard","meta":{"fifu_image_url":"","fifu_image_alt":"","footnotes":""},"categories":[73],"tags":[],"class_list":["post-16776","post","type-post","status-publish","format-standard","has-post-thumbnail","hentry","category-agronegocios"],"_links":{"self":[{"href":"https:\/\/elmundodelosnegocios.com.do\/v1\/wp-json\/wp\/v2\/posts\/16776","targetHints":{"allow":["GET"]}}],"collection":[{"href":"https:\/\/elmundodelosnegocios.com.do\/v1\/wp-json\/wp\/v2\/posts"}],"about":[{"href":"https:\/\/elmundodelosnegocios.com.do\/v1\/wp-json\/wp\/v2\/types\/post"}],"author":[{"embeddable":true,"href":"https:\/\/elmundodelosnegocios.com.do\/v1\/wp-json\/wp\/v2\/users\/2"}],"replies":[{"embeddable":true,"href":"https:\/\/elmundodelosnegocios.com.do\/v1\/wp-json\/wp\/v2\/comments?post=16776"}],"version-history":[{"count":0,"href":"https:\/\/elmundodelosnegocios.com.do\/v1\/wp-json\/wp\/v2\/posts\/16776\/revisions"}],"wp:featuredmedia":[{"embeddable":true,"href":"https:\/\/elmundodelosnegocios.com.do\/v1\/wp-json\/wp\/v2\/media\/16777"}],"wp:attachment":[{"href":"https:\/\/elmundodelosnegocios.com.do\/v1\/wp-json\/wp\/v2\/media?parent=16776"}],"wp:term":[{"taxonomy":"category","embeddable":true,"href":"https:\/\/elmundodelosnegocios.com.do\/v1\/wp-json\/wp\/v2\/categories?post=16776"},{"taxonomy":"post_tag","embeddable":true,"href":"https:\/\/elmundodelosnegocios.com.do\/v1\/wp-json\/wp\/v2\/tags?post=16776"}],"curies":[{"name":"wp","href":"https:\/\/api.w.org\/{rel}","templated":true}]}}