{"id":16779,"date":"2022-04-26T08:58:31","date_gmt":"2022-04-26T13:28:31","guid":{"rendered":"https:\/\/elmundodelosnegocios.com.do\/v1\/?p=16779"},"modified":"2022-04-26T08:58:31","modified_gmt":"2022-04-26T13:28:31","slug":"micm-y-fundacion-sur-futuro-asistiran-a-200-pequenas-industrias-y-emprendedores-de-la-region-sur","status":"publish","type":"post","link":"https:\/\/elmundodelosnegocios.com.do\/v1\/micm-y-fundacion-sur-futuro-asistiran-a-200-pequenas-industrias-y-emprendedores-de-la-region-sur\/","title":{"rendered":"MICM y Fundaci\u00f3n Sur Futuro asistir\u00e1n a 200 peque\u00f1as industrias y emprendedores de la regi\u00f3n Sur"},"content":{"rendered":"<p>Santo Domingo. \u2013 El Ministerio de Industria, Comercio y Mipymes (MICM) y la Fundaci\u00f3n Sur Futuro firmaron un acuerdo de colaboraci\u00f3n, con el objetivo de mejorar la productividad y la capacidad de hacer negocios de 200 peque\u00f1as industrias y emprendedores de la regi\u00f3n Sur del pa\u00eds.<\/p>\n<p>A trav\u00e9s del convenio, que rubricaron el ministro del MICM, V\u00edctor &#8211; Ito &#8211; Bison\u00f3, y la presidenta de la fundaci\u00f3n, Melba Segura de Grull\u00f3n, se ejecutar\u00e1n 14 programas de formaci\u00f3n y asistencia t\u00e9cnica, para desarrollar capacidades en temas de educaci\u00f3n financiera, transformaci\u00f3n digital, asociatividad empresarial como metodolog\u00eda de \u00e9xito, emprendimiento, soluci\u00f3n de problemas y calidad.<br \/>\n<img decoding=\"async\" src=\"https:\/\/micm.gob.do\/images\/noticias\/2022\/04-abril\/NOTA_MICM_y_Fundacion_Sur_Futuro_03.jpeg\" alt=\"\" \/><\/p>\n<p>Tambi\u00e9n, se ofrecer\u00e1n asistencias especializadas en buenas pr\u00e1cticas de manufactura y manejo higi\u00e9nico de los alimentos, persuasi\u00f3n comercial, ventas, innovaci\u00f3n, asociatividad empresarial, formalizaci\u00f3n y acceso a mercados, panader\u00eda y pasteler\u00eda.<\/p>\n<p>Dichas intervenciones buscan generar e incrementar fuentes de ingresos a familias de escasos recursos.<\/p>\n<p>Adem\u00e1s, se pretende desarrollar capacidades y habilidades en el manejo financiero, en el uso de dispositivos digitales, en el marketing digital y en Lean Manufacturing.<\/p>\n<p>El ministro Bison\u00f3 valor\u00f3 el alcance del proyecto, con el que se estima impartir cerca de 130 horas de capacitaci\u00f3n, as\u00ed como el dise\u00f1o y ejecuci\u00f3n de 14 programas de formaci\u00f3n y asistencia t\u00e9cnica especializada.<\/p>\n<p><img decoding=\"async\" src=\"https:\/\/micm.gob.do\/media\/zoo\/images\/NOTA_MICM_y_Fundacion_Sur_Futuro_01_4fd8e8902667e62f333e3d30da46eb6d.jpeg\" alt=\"\" \/><br \/>\nDe igual forma, enfatiz\u00f3 que es una visi\u00f3n del gobierno del presidente Luis Abinader trabajar de manera mancomunada con el sector privado, para lograr el \u00e9xito de las iniciativas de desarrollo para los sectores productivos del pa\u00eds.<\/p>\n<p>Reafirm\u00f3 el compromiso y el inter\u00e9s del MICM de continuar trabajando en alianza, junto a la Fundaci\u00f3n Sur Futuro, en consonancia con la Estrategia Nacional de Desarrollo (END) y los Objetivos de Desarrollos Sostenibles (ODS) para el desarrollo de la regi\u00f3n Sur de la Rep\u00fablica Dominicana.<\/p>\n<p>De su lado, la presidenta de Sur Futuro asegur\u00f3 que existe un mundo de posibilidades para apoyar el desarrollo microempresarial del pa\u00eds, \u201cpor lo cual nunca fue m\u00e1s oportuna una alianza entre el MICM y Sur Futuro, para transformar a la Rep\u00fablica Dominicana en un pa\u00eds con crecimiento econ\u00f3mico alto, sostenido e incluyente\u201d, dijo.<\/p>\n<p>Las capacitaciones ser\u00e1n impartidas en las localidades de Las Ca\u00f1itas, Las Guan\u00e1banas, Carrizal, Peralta de Azua, Loma de Yaque, Bohechio, San Juan, Los Negros, Sabaneta, El C\u00f3rbano Sur, Buena Vista, Batey, Tamayo, Fundaci\u00f3n, Barahona, La Gu\u00e1zara, Padre Las Casas, Tamayo, Bahoruco, Guayabal, Las Lagunas, La Siembra, Monte Bonito y Los Ta\u00ednos.<\/p>\n","protected":false},"excerpt":{"rendered":"<p>Santo Domingo. \u2013 El Ministerio de Industria, Comercio y Mipymes (MICM) y la Fundaci\u00f3n Sur Futuro firmaron un acuerdo de colaboraci\u00f3n, con el objetivo de mejorar la productividad y la&hellip; <\/p>\n","protected":false},"author":2,"featured_media":16780,"comment_status":"closed","ping_status":"closed","sticky":false,"template":"","format":"standard","meta":{"fifu_image_url":"","fifu_image_alt":"","footnotes":""},"categories":[154],"tags":[],"class_list":["post-16779","post","type-post","status-publish","format-standard","has-post-thumbnail","hentry","category-industria"],"_links":{"self":[{"href":"https:\/\/elmundodelosnegocios.com.do\/v1\/wp-json\/wp\/v2\/posts\/16779","targetHints":{"allow":["GET"]}}],"collection":[{"href":"https:\/\/elmundodelosnegocios.com.do\/v1\/wp-json\/wp\/v2\/posts"}],"about":[{"href":"https:\/\/elmundodelosnegocios.com.do\/v1\/wp-json\/wp\/v2\/types\/post"}],"author":[{"embeddable":true,"href":"https:\/\/elmundodelosnegocios.com.do\/v1\/wp-json\/wp\/v2\/users\/2"}],"replies":[{"embeddable":true,"href":"https:\/\/elmundodelosnegocios.com.do\/v1\/wp-json\/wp\/v2\/comments?post=16779"}],"version-history":[{"count":0,"href":"https:\/\/elmundodelosnegocios.com.do\/v1\/wp-json\/wp\/v2\/posts\/16779\/revisions"}],"wp:featuredmedia":[{"embeddable":true,"href":"https:\/\/elmundodelosnegocios.com.do\/v1\/wp-json\/wp\/v2\/media\/16780"}],"wp:attachment":[{"href":"https:\/\/elmundodelosnegocios.com.do\/v1\/wp-json\/wp\/v2\/media?parent=16779"}],"wp:term":[{"taxonomy":"category","embeddable":true,"href":"https:\/\/elmundodelosnegocios.com.do\/v1\/wp-json\/wp\/v2\/categories?post=16779"},{"taxonomy":"post_tag","embeddable":true,"href":"https:\/\/elmundodelosnegocios.com.do\/v1\/wp-json\/wp\/v2\/tags?post=16779"}],"curies":[{"name":"wp","href":"https:\/\/api.w.org\/{rel}","templated":true}]}}