{"id":16782,"date":"2022-04-26T09:05:10","date_gmt":"2022-04-26T13:35:10","guid":{"rendered":"https:\/\/elmundodelosnegocios.com.do\/v1\/?p=16782"},"modified":"2022-04-26T09:05:10","modified_gmt":"2022-04-26T13:35:10","slug":"mas-de-un-centenar-de-editoriales-y-librerias-participan-en-la-feria-internacional-del-libro","status":"publish","type":"post","link":"https:\/\/elmundodelosnegocios.com.do\/v1\/mas-de-un-centenar-de-editoriales-y-librerias-participan-en-la-feria-internacional-del-libro\/","title":{"rendered":"M\u00e1s de un centenar de editoriales y librer\u00edas participan en la Feria Internacional del Libro"},"content":{"rendered":"<p data-uw-styling-context=\"true\"><span data-uw-styling-context=\"true\">Santo Domingo. \u2013 Con m\u00e1s de cien editoriales y librer\u00edas participantes en su vigesimocuarta edici\u00f3n, la\u00a0<a href=\"https:\/\/presidencia.gob.do\/noticias\/renombrados-escritores-de-america-y-europa-participaran-en-la-feria-del-libro-2022\" data-uw-styling-context=\"true\"><strong data-uw-styling-context=\"true\">Feria Internacional del Libro Santo Domingo 2022<\/strong><\/a>\u00a0ha dispuesto un verdadero banquete literario y cultural para el p\u00fablico que visita la Ciudad Colonial, donde se celebra el evento\u00a0<strong data-uw-styling-context=\"true\">hasta el pr\u00f3ximo 2 de mayo.<\/strong><\/span><\/p>\n<p data-uw-styling-context=\"true\"><span data-uw-styling-context=\"true\">Un total de\u00a0<strong data-uw-styling-context=\"true\">165 expositores<\/strong>, entre editoriales, librer\u00edas, fundaciones y escritores independientes han ocupado espacios emblem\u00e1ticos del casco hist\u00f3rico de Santo Domingo para ofrecer un extenso cat\u00e1logo de producciones literarias, as\u00ed como de productos audiovisuales.<\/span><\/p>\n<p data-uw-styling-context=\"true\"><span data-uw-styling-context=\"true\">Los visitantes de la feria disfrutar\u00e1n de un emocionante recorrido por las\u00a0<strong data-uw-styling-context=\"true\">casetas ubicadas estrat\u00e9gicamente<\/strong>\u00a0en la Fortaleza Ozama y a lo largo de la calle Las Damas, hasta llegar a la plaza Espa\u00f1a.<\/span><\/p>\n<p data-uw-styling-context=\"true\"><span data-uw-styling-context=\"true\">De esta manera, la FILSD 2022 ofrece una gran oportunidad para el enriquecimiento intelectual tanto del\u00a0<strong data-uw-styling-context=\"true\">p\u00fablico especializado<\/strong>\u00a0como de los\u00a0<strong data-uw-styling-context=\"true\">nuevos lectores<\/strong>, quienes podr\u00e1n adquirir publicaciones sobre diversos temas, como arte, educaci\u00f3n, historia, pol\u00edtica, religi\u00f3n y de contenido infantil, entre muchos otros.<\/span><\/p>\n<p data-uw-styling-context=\"true\"><span data-uw-styling-context=\"true\">Juan B\u00e1ez, coordinador de expositores, afirma que este evento cultural es, a la vez, un espacio de intercambio de gran impacto para la industria literaria, donde se relacionan el p\u00fablico, escritores y editoriales.<\/span><\/p>\n<p data-uw-styling-context=\"true\"><span data-uw-styling-context=\"true\">Precisamente, una de las novedades de la FILSD 2022 es la disposici\u00f3n de un\u00a0<strong data-uw-styling-context=\"true\">centro de negocios<\/strong>\u00a0en el que agentes literarios internacionales y editoriales se dar\u00e1n cita para impulsar y monetizar la creatividad de nuestros escritores.<\/span><\/p>\n<p data-uw-styling-context=\"true\"><img loading=\"lazy\" decoding=\"async\" src=\"https:\/\/presidencia.gob.do\/sites\/default\/files\/content\/2_8.JPG\" alt=\"\" width=\"1227\" height=\"818\" data-entity-type=\"file\" data-entity-uuid=\"72a85a5d-7dd1-488c-8ae3-639c8ccf5f77\" data-uw-styling-context=\"true\" \/><\/p>\n<p data-uw-styling-context=\"true\"><span data-uw-styling-context=\"true\">Este a\u00f1o la FILSD cuenta con la participaci\u00f3n de\u00a0<strong data-uw-styling-context=\"true\">104 sellos editoriales<\/strong>\u00a0internacionales, entre los que se encuentran el Grupo Planeta, Grupo Norma y Alfaguara.<\/span><\/p>\n<p data-uw-styling-context=\"true\"><span data-uw-styling-context=\"true\">\u201c<em data-uw-styling-context=\"true\">La mayor\u00eda de las editoras internacionales que han venido se han comprometido a entrevistarse con autores y editoras independientes dominicanas para estudiar qu\u00e9 materiales de producci\u00f3n local se pueden publicar en el exterior, es decir, que tenemos el proyecto de que el autor dominicano en esta feria pueda lograr ver publicadas sus obras por editoras extranjeras<\/em>\u201d, explic\u00f3 B\u00e1ez.<\/span><\/p>\n<p data-uw-styling-context=\"true\"><span data-uw-styling-context=\"true\">Con esta novedad, el Ministerio de Cultura reafirma su\u00a0<strong data-uw-styling-context=\"true\">apoyo a la industria editorial a<\/strong>\u00a0nivel local y regional, cuyos representantes han expresado su gran entusiasmo y expectativas por la realizaci\u00f3n de esta feria.<\/span><\/p>\n<h5 data-uw-styling-context=\"true\"><span data-uw-styling-context=\"true\"><strong data-uw-styling-context=\"true\">Sobre la Feria del Libro 2022<\/strong><\/span><\/h5>\n<p data-uw-styling-context=\"true\"><span data-uw-styling-context=\"true\">Con el lema\u00a0<strong data-uw-styling-context=\"true\">\u201cVen al libro\u201d<\/strong>, la FILSD 2022 est\u00e1 dedicada a los escritores dominicanos\u00a0<strong data-uw-styling-context=\"true\">Carmen Natalia y Pedro Peix<\/strong>\u00a0y cuenta con la\u00a0<strong data-uw-styling-context=\"true\">Uni\u00f3n Europea<\/strong>\u00a0como invitada especial.<\/span><\/p>\n<p data-uw-styling-context=\"true\"><span data-uw-styling-context=\"true\">Uno de sus principales objetivos del evento es fomentar la lectura y la actividad literaria en todos sus \u00e1mbitos, como parte de un nuevo proceso de\u00a0<strong data-uw-styling-context=\"true\">construcci\u00f3n ciudadana<\/strong>, en el cual la libertad, la igualdad y la identidad constituyan los ejes anal\u00edticos y normativos para el empoderamiento de la ciudadan\u00eda.<\/span><\/p>\n<p data-uw-styling-context=\"true\"><span data-uw-styling-context=\"true\">El evento se desarrolla desde las 9:00 de la ma\u00f1ana hasta las 9:00 de la noche, con\u00a0<strong data-uw-styling-context=\"true\">entrada libre<\/strong>\u00a0para el p\u00fablico. Para ver la programaci\u00f3n completa, visite nuestra p\u00e1gina web\u00a0<a href=\"https:\/\/cultura.gob.do\/\" data-uw-styling-context=\"true\">cultura.gob.do<\/a><\/span><\/p>\n","protected":false},"excerpt":{"rendered":"<p>Santo Domingo. \u2013 Con m\u00e1s de cien editoriales y librer\u00edas participantes en su vigesimocuarta edici\u00f3n, la\u00a0Feria Internacional del Libro Santo Domingo 2022\u00a0ha dispuesto un verdadero banquete literario y cultural para&hellip; <\/p>\n","protected":false},"author":2,"featured_media":16783,"comment_status":"closed","ping_status":"closed","sticky":false,"template":"","format":"standard","meta":{"fifu_image_url":"","fifu_image_alt":"","footnotes":""},"categories":[148],"tags":[],"class_list":["post-16782","post","type-post","status-publish","format-standard","has-post-thumbnail","hentry","category-cultura"],"_links":{"self":[{"href":"https:\/\/elmundodelosnegocios.com.do\/v1\/wp-json\/wp\/v2\/posts\/16782","targetHints":{"allow":["GET"]}}],"collection":[{"href":"https:\/\/elmundodelosnegocios.com.do\/v1\/wp-json\/wp\/v2\/posts"}],"about":[{"href":"https:\/\/elmundodelosnegocios.com.do\/v1\/wp-json\/wp\/v2\/types\/post"}],"author":[{"embeddable":true,"href":"https:\/\/elmundodelosnegocios.com.do\/v1\/wp-json\/wp\/v2\/users\/2"}],"replies":[{"embeddable":true,"href":"https:\/\/elmundodelosnegocios.com.do\/v1\/wp-json\/wp\/v2\/comments?post=16782"}],"version-history":[{"count":0,"href":"https:\/\/elmundodelosnegocios.com.do\/v1\/wp-json\/wp\/v2\/posts\/16782\/revisions"}],"wp:featuredmedia":[{"embeddable":true,"href":"https:\/\/elmundodelosnegocios.com.do\/v1\/wp-json\/wp\/v2\/media\/16783"}],"wp:attachment":[{"href":"https:\/\/elmundodelosnegocios.com.do\/v1\/wp-json\/wp\/v2\/media?parent=16782"}],"wp:term":[{"taxonomy":"category","embeddable":true,"href":"https:\/\/elmundodelosnegocios.com.do\/v1\/wp-json\/wp\/v2\/categories?post=16782"},{"taxonomy":"post_tag","embeddable":true,"href":"https:\/\/elmundodelosnegocios.com.do\/v1\/wp-json\/wp\/v2\/tags?post=16782"}],"curies":[{"name":"wp","href":"https:\/\/api.w.org\/{rel}","templated":true}]}}