{"id":16801,"date":"2022-04-27T09:31:06","date_gmt":"2022-04-27T14:01:06","guid":{"rendered":"https:\/\/elmundodelosnegocios.com.do\/v1\/?p=16801"},"modified":"2022-04-27T09:31:06","modified_gmt":"2022-04-27T14:01:06","slug":"se-unen-otorrinolaringologos-concienciar-sobre-cuidado-voz","status":"publish","type":"post","link":"https:\/\/elmundodelosnegocios.com.do\/v1\/se-unen-otorrinolaringologos-concienciar-sobre-cuidado-voz\/","title":{"rendered":"Se unen Otorrinolaring\u00f3logos  concienciar sobre cuidado voz"},"content":{"rendered":"<p>Caracas, Venezuela. Abril 2022.-\u00a0 Especialistas en el \u00e1rea promueven la prevenci\u00f3n en consultas y a trav\u00e9s de medios de comunicaci\u00f3n y redes sociales.<\/p>\n<p>Toda persona con una alteraci\u00f3n en la voz que dure m\u00e1s de 15 d\u00edas, debe acudir con prontitud a una consulta m\u00e9dica, para obtener un diagn\u00f3stico oportuno de cualquier afecci\u00f3n. As\u00ed lo afirman especialistas en otorrinolaringolog\u00eda del Grupo M\u00e9dico Santa Paula (GMSP)<\/p>\n<p>En este sentido, la doctora Mar\u00eda Elisa Freitas, explica que el aclaramiento de la voz, carraspera, garganta reseca y dificultad para hablar o terminar frases, son s\u00edntomas claves en el diagn\u00f3stico de alg\u00fan trastorno en las cuerdas vocales. De hecho, recomienda que, ante las molestias lar\u00edngeas, se eviten gargarismos, pues estos irritan m\u00e1s la mucosa y suelen empeorar la sintomatolog\u00eda.<\/p>\n<p>La profesional de la salud aconseja tambi\u00e9n evitar o restringir el consumo de t\u00e9 negro, gaseosa, chocolate, bebidas alcoh\u00f3licas, as\u00ed como cenar alimentos pesados, dentro de los que destaca las grasas, salsas, frituras, carnes, entre otros.<\/p>\n<p>Las lesiones en garganta y cuerdas vocales no tratadas a tiempo pueden generar un c\u00e1ncer de laringe que, en la actualidad, representa 4% de las neoplasias malignas a nivel mundial y 2% a nivel latinoamericano.<\/p>\n<p>\u201cEl c\u00e1ncer en esta zona del cuerpo se presenta m\u00e1s que todo en personas fumadoras, con h\u00e1bitos alcoh\u00f3licos y reflujo, estas tres caracter\u00edsticas elevan el porcentaje de desarrollar una lesi\u00f3n pre maligna\u201d, destaca Freitas.<\/p>\n<p>Asegura que el equipo de otorrinolaring\u00f3logos que trabajan en el GMSP realiza el diagn\u00f3stico de distintas patolog\u00edas y, en el caso de aquellos pacientes que tengan alg\u00fan trastorno de la voz, se le practica inmediatamente el an\u00e1lisis correspondiente.<\/p>\n<p><strong>Jornadas de despistaje y equipos de alta tecnolog\u00eda<\/strong><\/p>\n<p>En cuanto a los estudios que se realizan para detectar lesiones, el doctor Rafael Cabrera, otorrinolaring\u00f3logo y parte del equipo de especialistas del GMSP, acota que los ex\u00e1menes disponibles var\u00edan desde lo m\u00e1s b\u00e1sico, como lo es la evaluaci\u00f3n f\u00edsica, hasta los m\u00e1s complejos como la tele laringoscopia y la nasofibrolaringoscopia, de los cuales el paciente recibe un video del estudio y su informe m\u00e9dico.<\/p>\n<p>\u201cEn el caso de que el paciente requiera una soluci\u00f3n quir\u00fargica, el GMSP cuenta con las instalaciones, los profesionales altamente calificados y adem\u00e1s, un microscopio de alta resoluci\u00f3n de marca reconocida a nivel mundial, por su calidad y versatilidad en la cirug\u00eda lar\u00edngea, este es el mejor instrumento para operar las cuerdas vocales\u201d, asegura Cabrera.<\/p>\n<p>El especialista tambi\u00e9n destaca que cada a\u00f1o la instituci\u00f3n m\u00e9dica planifica jornadas de despistaje de la patolog\u00eda lar\u00edngea con alteraciones cr\u00f3nicas o agudas en la voz, con el objetivo de hacer un diagn\u00f3stico preventivo.<\/p>\n<p>En esta oportunidad, la jornada completamente gratuita se desarrollar\u00e1 el 30 de este mes, de 9 am a 1 pm, en la planta baja de la torre de consultorios del GMSP. Est\u00e1 previsto para 50 personas, a partir de 16 a\u00f1os. Los interesados, pueden escribir al 0412, 0414 y 0424 CLINICA (2546422), para agendar su cita.<\/p>\n<p>Ambos especialistas sugieren ser m\u00e1s conscientes de la voz como la principal herramienta de comunicaci\u00f3n de los seres humanos; \u00a0por ello, instan a consumir al menos dos litros de agua al d\u00eda, comer a la hora, evitar ayunos prolongados y, para quienes trabajan en oficina, sugieren pausas por lo menos de 10 minutos por cada hora de trabajo, y hacer un esfuerzo por respirar aire puro.<\/p>\n","protected":false},"excerpt":{"rendered":"<p>Caracas, Venezuela. Abril 2022.-\u00a0 Especialistas en el \u00e1rea promueven la prevenci\u00f3n en consultas y a trav\u00e9s de medios de comunicaci\u00f3n y redes sociales. Toda persona con una alteraci\u00f3n en la&hellip; <\/p>\n","protected":false},"author":2,"featured_media":16803,"comment_status":"closed","ping_status":"closed","sticky":false,"template":"","format":"standard","meta":{"fifu_image_url":"","fifu_image_alt":"","footnotes":""},"categories":[80],"tags":[],"class_list":["post-16801","post","type-post","status-publish","format-standard","has-post-thumbnail","hentry","category-salud"],"_links":{"self":[{"href":"https:\/\/elmundodelosnegocios.com.do\/v1\/wp-json\/wp\/v2\/posts\/16801","targetHints":{"allow":["GET"]}}],"collection":[{"href":"https:\/\/elmundodelosnegocios.com.do\/v1\/wp-json\/wp\/v2\/posts"}],"about":[{"href":"https:\/\/elmundodelosnegocios.com.do\/v1\/wp-json\/wp\/v2\/types\/post"}],"author":[{"embeddable":true,"href":"https:\/\/elmundodelosnegocios.com.do\/v1\/wp-json\/wp\/v2\/users\/2"}],"replies":[{"embeddable":true,"href":"https:\/\/elmundodelosnegocios.com.do\/v1\/wp-json\/wp\/v2\/comments?post=16801"}],"version-history":[{"count":0,"href":"https:\/\/elmundodelosnegocios.com.do\/v1\/wp-json\/wp\/v2\/posts\/16801\/revisions"}],"wp:featuredmedia":[{"embeddable":true,"href":"https:\/\/elmundodelosnegocios.com.do\/v1\/wp-json\/wp\/v2\/media\/16803"}],"wp:attachment":[{"href":"https:\/\/elmundodelosnegocios.com.do\/v1\/wp-json\/wp\/v2\/media?parent=16801"}],"wp:term":[{"taxonomy":"category","embeddable":true,"href":"https:\/\/elmundodelosnegocios.com.do\/v1\/wp-json\/wp\/v2\/categories?post=16801"},{"taxonomy":"post_tag","embeddable":true,"href":"https:\/\/elmundodelosnegocios.com.do\/v1\/wp-json\/wp\/v2\/tags?post=16801"}],"curies":[{"name":"wp","href":"https:\/\/api.w.org\/{rel}","templated":true}]}}