{"id":16814,"date":"2022-04-27T14:35:45","date_gmt":"2022-04-27T19:05:45","guid":{"rendered":"https:\/\/elmundodelosnegocios.com.do\/v1\/?p=16814"},"modified":"2022-04-27T14:35:45","modified_gmt":"2022-04-27T19:05:45","slug":"aprueba-instalacion-de-11-empresas-que-generaran-837-empleos-directos-con-inversion-de-rd-327-5-millones","status":"publish","type":"post","link":"https:\/\/elmundodelosnegocios.com.do\/v1\/aprueba-instalacion-de-11-empresas-que-generaran-837-empleos-directos-con-inversion-de-rd-327-5-millones\/","title":{"rendered":"Aprueba instalaci\u00f3n de 11 empresas que generar\u00e1n 837 empleos directos con inversi\u00f3n de RD$ 327.5 millones"},"content":{"rendered":"<p>Santo Domingo. \u2013 El Consejo Nacional de Zonas Francas de Exportaci\u00f3n (CNZFE), presidido por el ministro de Industria, Comercio y Mipymes, V\u00edctor -Ito- Bison\u00f3, aprob\u00f3 la instalaci\u00f3n de 11 empresas, con una inversi\u00f3n proyectada de RD$ 327.5 millones que generar\u00e1n 837 nuevos empleos directos y proyectan divisas por US$ 6.6 millones.<\/p>\n<p>Bison\u00f3 expres\u00f3 que las nuevas empresas de zonas francas que se instalar\u00e1n en el pa\u00eds se dedicar\u00e1n a diversas actividades, entre ellas: procesamiento de tabaco y manufactura de cigarros; manufactura textil; ensamblaje de veh\u00edculos el\u00e9ctricos y sus componentes; centro de atenci\u00f3n telef\u00f3nica; servicios de tecnolog\u00eda y soporte t\u00e9cnico; prestaci\u00f3n de servicios de tecnolog\u00eda, desarrollo de software, asistencia a usuarios de equipos electr\u00f3nicos y servicios al cliente.<\/p>\n<p>Tras concluir la sesi\u00f3n del Consejo, junto al viceministro de Zonas Francas y Reg\u00edmenes Especiales, Carlos Guillermo Flaquer, y el director ejecutivo del CNZFE, Daniel Liranzo, el ministro afirm\u00f3 que \u201clas inversiones que se registran en el sector de zonas francas contin\u00faan exhibiendo un ritmo ascendente que, a m\u00e1s de a\u00f1o y medio de gesti\u00f3n del presidente Abinader, representan para la econom\u00eda una importante inyecci\u00f3n de capital y de generaci\u00f3n de nuevos empleos\u201d.<\/p>\n<p>\u201cCon las aprobaciones de la sesi\u00f3n de hoy, suman 148 las empresas aprobadas en esta gesti\u00f3n de gobierno, con una inversi\u00f3n proyectada por US$ 313.7 millones, as\u00ed como divisas proyectadas por US$ 263.2 millones y la generaci\u00f3n de 18,156 nuevos empleos directos para todos los dominicanos\u201d, expuso Bison\u00f3.<\/p>\n<p>\u201cLa reactivaci\u00f3n de la econom\u00eda y de oportunidades para los sectores productivos dentro de las zonas francas, se ha logrado en el marco de un clima propicio para las inversiones, gracias a la confianza que ha logrado generar el Gobierno dominicano, por eso este importante sector se ha convertido y se mantiene posicionado como un motor de la econom\u00eda, la generaci\u00f3n de empleos y la atracci\u00f3n de nuevas inversiones\u201d, agreg\u00f3 el ministro.<\/p>\n<p>Santo Domingo, Santiago, Monse\u00f1or Nouel, San Pedro de Macor\u00eds y La Vega<br \/>\nEntre las empresas que se instalar\u00e1n en el pa\u00eds destacan V2 Latam, Hire Horatio Rd, Xtr Group, Espinal Tabacos, B1 Company, Donven Tobacco Industries, Prolnnovation TechnovaGroup, Palliser Dominican Republic, FFG Dominicana, entre otras.<\/p>\n<p>Estas empresas estar\u00e1n ubicadas en distintas provincias, entre ellas, Santo Domingo, Santiago, Monse\u00f1or Nouel, San Pedro de Macor\u00eds y La Vega.<\/p>\n<p>Otros funcionarios y empresarios que participaron en esta reuni\u00f3n del Consejo fueron, por el sector p\u00fablico, Ulises Rodr\u00edguez, director general de Proindustria; Ruth de los Santos, directora general de Pol\u00edtica y Legislaci\u00f3n Tributaria del Ministerio de Hacienda, y Mildred Santos, subdirectora t\u00e9cnica de ProDominicana.<\/p>\n<p>Por el sector privado, estuvieron presentes Luis Jos\u00e9 Bonilla, presidente de ADOZONA; Hendrik Kelner, presidente de Procigar; Elizabeth Mena, presidenta de ADOEXPO; Federico Dom\u00ednguez, administrador Zona Franca PISANO, y Eduardo Bogaert, representante Zona Franca San Pedro de Macor\u00eds.<\/p>\n","protected":false},"excerpt":{"rendered":"<p>Santo Domingo. \u2013 El Consejo Nacional de Zonas Francas de Exportaci\u00f3n (CNZFE), presidido por el ministro de Industria, Comercio y Mipymes, V\u00edctor -Ito- Bison\u00f3, aprob\u00f3 la instalaci\u00f3n de 11 empresas,&hellip; <\/p>\n","protected":false},"author":2,"featured_media":16815,"comment_status":"closed","ping_status":"closed","sticky":false,"template":"","format":"standard","meta":{"fifu_image_url":"","fifu_image_alt":"","footnotes":""},"categories":[177],"tags":[],"class_list":["post-16814","post","type-post","status-publish","format-standard","has-post-thumbnail","hentry","category-zona-franca"],"_links":{"self":[{"href":"https:\/\/elmundodelosnegocios.com.do\/v1\/wp-json\/wp\/v2\/posts\/16814","targetHints":{"allow":["GET"]}}],"collection":[{"href":"https:\/\/elmundodelosnegocios.com.do\/v1\/wp-json\/wp\/v2\/posts"}],"about":[{"href":"https:\/\/elmundodelosnegocios.com.do\/v1\/wp-json\/wp\/v2\/types\/post"}],"author":[{"embeddable":true,"href":"https:\/\/elmundodelosnegocios.com.do\/v1\/wp-json\/wp\/v2\/users\/2"}],"replies":[{"embeddable":true,"href":"https:\/\/elmundodelosnegocios.com.do\/v1\/wp-json\/wp\/v2\/comments?post=16814"}],"version-history":[{"count":0,"href":"https:\/\/elmundodelosnegocios.com.do\/v1\/wp-json\/wp\/v2\/posts\/16814\/revisions"}],"wp:featuredmedia":[{"embeddable":true,"href":"https:\/\/elmundodelosnegocios.com.do\/v1\/wp-json\/wp\/v2\/media\/16815"}],"wp:attachment":[{"href":"https:\/\/elmundodelosnegocios.com.do\/v1\/wp-json\/wp\/v2\/media?parent=16814"}],"wp:term":[{"taxonomy":"category","embeddable":true,"href":"https:\/\/elmundodelosnegocios.com.do\/v1\/wp-json\/wp\/v2\/categories?post=16814"},{"taxonomy":"post_tag","embeddable":true,"href":"https:\/\/elmundodelosnegocios.com.do\/v1\/wp-json\/wp\/v2\/tags?post=16814"}],"curies":[{"name":"wp","href":"https:\/\/api.w.org\/{rel}","templated":true}]}}