{"id":16817,"date":"2022-04-27T14:36:43","date_gmt":"2022-04-27T19:06:43","guid":{"rendered":"https:\/\/elmundodelosnegocios.com.do\/v1\/?p=16817"},"modified":"2022-04-27T14:36:43","modified_gmt":"2022-04-27T19:06:43","slug":"dejan-inaugurado-stand-dominicano-en-feria-de-cruceros-en-miami","status":"publish","type":"post","link":"https:\/\/elmundodelosnegocios.com.do\/v1\/dejan-inaugurado-stand-dominicano-en-feria-de-cruceros-en-miami\/","title":{"rendered":"Dejan inaugurado Stand dominicano en feria de cruceros en Miami"},"content":{"rendered":"<p>David Collado pronostica una extraordinaria temporada de cruceros este a\u00f1o<\/p>\n<p>Miami, Florida.- El ministro de Turismo, David Collado, calific\u00f3 de \u201cextraordinaria\u201d la temporada de cruceros que tendr\u00e1 el pa\u00eds este a\u00f1o, registrando llegada r\u00e9cord de visitantes por la v\u00eda mar\u00edtima.<\/p>\n<p>Al dejar inaugurado el stand dominicano en la Feria de Cruceros de Florida y el Caribe que se celebra en Miami, Estados Unidos, Collado destac\u00f3 el aporte que el sector hace a la econom\u00eda.<\/p>\n<p>Esta tradicional feria es organizada cada a\u00f1o por la Asociaci\u00f3n de Cruceros de Florida y el Caribe (conocida como FCCA por sus siglas en ingl\u00e9s).<\/p>\n<p>En el acto inaugural del stand dominicano en la feria de cruceros, el ministro Collado estuvo acompa\u00f1ado de los operadores de Puertos de Rep\u00fablica Dominicana y el c\u00f3nsul dominicano en Miami, Florida, Jacobo Fern\u00e1ndez.<\/p>\n<p>\u201cHoy dejamos inaugurado este stand en la feria de la FCCA convencidos de que, gracias al trabajo mancomunado que llevamos a cabo con los operadores de puertos y esa alianza estrat\u00e9gica que tenemos con la Asociaci\u00f3n de Cruceros de Florida y el Caribe, tendremos el mejor a\u00f1o en la llegada de cruceristas\u201d, dijo Collado.<\/p>\n<p>En el marco de estas actividades, el pa\u00eds fue elegido para ser sede de la reuni\u00f3n anual de cruceros en septiembre de este a\u00f1o, que organiza la FCCA.<\/p>\n<p>Se recuerda que el lunes, la Asociaci\u00f3n de Cruceros de Florida y el Caribe le hizo un reconocimiento al pa\u00eds por su desempe\u00f1o en el turismo de crucero y por la recuperaci\u00f3n r\u00e9cord post pandemia.<\/p>\n","protected":false},"excerpt":{"rendered":"<p>David Collado pronostica una extraordinaria temporada de cruceros este a\u00f1o Miami, Florida.- El ministro de Turismo, David Collado, calific\u00f3 de \u201cextraordinaria\u201d la temporada de cruceros que tendr\u00e1 el pa\u00eds este&hellip; <\/p>\n","protected":false},"author":2,"featured_media":16818,"comment_status":"closed","ping_status":"closed","sticky":false,"template":"","format":"standard","meta":{"fifu_image_url":"","fifu_image_alt":"","footnotes":""},"categories":[172],"tags":[],"class_list":["post-16817","post","type-post","status-publish","format-standard","has-post-thumbnail","hentry","category-turismo"],"_links":{"self":[{"href":"https:\/\/elmundodelosnegocios.com.do\/v1\/wp-json\/wp\/v2\/posts\/16817","targetHints":{"allow":["GET"]}}],"collection":[{"href":"https:\/\/elmundodelosnegocios.com.do\/v1\/wp-json\/wp\/v2\/posts"}],"about":[{"href":"https:\/\/elmundodelosnegocios.com.do\/v1\/wp-json\/wp\/v2\/types\/post"}],"author":[{"embeddable":true,"href":"https:\/\/elmundodelosnegocios.com.do\/v1\/wp-json\/wp\/v2\/users\/2"}],"replies":[{"embeddable":true,"href":"https:\/\/elmundodelosnegocios.com.do\/v1\/wp-json\/wp\/v2\/comments?post=16817"}],"version-history":[{"count":0,"href":"https:\/\/elmundodelosnegocios.com.do\/v1\/wp-json\/wp\/v2\/posts\/16817\/revisions"}],"wp:featuredmedia":[{"embeddable":true,"href":"https:\/\/elmundodelosnegocios.com.do\/v1\/wp-json\/wp\/v2\/media\/16818"}],"wp:attachment":[{"href":"https:\/\/elmundodelosnegocios.com.do\/v1\/wp-json\/wp\/v2\/media?parent=16817"}],"wp:term":[{"taxonomy":"category","embeddable":true,"href":"https:\/\/elmundodelosnegocios.com.do\/v1\/wp-json\/wp\/v2\/categories?post=16817"},{"taxonomy":"post_tag","embeddable":true,"href":"https:\/\/elmundodelosnegocios.com.do\/v1\/wp-json\/wp\/v2\/tags?post=16817"}],"curies":[{"name":"wp","href":"https:\/\/api.w.org\/{rel}","templated":true}]}}