{"id":16824,"date":"2022-04-27T14:39:57","date_gmt":"2022-04-27T19:09:57","guid":{"rendered":"https:\/\/elmundodelosnegocios.com.do\/v1\/?p=16824"},"modified":"2022-04-27T14:39:57","modified_gmt":"2022-04-27T19:09:57","slug":"direccion-general-de-aduanas-y-el-micm-acuerdan-intercambiar-estadisticas-para-mejorar-servicios","status":"publish","type":"post","link":"https:\/\/elmundodelosnegocios.com.do\/v1\/direccion-general-de-aduanas-y-el-micm-acuerdan-intercambiar-estadisticas-para-mejorar-servicios\/","title":{"rendered":"Direcci\u00f3n General de Aduanas y el MICM acuerdan intercambiar estad\u00edsticas para mejorar servicios"},"content":{"rendered":"<h3 id=\"las-entidades-pactaron-colaborar-en-la-programacion-y-ejecucion-de-las-iniciativas-innovadoras-que-favorezcan-al-comercio-licito-el-emprendimiento-y-las-alianzas-estrategicas\">Las entidades pactaron colaborar en la programaci\u00f3n y ejecuci\u00f3n de las iniciativas innovadoras que favorezcan al comercio l\u00edcito, el emprendimiento y las alianzas estrat\u00e9gicas.<\/h3>\n<p>La Direcci\u00f3n General de Aduanas (DGA) y el Ministerio de Industria, Comercio y Mipymes (MICM), acordaron intercambiar, entre s\u00ed, informaciones y estad\u00edsticas de las actividades comerciales, a fin de facilitar el comercio legal y mejorar las condiciones de competitividad del pa\u00eds.<\/p>\n<p>El director Eduardo \u201cYayo\u201d Sanz Lovat\u00f3n, indic\u00f3 que, el trabajo realizado por el Ministerio de Industria y Comercio, ha sido reconocido por las principales instituciones reguladoras del Estado, en cuanto a transparencia y eficiencia.<\/p>\n<div class=\"wp-block-image\">\n<figure class=\"alignleft\"><img decoding=\"async\" class=\"td-animation-stack-type0-2\" src=\"https:\/\/www.aduanas.gob.do\/media\/21900\/eduardo-sanz-lovaton-y-victor-ito-bisono-haza.jpg?width=500&amp;height=332.409972299169\" alt=\"\" \/><figcaption>Eduardo Sanz Lovat\u00f3n y V\u00edctor -Ito- Bisono Haza.<\/figcaption><\/figure>\n<\/div>\n<p>\u201cEstoy convencido de que este acuerdo ser\u00e1 una herramienta efectiva con la finalidad de que de nuestras Aduanas y el Ministerio de Industria y Comercio, podamos afrontar las problem\u00e1ticas y desaf\u00edos todos los d\u00edas, por eso me llena de much\u00edsima satisfacci\u00f3n poder firmarlo\u201d, expres\u00f3 Sanz Lovat\u00f3n.<\/p>\n<p>Del mismo modo, V\u00edctor \u201cIto\u201d Bison\u00f3, ministro de Industria, Comercio y Mipymes, destac\u00f3 que este acuerdo interinstitucional est\u00e1 en consonancia con el reciente decreto del presidente Luis Abinader, que establece el Gabinete para el Desarrollo de las Exportaciones, para propiciar pol\u00edticas p\u00fablicas y estrategias tendentes al desarrollo, fomento y competitividad del sector exportador.<\/p>\n<p>\u201cNosotros hoy estamos mandando un mensaje de trabajo en equipo, de se servicios para el pa\u00eds, con un objetivo en conjunto de ser una mejor Rep\u00fablica Dominicana\u201d, expres\u00f3 el titular de Industria y Comercio.<\/p>\n<p>El funcionario del MICM detall\u00f3 que la disponibilidad de las estad\u00edsticas de comercio en el pa\u00eds es de gran utilidad para el fortalecimiento del sector productivo exportador dominicano, la industria nacional, la identificaci\u00f3n de oportunidades de comercio y nuevos nichos de mercados.<\/p>\n<p>A partir de su ejecuci\u00f3n, dichas instituciones estar\u00e1n compartiendo datos afines, de manera tabulada, para que sean analizados en conjunto, en miras de apoyar y mejorar el dise\u00f1o de pol\u00edticas p\u00fablicas basadas en evidencias e implementar\u00e1n tableros de datos econ\u00f3micos vinculados al comercio, al sector industrial, las zonas francas, los reg\u00edmenes especiales y el sector exportador.<\/p>\n<p>As\u00ed mismo, colaboraran en la programaci\u00f3n y la ejecuci\u00f3n de las iniciativas innovadoras que favorezcan al desarrollo econ\u00f3mico dentro de la legalidad, el emprendimiento y las alianzas estrat\u00e9gicas que contribuyan a lograr una mayor competitividad.<\/p>\n<div class=\"wp-block-image\">\n<figure class=\"alignright\"><img decoding=\"async\" class=\"td-animation-stack-type0-2\" src=\"https:\/\/www.aduanas.gob.do\/media\/21901\/foto-3.jpg?width=500&amp;height=332.409972299169\" alt=\"\" \/><\/figure>\n<\/div>\n<p>\u201cServir de enlace para el suministro de informaciones relacionadas con la detecci\u00f3n de hallazgo de comercio il\u00edcito de combustibles por parte del Cuerpo Especializado de Control de Combustibles (CECCOM)\u201d, establece uno de los puntos del convenio.<\/p>\n<p>Las instituciones designar\u00e1n un representante o enlace t\u00e9cnico, cuya responsabilidad ser\u00e1 la de coordinar la ejecuci\u00f3n de actividades dentro del marco del acuerdo.<\/p>\n<p>Las caracter\u00edsticas t\u00e9cnicas de los datos a intercambiarse, en apego al presente acuerdo, ser\u00e1n los establecidos en la NORTIC A4:2014 aprobada por Oficina la Oficina Gubernamental de Tecnolog\u00edas de la Informaci\u00f3n y Comunicaci\u00f3n (OGTIC), su gu\u00eda de implementaci\u00f3n NORTIC A4-2015 y posibles modificaciones.<\/p>\n<p>El acuerdo garantiza que la informaci\u00f3n intercambiada sea utilizada de manera exclusiva en las funciones propias de cada instituci\u00f3n.<\/p>\n","protected":false},"excerpt":{"rendered":"<p>Las entidades pactaron colaborar en la programaci\u00f3n y ejecuci\u00f3n de las iniciativas innovadoras que favorezcan al comercio l\u00edcito, el emprendimiento y las alianzas estrat\u00e9gicas. La Direcci\u00f3n General de Aduanas (DGA)&hellip; <\/p>\n","protected":false},"author":2,"featured_media":16826,"comment_status":"closed","ping_status":"closed","sticky":false,"template":"","format":"standard","meta":{"fifu_image_url":"","fifu_image_alt":"","footnotes":""},"categories":[178],"tags":[],"class_list":["post-16824","post","type-post","status-publish","format-standard","has-post-thumbnail","hentry","category-aduana"],"_links":{"self":[{"href":"https:\/\/elmundodelosnegocios.com.do\/v1\/wp-json\/wp\/v2\/posts\/16824","targetHints":{"allow":["GET"]}}],"collection":[{"href":"https:\/\/elmundodelosnegocios.com.do\/v1\/wp-json\/wp\/v2\/posts"}],"about":[{"href":"https:\/\/elmundodelosnegocios.com.do\/v1\/wp-json\/wp\/v2\/types\/post"}],"author":[{"embeddable":true,"href":"https:\/\/elmundodelosnegocios.com.do\/v1\/wp-json\/wp\/v2\/users\/2"}],"replies":[{"embeddable":true,"href":"https:\/\/elmundodelosnegocios.com.do\/v1\/wp-json\/wp\/v2\/comments?post=16824"}],"version-history":[{"count":0,"href":"https:\/\/elmundodelosnegocios.com.do\/v1\/wp-json\/wp\/v2\/posts\/16824\/revisions"}],"wp:featuredmedia":[{"embeddable":true,"href":"https:\/\/elmundodelosnegocios.com.do\/v1\/wp-json\/wp\/v2\/media\/16826"}],"wp:attachment":[{"href":"https:\/\/elmundodelosnegocios.com.do\/v1\/wp-json\/wp\/v2\/media?parent=16824"}],"wp:term":[{"taxonomy":"category","embeddable":true,"href":"https:\/\/elmundodelosnegocios.com.do\/v1\/wp-json\/wp\/v2\/categories?post=16824"},{"taxonomy":"post_tag","embeddable":true,"href":"https:\/\/elmundodelosnegocios.com.do\/v1\/wp-json\/wp\/v2\/tags?post=16824"}],"curies":[{"name":"wp","href":"https:\/\/api.w.org\/{rel}","templated":true}]}}