{"id":17113,"date":"2022-05-09T14:50:27","date_gmt":"2022-05-09T19:20:27","guid":{"rendered":"https:\/\/elmundodelosnegocios.com.do\/v1\/?p=17113"},"modified":"2022-05-09T14:50:27","modified_gmt":"2022-05-09T19:20:27","slug":"ito-bisono-dice-gobierno-trabaja-para-fortalecer-encadenamiento-productivo","status":"publish","type":"post","link":"https:\/\/elmundodelosnegocios.com.do\/v1\/ito-bisono-dice-gobierno-trabaja-para-fortalecer-encadenamiento-productivo\/","title":{"rendered":"Ito Bison\u00f3 dice gobierno trabaja para fortalecer encadenamiento productivo"},"content":{"rendered":"<p><strong>San Francisco de Macor\u00eds. &#8211;<\/strong>\u00a0El ministro de Industria, Comercio y Mipymes (Micm), V\u00edctor \u201cIto\u201d Bison\u00f3, resalt\u00f3 durante su visita a la Feria Agropecuaria de San Francisco de Macor\u00eds, que el gobierno del presidente Luis Abinader trabaja para seguir fortaleciendo los encadenamientos productivos para que no falten alimentos a la familia dominicana.<\/p>\n<p><img decoding=\"async\" src=\"https:\/\/micm.gob.do\/images\/noticias\/2022\/05-mayo\/Ito_Bisono_dice_gobierno_trabaja_para_fortalecer_encadenamiento_productivo_02.jpeg\" alt=\"\" \/><br \/>\nDestac\u00f3 que, a pesar de la gran crisis global de precios, el problema de las cadenas de suministro y el impacto post pandemia, agravado por el conflicto entre Rusia y Ucrania, el pa\u00eds mantiene una estabilidad \u201cenvidiable\u201d y un crecimiento econ\u00f3mico sostenible impulsado por la reactivaci\u00f3n de la industria nacional y las zonas francas.<\/p>\n<p>Para Bison\u00f3 la seguridad alimentaria del pueblo dominicano es una prioridad del gobierno y pidi\u00f3 a la ciudadan\u00eda ver lo que pasa en el mundo: \u201cvamos por buen camino y debemos seguir as\u00ed. Los mercados, supermercados, colmados y almacenes tienen abastecimiento de alimentos y es una clara se\u00f1al de estabilidad\u201d, dijo.<\/p>\n<p>Destac\u00f3 que la regi\u00f3n nordeste se caracteriza por gente emprendedora y trabajadora. \u201cMe emociona ver como los campos de arroz se mantienen operativos y en plena capacidad de producci\u00f3n, as\u00ed como seguimos creciendo con la exportaci\u00f3n del cacao, estos son productos clave que ayudan a desarrollar la agroindustria en el nordeste\u201d, expres\u00f3.<\/p>\n<p>Por \u00faltimo mencion\u00f3 la puesta en marcha del Programa de Encadenamiento Productivo Digital (PEPD), para financiar el desarrollo de herramientas digitales, a fin de conectar mipymes suplidoras y proveedoras de bienes y servicios con grandes industrias. A trav\u00e9s de este programa del MICM pueden recibir financiamiento proyectos que impacten las \u00e1reas de inventario, log\u00edstica, reciclaje, eficiencia energ\u00e9tica, procesos de mercadeo y post-venta.<\/p>\n","protected":false},"excerpt":{"rendered":"<p>San Francisco de Macor\u00eds. &#8211;\u00a0El ministro de Industria, Comercio y Mipymes (Micm), V\u00edctor \u201cIto\u201d Bison\u00f3, resalt\u00f3 durante su visita a la Feria Agropecuaria de San Francisco de Macor\u00eds, que el&hellip; <\/p>\n","protected":false},"author":2,"featured_media":17115,"comment_status":"closed","ping_status":"closed","sticky":false,"template":"","format":"standard","meta":{"fifu_image_url":"","fifu_image_alt":"","footnotes":""},"categories":[73],"tags":[],"class_list":["post-17113","post","type-post","status-publish","format-standard","has-post-thumbnail","hentry","category-agronegocios"],"_links":{"self":[{"href":"https:\/\/elmundodelosnegocios.com.do\/v1\/wp-json\/wp\/v2\/posts\/17113","targetHints":{"allow":["GET"]}}],"collection":[{"href":"https:\/\/elmundodelosnegocios.com.do\/v1\/wp-json\/wp\/v2\/posts"}],"about":[{"href":"https:\/\/elmundodelosnegocios.com.do\/v1\/wp-json\/wp\/v2\/types\/post"}],"author":[{"embeddable":true,"href":"https:\/\/elmundodelosnegocios.com.do\/v1\/wp-json\/wp\/v2\/users\/2"}],"replies":[{"embeddable":true,"href":"https:\/\/elmundodelosnegocios.com.do\/v1\/wp-json\/wp\/v2\/comments?post=17113"}],"version-history":[{"count":0,"href":"https:\/\/elmundodelosnegocios.com.do\/v1\/wp-json\/wp\/v2\/posts\/17113\/revisions"}],"wp:featuredmedia":[{"embeddable":true,"href":"https:\/\/elmundodelosnegocios.com.do\/v1\/wp-json\/wp\/v2\/media\/17115"}],"wp:attachment":[{"href":"https:\/\/elmundodelosnegocios.com.do\/v1\/wp-json\/wp\/v2\/media?parent=17113"}],"wp:term":[{"taxonomy":"category","embeddable":true,"href":"https:\/\/elmundodelosnegocios.com.do\/v1\/wp-json\/wp\/v2\/categories?post=17113"},{"taxonomy":"post_tag","embeddable":true,"href":"https:\/\/elmundodelosnegocios.com.do\/v1\/wp-json\/wp\/v2\/tags?post=17113"}],"curies":[{"name":"wp","href":"https:\/\/api.w.org\/{rel}","templated":true}]}}