{"id":17218,"date":"2022-05-12T03:00:32","date_gmt":"2022-05-12T07:30:32","guid":{"rendered":"https:\/\/elmundodelosnegocios.com.do\/v1\/index.php\/2022\/05\/12\/the-body-shop-y-la-enviada-del-secretario-general-de-naciones-unidas-para-la-juventud-lanzan-una-colaboracion-mundial-solicitando-una-mayor-participacion-de-las-voces-jovenes-en-la-politica\/"},"modified":"2022-05-12T03:00:32","modified_gmt":"2022-05-12T07:30:32","slug":"the-body-shop-y-la-enviada-del-secretario-general-de-naciones-unidas-para-la-juventud-lanzan-una-colaboracion-mundial-solicitando-una-mayor-participacion-de-las-voces-jovenes-en-la-politica","status":"publish","type":"post","link":"https:\/\/elmundodelosnegocios.com.do\/v1\/the-body-shop-y-la-enviada-del-secretario-general-de-naciones-unidas-para-la-juventud-lanzan-una-colaboracion-mundial-solicitando-una-mayor-participacion-de-las-voces-jovenes-en-la-politica\/","title":{"rendered":"The Body Shop y la Enviada del Secretario General de Naciones Unidas para la Juventud lanzan una colaboraci\u00f3n mundial solicitando una mayor participaci\u00f3n de las voces j\u00f3venes en la pol\u00edtica"},"content":{"rendered":"<p>El 82 % de las personas piensan que el sistema pol\u00edtico necesita una reforma dr\u00e1stica, y el 70 % considera que debe prestarse m\u00e1s atenci\u00f3n a la opini\u00f3n de los j\u00f3venes*<\/p>\n<p>NUEVA YORK&#8211;(BUSINESS WIRE)&#8211;Millones de j\u00f3venes se est\u00e1n perdiendo de participar en la vida p\u00fablica. Con la crisis clim\u00e1tica, los conflictos globales y las inequidades generacionales en pleno auge, las opiniones, las perspectivas y la representaci\u00f3n de los j\u00f3venes son m\u00e1s necesarias que nunca.<\/p>\n<p>Casi la mitad de la poblaci\u00f3n mundial tiene menos de 30 a\u00f1os. No obstante, representan solo el 2,6 % de los parlamentarios a nivel global**. Actualmente, la edad promedio de un l\u00edder mundial es de 62 a\u00f1os***. De todos los parlamentos del mundo, el 37 % no tiene un solo miembro menor de 30 a\u00f1os** y menos del 1 % de esos parlamentarios son mujeres.<\/p>\n<p>Los j\u00f3venes tienen derecho a ser incluidos en las decisiones pol\u00edticas que los afectan; sin embargo, numerosas barreras impiden su participaci\u00f3n. The Body Shop y la Oficina de la Enviada del Secretario General de las Naciones Unidas para la Juventud est\u00e1n colaborando para cambiar esta situaci\u00f3n a trav\u00e9s de la campa\u00f1a Be Seen Be Heard, que busca crear cambios estructurales a largo plazo para que la toma de decisiones incluya m\u00e1s a los j\u00f3venes.<\/p>\n<p>Esta iniciativa se lanza en el d\u00eda de hoy con la publicaci\u00f3n de una investigaci\u00f3n denominada \u2018Be Seen Be Heard: Understanding young people\u2019s political participation\u2019 (Ser visto y escuchado: c\u00f3mo entender la participaci\u00f3n pol\u00edtica de los j\u00f3venes).<\/p>\n<p>La investigaci\u00f3n incluye la encuesta m\u00e1s grande jam\u00e1s realizada por The Body Shop, que cubre 26 pa\u00edses con 27.043 encuestados. La misma revel\u00f3 que el 82% de las personas encuestadas est\u00e1n de acuerdo en que los sistemas pol\u00edticos necesitan una reforma dr\u00e1stica de cara al futuro.<\/p>\n<p>Dos de cada tres personas tambi\u00e9n piensan que el equilibrio de edad en el mundo de la pol\u00edtica es equivocado, y 8 de cada 10 personas de todas las edades creen que la edad ideal para votar por primera vez es entre los 16 y los 18 a\u00f1os, pese a que en la mayor\u00eda de los pa\u00edses este l\u00edmite est\u00e1 fijado en 18 a\u00f1os o m\u00e1s. Un tercio de los encuestados menores de 30 a\u00f1os considerar\u00eda presentarse para un cargo electivo contra solo un quinto de los mayores de 30. Personas de todos los grupos etarios est\u00e1n de acuerdo en que m\u00e1s oportunidades para que los j\u00f3venes hagan valer su opini\u00f3n en el desarrollo y\/o el cambio de pol\u00edticas ser\u00eda saludable para los sistemas pol\u00edticos.<\/p>\n<p>David Boynton, director ejecutivo de The Body Shop, afirma: \u201cNuestra posici\u00f3n es clara. Los problemas del mundo no pueden ser resueltos por las mismas personas que repiten las mismas decisiones. La mayor\u00eda de los j\u00f3venes est\u00e1n seguros acerca del futuro, y debemos escuchar sus opiniones e ideas dentro de los pasillos del poder. Utilizaremos nuestro alcance global para galvanizar la toma de conciencia y suscitar apoyos como lo hemos hecho en ocasiones anteriores\u201d.<\/p>\n<p>Jayathma Wickramanayake, la Enviada del Secretario General de Naciones Unidas para la Juventud, se\u00f1ala: \u201cLa brecha intergeneracional de poder, influencia y confianza constituye uno de los desaf\u00edos m\u00e1s grandes de nuestra era. La participaci\u00f3n es un derecho, y la falta de representaci\u00f3n de la juventud en los lugares de toma de decisiones contribuye a una mayor desconfianza en las instituciones pol\u00edticas y a un sentido de alienaci\u00f3n respecto de los l\u00edderes electos a causa de pol\u00edticas que no reflejan las prioridades de la juventud, replican sus preocupaciones ni hablan su idioma. Esta campa\u00f1a es una oportunidad para cambiar este escenario\u201d.<\/p>\n<p>El informe sugiere que la participaci\u00f3n de los j\u00f3venes en esferas p\u00fablicas de toma de decisiones podr\u00eda mejorarse a largo plazo mediante una serie de iniciativas, entre ellas: disminuir las edades de acceso al voto, aumentar la representaci\u00f3n formal de los j\u00f3venes, eliminar las barreras para que los j\u00f3venes participen en la toma de decisiones p\u00fablicas, simplificar el registro para quienes votan por primera vez y mejorar las aptitudes de liderazgo de la juventud.<\/p>\n<p>La campa\u00f1a se lanzar\u00e1 a nivel mundial en mayo de 2022 y se extender\u00e1 hasta mediados de 2025, impulsada por la acci\u00f3n en m\u00e1s de 2600 tiendas Body Shop en 75 pa\u00edses, en seis continentes.<\/p>\n<p>M\u00e1s informaci\u00f3n aqu\u00ed.<\/p>\n<p>Fin<\/p>\n<p>** https:\/\/www.ipu.org\/our-impact\/youth-empowerment\/data-youth-participation<\/p>\n<p>*** Serie de datos de REIGN | REIGN (oefdatascience.github.io)<\/p>\n<p>El texto original en el idioma fuente de este comunicado es la versi\u00f3n oficial autorizada. Las traducciones solo se suministran como adaptaci\u00f3n y deben cotejarse con el texto en el idioma fuente, que es la \u00fanica versi\u00f3n del texto que tendr\u00e1 un efecto legal.<br \/>\n Contacts<br \/>\nPara consultas de medios de comunicaci\u00f3n, contactar a:<br \/>\nBeth Kelly<br \/>\nTheBodyShopGlobal@headlandconsultancy.com<\/p>\n","protected":false},"excerpt":{"rendered":"<p>El 82 % de las personas piensan que el sistema pol\u00edtico necesita una reforma dr\u00e1stica, y el 70 % considera que debe prestarse m\u00e1s atenci\u00f3n a la opini\u00f3n de los&hellip; <\/p>\n","protected":false},"author":2,"featured_media":0,"comment_status":"closed","ping_status":"closed","sticky":false,"template":"","format":"standard","meta":{"fifu_image_url":"","fifu_image_alt":"","footnotes":""},"categories":[252],"tags":[253],"class_list":["post-17218","post","type-post","status-publish","format-standard","hentry","category-business-wire","tag-business-wire"],"_links":{"self":[{"href":"https:\/\/elmundodelosnegocios.com.do\/v1\/wp-json\/wp\/v2\/posts\/17218","targetHints":{"allow":["GET"]}}],"collection":[{"href":"https:\/\/elmundodelosnegocios.com.do\/v1\/wp-json\/wp\/v2\/posts"}],"about":[{"href":"https:\/\/elmundodelosnegocios.com.do\/v1\/wp-json\/wp\/v2\/types\/post"}],"author":[{"embeddable":true,"href":"https:\/\/elmundodelosnegocios.com.do\/v1\/wp-json\/wp\/v2\/users\/2"}],"replies":[{"embeddable":true,"href":"https:\/\/elmundodelosnegocios.com.do\/v1\/wp-json\/wp\/v2\/comments?post=17218"}],"version-history":[{"count":0,"href":"https:\/\/elmundodelosnegocios.com.do\/v1\/wp-json\/wp\/v2\/posts\/17218\/revisions"}],"wp:attachment":[{"href":"https:\/\/elmundodelosnegocios.com.do\/v1\/wp-json\/wp\/v2\/media?parent=17218"}],"wp:term":[{"taxonomy":"category","embeddable":true,"href":"https:\/\/elmundodelosnegocios.com.do\/v1\/wp-json\/wp\/v2\/categories?post=17218"},{"taxonomy":"post_tag","embeddable":true,"href":"https:\/\/elmundodelosnegocios.com.do\/v1\/wp-json\/wp\/v2\/tags?post=17218"}],"curies":[{"name":"wp","href":"https:\/\/api.w.org\/{rel}","templated":true}]}}