{"id":17246,"date":"2022-05-13T09:34:05","date_gmt":"2022-05-13T14:04:05","guid":{"rendered":"https:\/\/elmundodelosnegocios.com.do\/v1\/?p=17246"},"modified":"2022-05-13T09:34:05","modified_gmt":"2022-05-13T14:04:05","slug":"presidente-abinader-participa-en-primer-palazo-construccion-secrets-tides-punta-cana-resort-spa-que-creara-3000-nuevos-empleos","status":"publish","type":"post","link":"https:\/\/elmundodelosnegocios.com.do\/v1\/presidente-abinader-participa-en-primer-palazo-construccion-secrets-tides-punta-cana-resort-spa-que-creara-3000-nuevos-empleos\/","title":{"rendered":"Presidente Abinader participa en primer palazo construcci\u00f3n Secrets Tides Punta Cana Resort &#038; Spa que crear\u00e1 3,000 nuevos empleos"},"content":{"rendered":"<p>Punta Cana. \u2013 El presidente Luis Abinader asisti\u00f3 al\u00a0<strong>primer palazo<\/strong>\u00a0simb\u00f3lico de inicio de construcci\u00f3n del hotel de lujo\u00a0<strong>\u201cSecrets Tides Punta Cana Resort &amp; Spa\u201d\u00a0\ufe0f<\/strong>en esta localidad y que crear\u00e1\u00a0<strong>3,000 empleos<\/strong>\u00a0directos e indirectos.<\/p>\n<p>Un proyecto con una inversi\u00f3n de\u00a0<strong>US$175 millones\u00a0<\/strong>que lidera la constructora CODELPA, con el apoyo de las cadenas hoteleras AMR\u2122\ufe0f Collection, parte de la cartera de marcas Hyatt y del Grupo Martin\u00f3n.<\/p>\n<p>El presidente Abinader fue recibido junto al ministro de Turismo, David Collado, por el presidente de CODELPA, \u00c1lvaro Pe\u00f1a; el CEO de Apple Leisure Group y vicepresidente ejecutivo de Hyatt, Alejandro Reynal, y el CEO del Grupo Martin\u00f3n, Enrique Martin\u00f3n.<\/p>\n<p>Tambi\u00e9n estuvo presente la gobernadora de la provincia de La Altagracia, Martina Pep\u00e9n y el fundador del Grupo Punta Cana, Frank Rainieri.<\/p>\n<p>El ministro de Turismo dijo que esta nueva inversi\u00f3n es una\u00a0<strong>clara se\u00f1al de la confianza<\/strong>\u00a0que ha generado el presidente Abinader, por lo que agradeci\u00f3 en nombre del mandatario este nuevo\u00a0<a href=\"https:\/\/presidencia.gob.do\/noticias\/el-secretario-general-de-la-organizacion-mundial-del-turismo-dice-rd-es-el-mejor-pais-para\">impulso al sector tur\u00edstico<\/a>.<\/p>\n<p><img loading=\"lazy\" decoding=\"async\" src=\"https:\/\/presidencia.gob.do\/sites\/default\/files\/content\/WhatsApp%20Image%202022-05-12%20at%202.49.16%20PM%20%281%29_0.jpeg\" alt=\"\" width=\"1024\" height=\"683\" data-entity-type=\"file\" data-entity-uuid=\"4f819141-68a0-4cce-a731-2b1d5c473e29\" \/><\/p>\n<h5><strong>Crecimiento tur\u00edstico no es el azar<\/strong><\/h5>\n<p>El presidente de CODELPA manifest\u00f3 que el\u00a0<strong>crecimiento del turismo no es al azar<\/strong>\u00a0y que playas y sol existen en muchos lugares, pero no todos tienen el crecimiento que ha mostrado el turismo dominicano.<\/p>\n<p>\u00ab<em>Miremos hacia nuestro alrededor, somos l\u00edderes en desarrollo tur\u00edstico en Centroam\u00e9rica y el Caribe pero tambi\u00e9n somos l\u00edderes en el manejo de la crisis creada por la pandemia<\/em>\u00ab, expres\u00f3.<\/p>\n<p>Y agreg\u00f3: \u201c<em>Con la gesti\u00f3n de gobierno encabezada por el presidente Luis Abinader, somos ejemplo en el mundo porque cerramos cu\u00e1ndo deb\u00edamos, porque cuando pocos vacunaron, vacunamos, porque cuando hab\u00eda que abrir, abrimos. Con las medidas de apoyo econ\u00f3mico a todos los sectores de la econom\u00eda, por el trabajo en favor del turismo y por la amabilidad y el coraje del pueblo dominicano\u201d<\/em>.<\/p>\n<p>En tanto, el vicepresidente ejecutivo de Hyatt, resalt\u00f3 que los reconocimientos que ha recibido el pa\u00eds son el resultado de la\u00a0<strong>acci\u00f3n conjunta del gobierno y el sector privado<\/strong>.<\/p>\n<p>Reynaly record\u00f3 el llamado del presidente Abinader de abrir la capacidad hotelera a pesar de la baja demanda y consider\u00f3 como una valiosa acci\u00f3n del presidente acompa\u00f1ar en esas aperturas.<\/p>\n<p>La agenda del presidente Abinader tambi\u00e9n incluy\u00f3 su participaci\u00f3n en dos programas de radio y en vivo, as\u00ed como un recorrido por los diferentes stands instalados como parte de los atractivos del evento tur\u00edstico.<\/p>\n","protected":false},"excerpt":{"rendered":"<p>Punta Cana. \u2013 El presidente Luis Abinader asisti\u00f3 al\u00a0primer palazo\u00a0simb\u00f3lico de inicio de construcci\u00f3n del hotel de lujo\u00a0\u201cSecrets Tides Punta Cana Resort &amp; Spa\u201d\u00a0\ufe0fen esta localidad y que crear\u00e1\u00a03,000 empleos\u00a0directos&hellip; <\/p>\n","protected":false},"author":2,"featured_media":17248,"comment_status":"closed","ping_status":"closed","sticky":false,"template":"","format":"standard","meta":{"fifu_image_url":"","fifu_image_alt":"","footnotes":""},"categories":[69],"tags":[],"class_list":["post-17246","post","type-post","status-publish","format-standard","has-post-thumbnail","hentry","category-construccion"],"_links":{"self":[{"href":"https:\/\/elmundodelosnegocios.com.do\/v1\/wp-json\/wp\/v2\/posts\/17246","targetHints":{"allow":["GET"]}}],"collection":[{"href":"https:\/\/elmundodelosnegocios.com.do\/v1\/wp-json\/wp\/v2\/posts"}],"about":[{"href":"https:\/\/elmundodelosnegocios.com.do\/v1\/wp-json\/wp\/v2\/types\/post"}],"author":[{"embeddable":true,"href":"https:\/\/elmundodelosnegocios.com.do\/v1\/wp-json\/wp\/v2\/users\/2"}],"replies":[{"embeddable":true,"href":"https:\/\/elmundodelosnegocios.com.do\/v1\/wp-json\/wp\/v2\/comments?post=17246"}],"version-history":[{"count":0,"href":"https:\/\/elmundodelosnegocios.com.do\/v1\/wp-json\/wp\/v2\/posts\/17246\/revisions"}],"wp:featuredmedia":[{"embeddable":true,"href":"https:\/\/elmundodelosnegocios.com.do\/v1\/wp-json\/wp\/v2\/media\/17248"}],"wp:attachment":[{"href":"https:\/\/elmundodelosnegocios.com.do\/v1\/wp-json\/wp\/v2\/media?parent=17246"}],"wp:term":[{"taxonomy":"category","embeddable":true,"href":"https:\/\/elmundodelosnegocios.com.do\/v1\/wp-json\/wp\/v2\/categories?post=17246"},{"taxonomy":"post_tag","embeddable":true,"href":"https:\/\/elmundodelosnegocios.com.do\/v1\/wp-json\/wp\/v2\/tags?post=17246"}],"curies":[{"name":"wp","href":"https:\/\/api.w.org\/{rel}","templated":true}]}}