{"id":17294,"date":"2022-05-16T12:23:16","date_gmt":"2022-05-16T16:53:16","guid":{"rendered":"http:\/\/elmundodelosnegocios.com.do\/v1\/?p=17294"},"modified":"2022-05-16T12:23:16","modified_gmt":"2022-05-16T16:53:16","slug":"reciben-mision-del-fmi-al-termino-de-su-evaluacion-de-la-economia-de-rd-de-la-visita-del-articulo-iv","status":"publish","type":"post","link":"https:\/\/elmundodelosnegocios.com.do\/v1\/reciben-mision-del-fmi-al-termino-de-su-evaluacion-de-la-economia-de-rd-de-la-visita-del-articulo-iv\/","title":{"rendered":"Reciben misi\u00f3n del FMI al t\u00e9rmino de su evaluaci\u00f3n de la econom\u00eda de RD de la visita del Art\u00edculo IV"},"content":{"rendered":"<p>Santo Domingo, Rep\u00fablica Dominicana. El gobernador del Banco Central de la Rep\u00fablica Dominicana (BCRD), H\u00e9ctor Valdez Albizu, recibi\u00f3 a la misi\u00f3n del Fondo Monetario Internacional (FMI), encabezada por Esteban Vesperoni, que durante dos semanas ha realizado, en cumplimiento del Art\u00edculo IV del Acuerdo Constitutivo del Fondo, una evaluaci\u00f3n de la econom\u00eda de la Rep\u00fablica Dominicana, pasando revista a su estado actual mediante la interacci\u00f3n con departamentos del Banco Central, as\u00ed como con otras instituciones econ\u00f3micas p\u00fablicas y privadas del pa\u00eds.<\/p>\n<p>Esteban Vesperoni expuso al gobernador que la valoraci\u00f3n del FMI con respecto al desempe\u00f1o de la econom\u00eda dominicana es positiva, \u201cdemostrando una resiliencia notable, debido en gran parte a la acertada respuesta que en pol\u00edtica monetaria y fiscal se ha secuenciado en el pa\u00eds\u201d. En ese tenor, resalt\u00f3 el impulso que la pol\u00edtica monetaria ha supuesto para la recuperaci\u00f3n de la econom\u00eda, as\u00ed como por la agilidad del Gobierno en ofrecer ayudas a los sectores m\u00e1s vulnerables en momentos de debilidad durante la pandemia.<\/p>\n<figure id=\"attachment_17296\" aria-describedby=\"caption-attachment-17296\" style=\"width: 848px\" class=\"wp-caption aligncenter\"><a href=\"http:\/\/elmundodelosnegocios.com.do\/v1\/wp-content\/uploads\/2022\/05\/bc20220515.jpg\"><img loading=\"lazy\" decoding=\"async\" class=\"size-full wp-image-17296\" src=\"http:\/\/elmundodelosnegocios.com.do\/v1\/wp-content\/uploads\/2022\/05\/bc20220515.jpg\" alt=\"\" width=\"848\" height=\"410\" srcset=\"https:\/\/elmundodelosnegocios.com.do\/v1\/wp-content\/uploads\/2022\/05\/bc20220515.jpg 848w, https:\/\/elmundodelosnegocios.com.do\/v1\/wp-content\/uploads\/2022\/05\/bc20220515-300x145.jpg 300w, https:\/\/elmundodelosnegocios.com.do\/v1\/wp-content\/uploads\/2022\/05\/bc20220515-768x371.jpg 768w\" sizes=\"auto, (max-width: 848px) 100vw, 848px\" \/><\/a><figcaption id=\"caption-attachment-17296\" class=\"wp-caption-text\">Esteban Vesperoni, Jefe de Misi\u00f3n, expuso al gobernador que la valoraci\u00f3n del FMI con respecto al desempe\u00f1o de la econom\u00eda dominicana es positiva, \u201cdemostrando una resiliencia notable, debido en gran parte a la acertada respuesta que en pol\u00edtica monetaria y fiscal se ha secuenciado en el pa\u00eds\u201d.<\/figcaption><\/figure>\n<p>El funcionario del FMI destac\u00f3 que \u201cel presente a\u00f1o puede presentar desaf\u00edos debido a una combinaci\u00f3n de elementos como la invasi\u00f3n a Ucrania, la pandemia que est\u00e1 cobrando nuevamente fuerza en pa\u00edses relevantes como China, o la necesaria normalizaci\u00f3n de la pol\u00edtica monetaria por parte de la Reserva Federal (FED) de Estados Unidos, habiendo podido constatar por nuestra parte que la Rep\u00fablica Dominicana entra en este periodo en una situaci\u00f3n de fortaleza\u201d.<\/p>\n<p>Vesperoni constat\u00f3 tambi\u00e9n que la econom\u00eda dominicana tuvo una recuperaci\u00f3n muy importante en 2021 a nivel sectorial, destacando el turismo por su importancia y el crecimiento constante en el n\u00famero de turistas recibidos.<\/p>\n<p>Asimismo, resalt\u00f3 que \u201ces claro que la recuperaci\u00f3n de la econom\u00eda dominicana en 2021 no fue un rebote estad\u00edstico, fue una recuperaci\u00f3n real de 5% con relaci\u00f3n a la prepandemia, conseguida en un clima de estabilidad, en un periodo en que el sector externo ha demostrado fortaleza\u201d. Indic\u00f3, adem\u00e1s, que pudo constatar en sus dos semanas de reuniones en el pa\u00eds que \u201cel sector privado entiende y aprecia lo logrado en t\u00e9rminos de pol\u00edtica monetaria\u201d.<\/p>\n<p>Vesperoni se\u00f1al\u00f3 que el desaf\u00edo m\u00e1s importante en lo adelante es enfrentar las presiones inflacionarias, \u201cno hay pa\u00eds en el mundo que est\u00e9 exento de esto, ya que estamos hablando de energ\u00eda, de alimentos, de cadenas de producci\u00f3n, de transporte, entre otros retos de la econom\u00eda global\u201d. Destac\u00f3 como acertadas las decisiones sobre los aumentos de la tasa de pol\u00edtica monetaria por parte del Banco Central para mantener ancladas las expectativas de los agentes econ\u00f3micos sobre la evoluci\u00f3n de esta variable.<\/p>\n<p>Con respecto a las perspectivas, el jefe de la misi\u00f3n expuso que \u201cvemos a su econom\u00eda convergiendo a su nivel potencial en una situaci\u00f3n de sector externo y sistema financiero estables\u201d.<\/p>\n<p>De su lado, el gobernador Valdez Albizu se\u00f1al\u00f3 que la visi\u00f3n obtenida por la misi\u00f3n del FMI es muy coincidente con la que sostiene el Banco Central, indicando que, como expuso al organismo en una reciente reuni\u00f3n, se produjo \u201cuna tormenta perfecta sobre otra tormenta perfecta\u201d que ha incidido en el precio de los hidrocarburos, la disponibilidad de los contenedores y el costo de los fletes, sumado al problema del COVID-19, lo que paraliz\u00f3 aeropuertos y el comercio\u201d.<\/p>\n<p>Asimismo, resalt\u00f3 el esfuerzo realizado en pol\u00edtica monetaria, que sirvi\u00f3 de apoyo tanto a la micro, peque\u00f1a y mediana empresa, sector exportador, as\u00ed como a los hogares dominicanos, entre otros beneficiados.<\/p>\n<p>Valdez Albizu expres\u00f3 a Vesperoni que la econom\u00eda dominicana se recuper\u00f3 m\u00e1s r\u00e1pido de lo previsto en el 2021, con un notable crecimiento de 12.3 %, equivalente a una expansi\u00f3n de 4.7 % comparado con el nivel de producci\u00f3n real del a\u00f1o 2019, previo a la pandemia. Se\u00f1al\u00f3 que el buen desempe\u00f1o se ha mantenido en el primer trimestre del presente a\u00f1o con un crecimiento acumulado de 6.1 %.<\/p>\n<p>El gobernador destac\u00f3 que el proceso de reactivaci\u00f3n econ\u00f3mica se benefici\u00f3 del amplio programa de est\u00edmulo monetario de aproximadamente 5 % del producto interno bruto (PIB) implementado a inicios de la crisis del COVID-19, as\u00ed como de la mejor\u00eda significativa de la situaci\u00f3n sanitaria. Adem\u00e1s, apunt\u00f3 la r\u00e1pida recuperaci\u00f3n del turismo. \u201cDurante el primer trimestre de 2022 se han recibido m\u00e1s de 1.7 millones de turistas, lo que permite proyectar que en este a\u00f1o se podr\u00eda alcanzar cerca de 7 millones de visitantes\u201d.<\/p>\n<p>La Misi\u00f3n del FMI, encabezada por Vesperoni, estuvo integrada por Pamela Madrid, Nicol\u00e1s Fern\u00e1ndez Arias, Mario Mansilla, Hassan Adan, Dirk Van Grolleman y el representante dominicano en ese organismo, Frank Fuentes.<\/p>\n<p>El gobernador Valdez Albizu estuvo acompa\u00f1ado de la vicegobernadora, Clarissa de la Rocha de Torres; el gerente, Ervin Novas Bello; el subgerente general, Frank Monta\u00f1o Pe\u00f1a; el subgerente de Pol\u00edticas Monetaria, Cambiaria y Financiera, Joel Tejeda Compr\u00e9s; el asesor de la Gobernaci\u00f3n, Julio And\u00fajar Scheker; y el subgerente de Cuentas Nacionales y Estad\u00edsticas Econ\u00f3micas, Ram\u00f3n Antonio Gonz\u00e1lez Hern\u00e1ndez.<\/p>\n<p>Tambi\u00e9n estuvieron presentes el director de Programaci\u00f3n Monetaria y Estudios Econ\u00f3micos, Joel Gonz\u00e1lez; la directora del departamento Internacional, Brenda Villanueva; el director de Regulaci\u00f3n y Estabilidad Financiera, M\u00e1ximo Rodr\u00edguez; y la directora del departamento de Tesorer\u00eda, Yamileh Garc\u00eda Bel\u00e9n.<\/p>\n","protected":false},"excerpt":{"rendered":"<p>Santo Domingo, Rep\u00fablica Dominicana. El gobernador del Banco Central de la Rep\u00fablica Dominicana (BCRD), H\u00e9ctor Valdez Albizu, recibi\u00f3 a la misi\u00f3n del Fondo Monetario Internacional (FMI), encabezada por Esteban Vesperoni,&hellip; <\/p>\n","protected":false},"author":2,"featured_media":17296,"comment_status":"closed","ping_status":"closed","sticky":false,"template":"","format":"standard","meta":{"fifu_image_url":"","fifu_image_alt":"","footnotes":""},"categories":[94],"tags":[],"class_list":["post-17294","post","type-post","status-publish","format-standard","has-post-thumbnail","hentry","category-finanzas"],"_links":{"self":[{"href":"https:\/\/elmundodelosnegocios.com.do\/v1\/wp-json\/wp\/v2\/posts\/17294","targetHints":{"allow":["GET"]}}],"collection":[{"href":"https:\/\/elmundodelosnegocios.com.do\/v1\/wp-json\/wp\/v2\/posts"}],"about":[{"href":"https:\/\/elmundodelosnegocios.com.do\/v1\/wp-json\/wp\/v2\/types\/post"}],"author":[{"embeddable":true,"href":"https:\/\/elmundodelosnegocios.com.do\/v1\/wp-json\/wp\/v2\/users\/2"}],"replies":[{"embeddable":true,"href":"https:\/\/elmundodelosnegocios.com.do\/v1\/wp-json\/wp\/v2\/comments?post=17294"}],"version-history":[{"count":0,"href":"https:\/\/elmundodelosnegocios.com.do\/v1\/wp-json\/wp\/v2\/posts\/17294\/revisions"}],"wp:featuredmedia":[{"embeddable":true,"href":"https:\/\/elmundodelosnegocios.com.do\/v1\/wp-json\/wp\/v2\/media\/17296"}],"wp:attachment":[{"href":"https:\/\/elmundodelosnegocios.com.do\/v1\/wp-json\/wp\/v2\/media?parent=17294"}],"wp:term":[{"taxonomy":"category","embeddable":true,"href":"https:\/\/elmundodelosnegocios.com.do\/v1\/wp-json\/wp\/v2\/categories?post=17294"},{"taxonomy":"post_tag","embeddable":true,"href":"https:\/\/elmundodelosnegocios.com.do\/v1\/wp-json\/wp\/v2\/tags?post=17294"}],"curies":[{"name":"wp","href":"https:\/\/api.w.org\/{rel}","templated":true}]}}