{"id":17302,"date":"2022-05-16T12:35:43","date_gmt":"2022-05-16T17:05:43","guid":{"rendered":"http:\/\/elmundodelosnegocios.com.do\/v1\/?p=17302"},"modified":"2022-05-16T12:35:43","modified_gmt":"2022-05-16T17:05:43","slug":"instalaran-2000-megavatios-de-energia-para-renovar-el-parque-de-generacion-electrica","status":"publish","type":"post","link":"https:\/\/elmundodelosnegocios.com.do\/v1\/instalaran-2000-megavatios-de-energia-para-renovar-el-parque-de-generacion-electrica\/","title":{"rendered":"Instalar\u00e1n 2000 megavatios de energ\u00eda para renovar el parque de generaci\u00f3n el\u00e9ctrica"},"content":{"rendered":"<p>Santo Domingo. &#8211; El mes pasado concluy\u00f3 la\u00a0<strong>licitaci\u00f3n de urgencia<\/strong>\u00a0(LPI-EDE-02-2021) para instalar\u00a0<strong>400 nuevos megavatios (400MW)\u00a0<\/strong>al sistema el\u00e9ctrico nacional. El proceso fue lanzado el primero de diciembre del 2021.<\/p>\n<p>Dicha\u00a0<a href=\"https:\/\/presidencia.gob.do\/noticias\/presidente-destaca-estrategia-para-instalacion-de-2-mil-nuevos-megavatios-de-potencia\">licitaci\u00f3n\u00a0<\/a>fue declarada de urgencia a los fines de lograr que antes de octubre del presente a\u00f1o se inyecte energ\u00eda al sistema de unidades generadoras medianas basadas en barcazas y, tambi\u00e9n, plantas modulares ya habilitadas para su r\u00e1pida instalaci\u00f3n en tierra, lo que sumar\u00eda hasta 400 megavatios.<\/p>\n<p>Fruto de esa licitaci\u00f3n las nuevas unidades generadoras comenzar\u00e1n a instalarse y producir gradualmente a partir del pr\u00f3ximo mes de junio, y tienen como fecha de t\u00e9rmino para alcanzar la producci\u00f3n m\u00e1xima el pr\u00f3ximo mes de octubre.<\/p>\n<p>La urgencia se debe a que el parque de generaci\u00f3n recibido en agosto del 2020 era claramente deficitario, puesto que si se abastec\u00eda la demanda m\u00e1xima de energ\u00eda la reserva que quedaba era menor del 5%, es decir, una capacidad tan exigua que cualquier salida por reparaci\u00f3n o mantenimiento de una planta en per\u00edodo de verano se traducir\u00eda sin dudas en apagones por d\u00e9ficit de capacidad instalada disponible. Esa situaci\u00f3n es una clara amenaza para el bienestar de la poblaci\u00f3n y para la recuperaci\u00f3n y crecimiento de la econom\u00eda.<\/p>\n<p>Esa situaci\u00f3n hab\u00eda sido se\u00f1alada en el a\u00f1o 2018 por un estudio encargado por la propia\u00a0<strong>CDEEE<\/strong>\u00a0a la firma argentina Mercados Energ\u00e9ticos, en el que se demostr\u00f3 la necesidad de instalar una central generadora de 600 MW basada en gas natural en el 2021 y otra tambi\u00e9n de 600 MW en el 2023. Adem\u00e1s, el estudio indicaba que anualmente el pa\u00eds deb\u00eda instalar 300 MW de energ\u00edas renovables dividido en 150 MW solar y 150 MW e\u00f3lica, estos detalles fueron ofrecidos por el\u00a0<strong>ministro de Energ\u00eda y Minas<\/strong>,<strong>\u00a0Antonio Almonte<\/strong>.<\/p>\n<p><img loading=\"lazy\" decoding=\"async\" src=\"https:\/\/presidencia.gob.do\/sites\/default\/files\/content\/IMG-20220309-WA0024.jpg\" alt=\"\" width=\"1599\" height=\"1170\" data-entity-type=\"file\" data-entity-uuid=\"a71a43d8-b885-44e6-95fd-7ddf1e6cf9ae\" \/><\/p>\n<p>Lamentablemente, el gobierno anterior, pese a conocer tan delicada situaci\u00f3n no busc\u00f3 ninguna soluci\u00f3n ni orden\u00f3 las licitaciones pertinentes para instalar las generadoras de gas natural indicadas ni tampoco para las renovables.<\/p>\n<p>Esa falta de reserva de generaci\u00f3n ha sido la causa efectiva de los recientes apagones provocados por la salida de la generadora AES Andr\u00e9s, para fines de reparaci\u00f3n, y de\u00a0<a href=\"https:\/\/presidencia.gob.do\/noticias\/punta-catalina-se-mantendra-como-propiedad-del-estado\">Punta Catalina<\/a>\u00a01 para mantenimiento.<\/p>\n<p>El\u00a0<strong>presidente Luis Abinader<\/strong>, a pocos meses de llegar al poder orden\u00f3 la licitaci\u00f3n LPI-EDES-01-2021, lanzada en febrero del 2021 para construir dos plantas de 400 MW cada una y una terminal para descarga y almacenamiento de gas natural en la costa de Manzanillo, Monte Cristi. El t\u00e9rmino de la licitaci\u00f3n ocurrir\u00e1 a final del pr\u00f3ximo mes de junio con la adjudicaci\u00f3n de las ofertas ganadoras.<\/p>\n<p>Adem\u00e1s, en enero del presente a\u00f1o se lanz\u00f3 otra licitaci\u00f3n de medio t\u00e9rmino tambi\u00e9n de 800 MW (LPI-EDES-003-2022), cuyo final y adjudicaci\u00f3n est\u00e1 prevista para antes de septiembre del 2022.<\/p>\n<p>En resumen, este gobierno est\u00e1 haciendo algo hist\u00f3rico en materia de generaci\u00f3n el\u00e9ctrica en el pa\u00eds, que es dotar a la naci\u00f3n de cerca de\u00a0<strong>2 mil nuevos megavatios<\/strong>\u00a0de potencia que se instalar\u00e1 una parte en 2022, y el resto antes de finalizar el 2025 y 2026.<\/p>\n<p>Con esa nueva capacidad se\u00a0<strong>renovar\u00e1 nuestro parque de generaci\u00f3n el\u00e9ctrica<\/strong>\u00a0y tendremos tambi\u00e9n por primera vez una capacidad adicional de plantas o reserva disponible para entrar en operaci\u00f3n de inmediato, en caso de que alguna central salga de operaci\u00f3n para reparaci\u00f3n urgente o para mantenimiento menor o mayor rutinario.<\/p>\n<p>Esa reserva se conoce como reserva fr\u00eda del sistema y con estos planes rondar\u00e1 cerca del\u00a0<strong>15%\u00a0<\/strong>de la demanda m\u00e1xima anual.<\/p>\n<p>A estas nuevas instalaciones de generaci\u00f3n se les sumar\u00e1n cientos de megavatios de origen solar y e\u00f3lico que ya comenzaron a instalarse en todo el pa\u00eds.<\/p>\n<p>Para respaldar y viabilizar toda esa nueva energ\u00eda el gobierno ha iniciado a trav\u00e9s de la\u00a0<strong>Empresa de Transmisi\u00f3n de Electricidad Dominicana (ETED)\u00a0<\/strong>un amplio plan de expansi\u00f3n de redes y subestaciones de alta tensi\u00f3n en las regiones sur, norte y este de la geograf\u00eda nacional.<\/p>\n<p>Ese tipo de planificaci\u00f3n estrat\u00e9gica y de acciones concretas nunca las hab\u00eda realizado gobierno alguno en la Rep\u00fablica Dominicana.<\/p>\n","protected":false},"excerpt":{"rendered":"<p>Santo Domingo. &#8211; El mes pasado concluy\u00f3 la\u00a0licitaci\u00f3n de urgencia\u00a0(LPI-EDE-02-2021) para instalar\u00a0400 nuevos megavatios (400MW)\u00a0al sistema el\u00e9ctrico nacional. El proceso fue lanzado el primero de diciembre del 2021. Dicha\u00a0licitaci\u00f3n\u00a0fue declarada&hellip; <\/p>\n","protected":false},"author":2,"featured_media":17304,"comment_status":"closed","ping_status":"closed","sticky":false,"template":"","format":"standard","meta":{"fifu_image_url":"","fifu_image_alt":"","footnotes":""},"categories":[182],"tags":[],"class_list":["post-17302","post","type-post","status-publish","format-standard","has-post-thumbnail","hentry","category-energia"],"_links":{"self":[{"href":"https:\/\/elmundodelosnegocios.com.do\/v1\/wp-json\/wp\/v2\/posts\/17302","targetHints":{"allow":["GET"]}}],"collection":[{"href":"https:\/\/elmundodelosnegocios.com.do\/v1\/wp-json\/wp\/v2\/posts"}],"about":[{"href":"https:\/\/elmundodelosnegocios.com.do\/v1\/wp-json\/wp\/v2\/types\/post"}],"author":[{"embeddable":true,"href":"https:\/\/elmundodelosnegocios.com.do\/v1\/wp-json\/wp\/v2\/users\/2"}],"replies":[{"embeddable":true,"href":"https:\/\/elmundodelosnegocios.com.do\/v1\/wp-json\/wp\/v2\/comments?post=17302"}],"version-history":[{"count":0,"href":"https:\/\/elmundodelosnegocios.com.do\/v1\/wp-json\/wp\/v2\/posts\/17302\/revisions"}],"wp:featuredmedia":[{"embeddable":true,"href":"https:\/\/elmundodelosnegocios.com.do\/v1\/wp-json\/wp\/v2\/media\/17304"}],"wp:attachment":[{"href":"https:\/\/elmundodelosnegocios.com.do\/v1\/wp-json\/wp\/v2\/media?parent=17302"}],"wp:term":[{"taxonomy":"category","embeddable":true,"href":"https:\/\/elmundodelosnegocios.com.do\/v1\/wp-json\/wp\/v2\/categories?post=17302"},{"taxonomy":"post_tag","embeddable":true,"href":"https:\/\/elmundodelosnegocios.com.do\/v1\/wp-json\/wp\/v2\/tags?post=17302"}],"curies":[{"name":"wp","href":"https:\/\/api.w.org\/{rel}","templated":true}]}}