{"id":17317,"date":"2022-05-16T13:53:01","date_gmt":"2022-05-16T18:23:01","guid":{"rendered":"https:\/\/elmundodelosnegocios.com.do\/v1\/?p=17317"},"modified":"2022-05-16T13:53:01","modified_gmt":"2022-05-16T18:23:01","slug":"participan-mas-200-personas-primera-caminata-concientizar-sobre-cuidado-encias","status":"publish","type":"post","link":"https:\/\/elmundodelosnegocios.com.do\/v1\/participan-mas-200-personas-primera-caminata-concientizar-sobre-cuidado-encias\/","title":{"rendered":"Participan mas 200 personas primera caminata concientizar sobre cuidado enc\u00edas"},"content":{"rendered":"<p style=\"font-weight: 400;\"><strong>Santo Domingo<\/strong>, R.D. Mayo 16, 2022.-\u00a0Con el lema \u201cCuida tus enc\u00edas, cuida tu salud\u201d, m\u00e1s de 200 personas participaron en la primera caminata realizada en el pa\u00eds para concientizar a la poblaci\u00f3n sobre la importancia de mantener una correcta higiene bucal y prevenir enfermedades de las enc\u00edas, las cuales afectan a la mayor parte de la poblaci\u00f3n adulta en Rep\u00fablica Dominicana.<\/p>\n<p style=\"font-weight: 400;\">Esta actividad, auspiciada por Colgate-Palmolive (Dominican Republic) Inc. y organizada por la\u00a0Sociedad Dominicana de Periodoncia e Implantes Dentales, el Colegio Dominicano de Odont\u00f3logos, la Fundaci\u00f3n Operaci\u00f3n Sonrisa, Caribbean Oral Health Initiative y Aliados por la Salud Oral Dominicana,\u00a0se realiz\u00f3 en el marco del D\u00eda Internacional de la Salud de las Enc\u00edas con la finalidad de promover los beneficios que tiene el cuidado bucodental para la salud.<\/p>\n<div id='gallery-1' class='gallery galleryid-17317 gallery-columns-3 gallery-size-large'><figure class='gallery-item'>\n\t\t\t<div class='gallery-icon landscape'>\n\t\t\t\t<a href='https:\/\/elmundodelosnegocios.com.do\/v1\/wp-content\/uploads\/2022\/05\/James-Collins-Gerardo-Mesa-Luis-Despradel-Ninoska-Abreu-NIcole-Bournigal-Virginia-Laureano-Irma-Mauriz-y-Carlos-Miqui.jpg'><img loading=\"lazy\" decoding=\"async\" width=\"1000\" height=\"666\" src=\"https:\/\/elmundodelosnegocios.com.do\/v1\/wp-content\/uploads\/2022\/05\/James-Collins-Gerardo-Mesa-Luis-Despradel-Ninoska-Abreu-NIcole-Bournigal-Virginia-Laureano-Irma-Mauriz-y-Carlos-Miqui.jpg\" class=\"attachment-large size-large\" alt=\"\" srcset=\"https:\/\/elmundodelosnegocios.com.do\/v1\/wp-content\/uploads\/2022\/05\/James-Collins-Gerardo-Mesa-Luis-Despradel-Ninoska-Abreu-NIcole-Bournigal-Virginia-Laureano-Irma-Mauriz-y-Carlos-Miqui.jpg 1000w, https:\/\/elmundodelosnegocios.com.do\/v1\/wp-content\/uploads\/2022\/05\/James-Collins-Gerardo-Mesa-Luis-Despradel-Ninoska-Abreu-NIcole-Bournigal-Virginia-Laureano-Irma-Mauriz-y-Carlos-Miqui-300x200.jpg 300w, https:\/\/elmundodelosnegocios.com.do\/v1\/wp-content\/uploads\/2022\/05\/James-Collins-Gerardo-Mesa-Luis-Despradel-Ninoska-Abreu-NIcole-Bournigal-Virginia-Laureano-Irma-Mauriz-y-Carlos-Miqui-768x511.jpg 768w\" sizes=\"auto, (max-width: 1000px) 100vw, 1000px\" \/><\/a>\n\t\t\t<\/div><\/figure><figure class='gallery-item'>\n\t\t\t<div class='gallery-icon landscape'>\n\t\t\t\t<a href='https:\/\/elmundodelosnegocios.com.do\/v1\/wp-content\/uploads\/2022\/05\/DSC1406.jpg'><img loading=\"lazy\" decoding=\"async\" width=\"1000\" height=\"666\" src=\"https:\/\/elmundodelosnegocios.com.do\/v1\/wp-content\/uploads\/2022\/05\/DSC1406.jpg\" class=\"attachment-large size-large\" alt=\"\" srcset=\"https:\/\/elmundodelosnegocios.com.do\/v1\/wp-content\/uploads\/2022\/05\/DSC1406.jpg 1000w, https:\/\/elmundodelosnegocios.com.do\/v1\/wp-content\/uploads\/2022\/05\/DSC1406-300x200.jpg 300w, https:\/\/elmundodelosnegocios.com.do\/v1\/wp-content\/uploads\/2022\/05\/DSC1406-768x511.jpg 768w\" sizes=\"auto, (max-width: 1000px) 100vw, 1000px\" \/><\/a>\n\t\t\t<\/div><\/figure><figure class='gallery-item'>\n\t\t\t<div class='gallery-icon landscape'>\n\t\t\t\t<a href='https:\/\/elmundodelosnegocios.com.do\/v1\/wp-content\/uploads\/2022\/05\/James-Collins-Ninoska-Abreu-Nicole-Bournigal-Virginia-Laureano-Irma-Mauriz-y-Carlos-Miqui.jpg'><img loading=\"lazy\" decoding=\"async\" width=\"1000\" height=\"703\" src=\"https:\/\/elmundodelosnegocios.com.do\/v1\/wp-content\/uploads\/2022\/05\/James-Collins-Ninoska-Abreu-Nicole-Bournigal-Virginia-Laureano-Irma-Mauriz-y-Carlos-Miqui.jpg\" class=\"attachment-large size-large\" alt=\"\" srcset=\"https:\/\/elmundodelosnegocios.com.do\/v1\/wp-content\/uploads\/2022\/05\/James-Collins-Ninoska-Abreu-Nicole-Bournigal-Virginia-Laureano-Irma-Mauriz-y-Carlos-Miqui.jpg 1000w, https:\/\/elmundodelosnegocios.com.do\/v1\/wp-content\/uploads\/2022\/05\/James-Collins-Ninoska-Abreu-Nicole-Bournigal-Virginia-Laureano-Irma-Mauriz-y-Carlos-Miqui-300x211.jpg 300w, https:\/\/elmundodelosnegocios.com.do\/v1\/wp-content\/uploads\/2022\/05\/James-Collins-Ninoska-Abreu-Nicole-Bournigal-Virginia-Laureano-Irma-Mauriz-y-Carlos-Miqui-768x540.jpg 768w\" sizes=\"auto, (max-width: 1000px) 100vw, 1000px\" \/><\/a>\n\t\t\t<\/div><\/figure>\n\t\t<\/div>\n\n<p style=\"font-weight: 400;\">En el evento que se realiz\u00f3 el domingo 15 de mayo, la Gerente Regional de Cuidado Oral Profesional de Colgate-Palmolive, Irma Mauriz, dijo que la salud de las enc\u00edas es esencial para mejorar la calidad de vida y generar bienestar. En ese sentido, inst\u00f3 a las familias<em>\u00a0a \u201cproteger y educar sobre los buenos h\u00e1bitos de higiene para cuidar de su salud bucal, ayudando a evitar enfermedades y mantener un cuerpo sano y una sonrisa brillante\u201d.<\/em><\/p>\n<p style=\"font-weight: 400;\">El secretario de Asuntos Internacionales y de Cooperaci\u00f3n del Colegio Dominicano de Odont\u00f3logos, James Collins Calca\u00f1o, cit\u00f3 un estudio sobre la prevalencia de lesiones de mucosa oral, el cual demostr\u00f3 que la poblaci\u00f3n dominicana tiene una alta incidencia en problemas periodontales, por lo que hizo un llamado a darle una mayor importancia al cuidado de\u00a0las enc\u00edas.<\/p>\n<p style=\"font-weight: 400;\">El especialista asegur\u00f3 que el cuidado\u00a0de las enc\u00edas\u00a0ayuda a prevenir diversas enfermedades como\u00a0la diabetes, problemas cardiovasculares, artritis reumatoide, complicaciones del embarazo y otras afecciones cr\u00f3nicas.<\/p>\n<p style=\"font-weight: 400;\"><em>\u201c<\/em><em>Con esta caminata queremos enviar el mensaje a la poblaci\u00f3n de que se debe tener una salud bucal adecuada para evitar estas enfermedades. As\u00ed mismo, instamos a las autoridades del sistema de salud p\u00fablica, escuelas, universidades e instituciones privadas, a trabajar en coordinaci\u00f3n para combatir estas afecciones que, por sus consecuencias en la salud, son consideradas como un problema sanitario\u201d, enfatiz\u00f3.<\/em><\/p>\n<p style=\"font-weight: 400;\">En tanto, el presidente de la Sociedad Dominicana de Periodoncia e Implantes Dentales (SODOPERIO), Carlos Tejada Miqui, resalt\u00f3 que la gingivitis y la periodontitis, principales enfermedades que afectan a las enc\u00edas, son f\u00e1cilmente prevenibles con una adecuada alimentaci\u00f3n y una correcta higiene bucal.<\/p>\n<p style=\"font-weight: 400;\"><em>\u201cEs preferible invertir en prevenci\u00f3n que en tratamiento, por eso organizamos iniciativas como esta para informar a la poblaci\u00f3n sobre la importancia de cuidar las enc\u00edas como parte de nuestra rutina diaria\u201d, indic\u00f3.<\/em><\/p>\n<p style=\"font-weight: 400;\">La directora ejecutiva de Fundaci\u00f3n Operaci\u00f3n Sonrisa Rep\u00fablica Dominicana, Nicole Bournigal, recomend\u00f3 el uso de t\u00e9cnicas de cepillado, hilo dental y enjuagues bucales y una buena nutrici\u00f3n adecuada para mantener un buen cuidado de las enc\u00edas en ni\u00f1os que sufren de la condici\u00f3n de Labio Paladar Hendido.<\/p>\n<p style=\"font-weight: 400;\"><strong>M\u00e1s sobre la iniciativa<\/strong><\/p>\n<p style=\"font-weight: 400;\">A la caminata en la que se recorrieron cinco kil\u00f3metros asistieron odont\u00f3logos, estudiantes, voluntarios y familias, quienes apoyaron esta valiosa iniciativa a favor del bienestar de la poblaci\u00f3n dominicana.<\/p>\n<p style=\"font-weight: 400;\">Cada 12 de mayo se conmemora el D\u00eda Internacional de la Salud de las Enc\u00edas para concientizar sobre la importancia de la promoci\u00f3n, prevenci\u00f3n, el diagn\u00f3stico precoz y el tratamiento eficaz de las enfermedades de las enc\u00edas, tales como la gingivitis, periodontitis, mucositis periimplantaria y periimplantitis.<\/p>\n<p style=\"font-weight: 400;\">La Caminata por la Salud Oral Dominicana se realiz\u00f3 en la Avenida de la Salud, en el parque Mirador Sur del Distrito Nacional.<\/p>\n","protected":false},"excerpt":{"rendered":"<p>Santo Domingo, R.D. Mayo 16, 2022.-\u00a0Con el lema \u201cCuida tus enc\u00edas, cuida tu salud\u201d, m\u00e1s de 200 personas participaron en la primera caminata realizada en el pa\u00eds para concientizar a&hellip; <\/p>\n","protected":false},"author":2,"featured_media":17320,"comment_status":"closed","ping_status":"closed","sticky":false,"template":"","format":"standard","meta":{"fifu_image_url":"","fifu_image_alt":"","footnotes":""},"categories":[80],"tags":[],"class_list":["post-17317","post","type-post","status-publish","format-standard","has-post-thumbnail","hentry","category-salud"],"_links":{"self":[{"href":"https:\/\/elmundodelosnegocios.com.do\/v1\/wp-json\/wp\/v2\/posts\/17317","targetHints":{"allow":["GET"]}}],"collection":[{"href":"https:\/\/elmundodelosnegocios.com.do\/v1\/wp-json\/wp\/v2\/posts"}],"about":[{"href":"https:\/\/elmundodelosnegocios.com.do\/v1\/wp-json\/wp\/v2\/types\/post"}],"author":[{"embeddable":true,"href":"https:\/\/elmundodelosnegocios.com.do\/v1\/wp-json\/wp\/v2\/users\/2"}],"replies":[{"embeddable":true,"href":"https:\/\/elmundodelosnegocios.com.do\/v1\/wp-json\/wp\/v2\/comments?post=17317"}],"version-history":[{"count":0,"href":"https:\/\/elmundodelosnegocios.com.do\/v1\/wp-json\/wp\/v2\/posts\/17317\/revisions"}],"wp:featuredmedia":[{"embeddable":true,"href":"https:\/\/elmundodelosnegocios.com.do\/v1\/wp-json\/wp\/v2\/media\/17320"}],"wp:attachment":[{"href":"https:\/\/elmundodelosnegocios.com.do\/v1\/wp-json\/wp\/v2\/media?parent=17317"}],"wp:term":[{"taxonomy":"category","embeddable":true,"href":"https:\/\/elmundodelosnegocios.com.do\/v1\/wp-json\/wp\/v2\/categories?post=17317"},{"taxonomy":"post_tag","embeddable":true,"href":"https:\/\/elmundodelosnegocios.com.do\/v1\/wp-json\/wp\/v2\/tags?post=17317"}],"curies":[{"name":"wp","href":"https:\/\/api.w.org\/{rel}","templated":true}]}}