{"id":17348,"date":"2022-05-17T10:03:06","date_gmt":"2022-05-17T14:33:06","guid":{"rendered":"https:\/\/elmundodelosnegocios.com.do\/v1\/?p=17348"},"modified":"2022-05-17T10:03:06","modified_gmt":"2022-05-17T14:33:06","slug":"proindustria-inicia-trabajos-de-remozamiento-del-parque-industrial-de-san-francisco-de-macoris","status":"publish","type":"post","link":"https:\/\/elmundodelosnegocios.com.do\/v1\/proindustria-inicia-trabajos-de-remozamiento-del-parque-industrial-de-san-francisco-de-macoris\/","title":{"rendered":"Proindustria inicia trabajos de remozamiento del parque industrial de San Francisco de Macor\u00eds"},"content":{"rendered":"<p>San Francisco de Macor\u00eds .- El\u00a0<strong>Centro de Desarrollo y Competitividad Industrial (Proindustria)<\/strong>\u00a0dej\u00f3 iniciados los trabajos de\u00a0<strong>remozamiento\u00a0<\/strong>del parque industrial de la\u00a0<strong>Zona Franca de<a href=\"https:\/\/presidencia.gob.do\/noticias\/presidente-luis-abinader-preside-consejo-de-gobierno-en-san-francisco-de-macoris-anuncia\">\u00a0San Francisco de Macor\u00eds<\/a><\/strong>, para acondicionar la infraestructura que ten\u00eda m\u00e1s de 20 a\u00f1os abandonada, con el prop\u00f3sito de dar cabida a un incremento de los empleos en 3,000.<\/p>\n<p>El acto de comienzo de los trabajos los encabez\u00f3 el\u00a0<strong>director general de Proindustria, se\u00f1or Ulises Rodr\u00edguez<\/strong>, junto a autoridades gubernamentales y locales, empresarios que operan en el parque y personal de la instituci\u00f3n.<\/p>\n<p>Rodr\u00edguez ponder\u00f3 la importancia de acondicionar esta\u00a0<a href=\"https:\/\/presidencia.gob.do\/noticias\/gobierno-reactivara-zona-franca-en-salcedo-para-aportar-300-nuevos-empleos-tras-10-anos-de\">zona franca<\/a>\u00a0y ponerla en capacidad para\u00a0<strong>albergar a m\u00e1s empresas<\/strong>\u00a0y se garanticen nuevos empleos.<\/p>\n<p>Se\u00f1al\u00f3 que el sector de las zonas francas es la v\u00eda m\u00e1s r\u00e1pida para\u00a0<strong>generar empleos y divisas<\/strong>, as\u00ed como mover la econom\u00eda de los pueblos, como medio de posibilitar el bienestar de sus habitantes, raz\u00f3n por la cual se inician estos trabajos de remozamiento.<\/p>\n<p><img loading=\"lazy\" decoding=\"async\" src=\"https:\/\/presidencia.gob.do\/sites\/default\/files\/content\/WhatsApp%20Image%202022-05-17%20at%209.38.52%20AM%20%281%29.jpeg\" alt=\"\" width=\"1024\" height=\"682\" data-entity-type=\"file\" data-entity-uuid=\"409b7918-e823-4833-b72d-6eb046cbc891\" \/><\/p>\n<p>Explic\u00f3 que, actualmente, el parque cuenta con\u00a0<strong>10 naves industriales<\/strong>, en las que operan Industrias San Miguel del Caribe (ISM), Nova Textil y Macor\u00eds Shoes, las cuales generan unos 180 empleos directos. La empresa Jan S.R.L., est\u00e1 en proceso de instalaci\u00f3n.<\/p>\n<p>\u201c<em>El objetivo de este remozamiento es que, una vez terminado, pueda generar unos 3,000 empleos para la provincia Duarte<\/em>\u201d, afirm\u00f3 Rodr\u00edguez, en la ceremonia que cont\u00f3 con la presencia del director del Consejo Nacional de Zonas Francas de Exportaci\u00f3n (CNZFE), Daniel Liranzo; el senador de la provincia Duarte, Franklin Romero; la gobernadora de la provincia Duarte, Ana Xiomara Cort\u00e9s, entre otras personalidades de la provincia.<\/p>\n<p>El 12 de octubre del 2020, el se\u00f1or Rodr\u00edguez visit\u00f3 el parque de San Francisco de Macor\u00eds, acompa\u00f1ado del senador Romero, y se comprometi\u00f3 a trabajar en favor de las zonas francas que operan en lugares en estado de abandono. Sostuvo que el sector de las zonas francas es una\u00a0<strong>prioridad para el presidente de la Rep\u00fablica, Luis Abinader<\/strong>, y parte del plan de relanzamiento del sector industrial.<\/p>\n<p>En el recorrido, Rodr\u00edguez manifest\u00f3 que el municipio de San Francisco de Macor\u00eds y toda la provincia Duarte merecen una mejor cara, ya que el parque de zona franca est\u00e1 ubicado justo en la entrada del pueblo y es lo primero que se avista. \u201c<em>Desde Proindustria, seguimos comprometidos con el desarrollo industrial del pa\u00eds, a trav\u00e9s del<\/em>\u00a0<em>remozamiento de parques y la construcci\u00f3n de naves industriales, para ser m\u00e1s competitivos y generar m\u00e1s empleos. Esta jornada nos conduce a lo mejor que tiene el ser humano, producir bienes para vivir mejor<\/em>\u201d.<\/p>\n","protected":false},"excerpt":{"rendered":"<p>San Francisco de Macor\u00eds .- El\u00a0Centro de Desarrollo y Competitividad Industrial (Proindustria)\u00a0dej\u00f3 iniciados los trabajos de\u00a0remozamiento\u00a0del parque industrial de la\u00a0Zona Franca de\u00a0San Francisco de Macor\u00eds, para acondicionar la infraestructura que&hellip; <\/p>\n","protected":false},"author":2,"featured_media":17350,"comment_status":"closed","ping_status":"closed","sticky":false,"template":"","format":"standard","meta":{"fifu_image_url":"","fifu_image_alt":"","footnotes":""},"categories":[177],"tags":[],"class_list":["post-17348","post","type-post","status-publish","format-standard","has-post-thumbnail","hentry","category-zona-franca"],"_links":{"self":[{"href":"https:\/\/elmundodelosnegocios.com.do\/v1\/wp-json\/wp\/v2\/posts\/17348","targetHints":{"allow":["GET"]}}],"collection":[{"href":"https:\/\/elmundodelosnegocios.com.do\/v1\/wp-json\/wp\/v2\/posts"}],"about":[{"href":"https:\/\/elmundodelosnegocios.com.do\/v1\/wp-json\/wp\/v2\/types\/post"}],"author":[{"embeddable":true,"href":"https:\/\/elmundodelosnegocios.com.do\/v1\/wp-json\/wp\/v2\/users\/2"}],"replies":[{"embeddable":true,"href":"https:\/\/elmundodelosnegocios.com.do\/v1\/wp-json\/wp\/v2\/comments?post=17348"}],"version-history":[{"count":0,"href":"https:\/\/elmundodelosnegocios.com.do\/v1\/wp-json\/wp\/v2\/posts\/17348\/revisions"}],"wp:featuredmedia":[{"embeddable":true,"href":"https:\/\/elmundodelosnegocios.com.do\/v1\/wp-json\/wp\/v2\/media\/17350"}],"wp:attachment":[{"href":"https:\/\/elmundodelosnegocios.com.do\/v1\/wp-json\/wp\/v2\/media?parent=17348"}],"wp:term":[{"taxonomy":"category","embeddable":true,"href":"https:\/\/elmundodelosnegocios.com.do\/v1\/wp-json\/wp\/v2\/categories?post=17348"},{"taxonomy":"post_tag","embeddable":true,"href":"https:\/\/elmundodelosnegocios.com.do\/v1\/wp-json\/wp\/v2\/tags?post=17348"}],"curies":[{"name":"wp","href":"https:\/\/api.w.org\/{rel}","templated":true}]}}