{"id":17356,"date":"2022-05-17T10:20:58","date_gmt":"2022-05-17T14:50:58","guid":{"rendered":"https:\/\/elmundodelosnegocios.com.do\/v1\/?p=17356"},"modified":"2022-05-17T10:20:58","modified_gmt":"2022-05-17T14:50:58","slug":"indotel-presenta-la-primera-transmision-de-television-digital-en-el-pais","status":"publish","type":"post","link":"https:\/\/elmundodelosnegocios.com.do\/v1\/indotel-presenta-la-primera-transmision-de-television-digital-en-el-pais\/","title":{"rendered":"Indotel presenta la primera transmisi\u00f3n de televisi\u00f3n digital en el pa\u00eds"},"content":{"rendered":"<p>Santo Domingo. &#8211; El\u00a0<strong>Instituto Dominicano de las Telecomunicaciones (Indotel)\u00a0<\/strong>present\u00f3 el proyecto de implementaci\u00f3n de la\u00a0<strong>Televisi\u00f3n Terrestre Digital (TTD)<\/strong>\u00a0y realiz\u00f3 junto a la televisora\u00a0<strong>Color Visi\u00f3n Canal 9\u00a0<\/strong>la primera<strong>\u00a0trasmisi\u00f3n en vivo\u00a0<\/strong>de\u00a0<strong>televisi\u00f3n digital<\/strong>\u00a0en el pa\u00eds.<\/p>\n<p>La presentaci\u00f3n del proyecto de\u00a0<strong>TTD<\/strong>\u00a0estuvo a cargo del ingeniero en electr\u00f3nica y telecomunicaciones,\u00a0<strong>\u00c1lvaro Nadal,\u00a0<\/strong>quien expuso el proceso llevado a cabo por el \u00f3rgano regulador para la implementaci\u00f3n del proyecto de digitalizaci\u00f3n de la televisi\u00f3n an\u00e1loga en el pa\u00eds.<\/p>\n<p>Asimismo, explic\u00f3 los beneficios que recibir\u00e1n los usuarios al momento de que se inicie la transmisi\u00f3n en digital de la televisi\u00f3n abierta. Dentro de ellas la transmisi\u00f3n en alta definici\u00f3n de las im\u00e1genes, como tambi\u00e9n un sonido \u00f3ptimo. Mientras que para las plantas operadoras representar\u00e1 mejores capacidades tecnol\u00f3gicas de transmisi\u00f3n y optimizaci\u00f3n en los costos de operaci\u00f3n.<\/p>\n<p>La televisora Color Visi\u00f3n realiz\u00f3, desde sus estudios, la prueba de transmisi\u00f3n digital abierta en el pa\u00eds, hecho que marca un\u00a0<strong>precedente<\/strong>\u00a0en el sector de las telecomunicaciones de la Rep\u00fablica Dominicana.<\/p>\n<p>La gesti\u00f3n encabezada por el presidente del Consejo Directivo del Indotel,\u00a0<strong>Nelson Arroyo<\/strong>, ha puesto todos los esfuerzos para lograr que la\u00a0<strong>TTD<\/strong>\u00a0sea una realidad luego de estar debati\u00e9ndose por m\u00e1s de una d\u00e9cada.<\/p>\n<p><em>\u201cHemos dado los pasos necesarios para que la televisi\u00f3n digital sea por fin una realidad en la Rep\u00fablica Dominicana, y nos hemos asegurado de que todos los dominicanos puedan recibir esta tecnolog\u00eda a trav\u00e9s de la inversi\u00f3n que estamos haciendo para la adquisici\u00f3n de las cajas convertidoras<\/em>\u201d, expres\u00f3 Nelson Arroyo, titular del \u00f3rgano regulador de las telecomunicaciones.<\/p>\n<p>El Estado dominicano realizar\u00e1 una inversi\u00f3n millonaria con fondos del\u00a0<strong>Banco Interamericano para el Desarrollo (BID)\u00a0<\/strong>para la compra de\u00a0<strong>450 mil cajas convertidoras\u00a0<\/strong>de se\u00f1al digital, las cuales ser\u00e1n distribuidas a hogares vulnerables del pa\u00eds; asegurando as\u00ed el acceso a esta tecnolog\u00eda.<\/p>\n<p><img loading=\"lazy\" decoding=\"async\" src=\"https:\/\/presidencia.gob.do\/sites\/default\/files\/content\/WhatsApp%20Image%202022-05-16%20at%205.49.30%20PM%20%281%29.jpeg\" alt=\"\" width=\"1280\" height=\"862\" data-entity-type=\"file\" data-entity-uuid=\"b7f82570-8cbb-4613-acd4-39f1a5c79496\" \/><\/p>\n<p>El est\u00e1ndar aprobado por el pa\u00eds para la implementaci\u00f3n de la Televisi\u00f3n Terrestre Digital es el ATSC1.0.<\/p>\n<p>Durante el acto estuvieron presentes los miembros de Consejo Directivo, Hilda Patricia Polanco, Pr\u00edamo Ram\u00edrez, Fausto Rosario, Pavel Isa y la directora ejecutiva del Indotel, Julissa Cruz; quienes estuvieron acompa\u00f1ados por directores, gerentes y colaboradores de la instituci\u00f3n.<\/p>\n<p>Tambi\u00e9n estuvieron presentes miembros de los medios de comunicaci\u00f3n, de las prestadoras de servicios de telecomunicaciones, estudiantes y profesores de las escuelas de comunicaci\u00f3n social<\/p>\n<p>Con este importante evento el\u00a0<a href=\"https:\/\/presidencia.gob.do\/noticias\/indotel-llevara-internet-banda-ancha-gratis-26-municipios-pobres-del-pais\"><strong>Indotel<\/strong>\u00a0<\/a>dio inicio la celebraci\u00f3n de la\u00a0<strong>Semana de las Telecomunicaciones<\/strong>, la cual cuenta con una variada agenda de actividades que se estar\u00e1n desarrollando del 16 al 20 de mayo, y que incluye el panel sobre Cyberbullying y el taller de rob\u00f3tica a estudiantes, ambos eventos se realizar\u00e1n en el\u00a0<strong>Centro Indotel Cultura Digital.<\/strong><\/p>\n","protected":false},"excerpt":{"rendered":"<p>Santo Domingo. &#8211; El\u00a0Instituto Dominicano de las Telecomunicaciones (Indotel)\u00a0present\u00f3 el proyecto de implementaci\u00f3n de la\u00a0Televisi\u00f3n Terrestre Digital (TTD)\u00a0y realiz\u00f3 junto a la televisora\u00a0Color Visi\u00f3n Canal 9\u00a0la primera\u00a0trasmisi\u00f3n en vivo\u00a0de\u00a0televisi\u00f3n digital\u00a0en&hellip; <\/p>\n","protected":false},"author":2,"featured_media":17357,"comment_status":"closed","ping_status":"closed","sticky":false,"template":"","format":"standard","meta":{"fifu_image_url":"","fifu_image_alt":"","footnotes":""},"categories":[64],"tags":[],"class_list":["post-17356","post","type-post","status-publish","format-standard","has-post-thumbnail","hentry","category-telecomunicaciones"],"_links":{"self":[{"href":"https:\/\/elmundodelosnegocios.com.do\/v1\/wp-json\/wp\/v2\/posts\/17356","targetHints":{"allow":["GET"]}}],"collection":[{"href":"https:\/\/elmundodelosnegocios.com.do\/v1\/wp-json\/wp\/v2\/posts"}],"about":[{"href":"https:\/\/elmundodelosnegocios.com.do\/v1\/wp-json\/wp\/v2\/types\/post"}],"author":[{"embeddable":true,"href":"https:\/\/elmundodelosnegocios.com.do\/v1\/wp-json\/wp\/v2\/users\/2"}],"replies":[{"embeddable":true,"href":"https:\/\/elmundodelosnegocios.com.do\/v1\/wp-json\/wp\/v2\/comments?post=17356"}],"version-history":[{"count":0,"href":"https:\/\/elmundodelosnegocios.com.do\/v1\/wp-json\/wp\/v2\/posts\/17356\/revisions"}],"wp:featuredmedia":[{"embeddable":true,"href":"https:\/\/elmundodelosnegocios.com.do\/v1\/wp-json\/wp\/v2\/media\/17357"}],"wp:attachment":[{"href":"https:\/\/elmundodelosnegocios.com.do\/v1\/wp-json\/wp\/v2\/media?parent=17356"}],"wp:term":[{"taxonomy":"category","embeddable":true,"href":"https:\/\/elmundodelosnegocios.com.do\/v1\/wp-json\/wp\/v2\/categories?post=17356"},{"taxonomy":"post_tag","embeddable":true,"href":"https:\/\/elmundodelosnegocios.com.do\/v1\/wp-json\/wp\/v2\/tags?post=17356"}],"curies":[{"name":"wp","href":"https:\/\/api.w.org\/{rel}","templated":true}]}}