{"id":17385,"date":"2022-05-18T13:00:02","date_gmt":"2022-05-18T17:30:02","guid":{"rendered":"http:\/\/elmundodelosnegocios.com.do\/v1\/?p=17385"},"modified":"2022-05-18T13:00:02","modified_gmt":"2022-05-18T17:30:02","slug":"catem-firma-una-alianza-historica-con-ugt","status":"publish","type":"post","link":"https:\/\/elmundodelosnegocios.com.do\/v1\/catem-firma-una-alianza-historica-con-ugt\/","title":{"rendered":"CATEM firma una alianza hist\u00f3rica con UGT"},"content":{"rendered":"<p>El Secretario General de la Confederaci\u00f3n Aut\u00f3noma de Trabajadores y Empleados de M\u00e9xico (CATEM), Pedro Haces Barba, y Pepe \u00c1lvarez, de la Uni\u00f3n General de Trabajadores (UGT) de Espa\u00f1a, firmaron un convenio de colaboraci\u00f3n entre ambas organizaciones sindicales para proteger los derechos de sus agremiados, a fin de garantizar sus garant\u00edas laborales y de derechos humanos en ambos pa\u00edses para atender la revoluci\u00f3n industrial 4.0.<br \/>\nEn las oficinas de la UGT, la organizaci\u00f3n sindical m\u00e1s grande de Espa\u00f1a, el secretario General, Pepe \u00c1lvarez Su\u00e1rez, recibi\u00f3 a una delegaci\u00f3n de CATEM, encabezada por Haces Barba, quien explic\u00f3 que este protocolo de colaboraci\u00f3n permitir\u00e1, adem\u00e1s, otorgar oportunidades de trabajo a los empleados de ambos pa\u00edses donde la globalizaci\u00f3n ha permitido que sus trabajadores crucen fronteras y cada vez necesiten mejores capacitaciones laborales, asesor\u00edas y cursos.<br \/>\nCon est\u00e1 alianza hist\u00f3rica, se destacan algunos puntos importantes del convenio de colaboraci\u00f3n que se establece que tanto como CATEM como la UGT impulsar\u00e1n la cooperaci\u00f3n y colaboraci\u00f3n de ambos sindicatos en la lucha por la defensa de las personas trabajadoras; la elaboraci\u00f3n e implementaci\u00f3n de programas de capacitaci\u00f3n y acceso al empleo; la gesti\u00f3n con las respectivas autoridades en Espa\u00f1a y M\u00e9xico, para la validaci\u00f3n de estudios, conocimientos, talleres, cursos, entre otros, de cara a fomentar el trabajo digno y sus derechos laborales, lo que brindar\u00e1 a sus agremiados oportunidades laborales, una mejor calidad de vida para sus familias y un mejor desarrollo personal y profesional.<br \/>\nEl secretario General de CATEM, Pedro Haces Barba, sostuvo que \u201cCATEM est\u00e1 hermanado con UGT, y en ambas organizaciones velar\u00e1n por los derechos de los trabajadores no s\u00f3lo en M\u00e9xico y Espa\u00f1a, sino en todo el mundo. Somos la primera organizaci\u00f3n mexicana que est\u00e1 abriendo conexi\u00f3n con organizaciones sindicales hom\u00f3logas alrededor del mundo, porque los derechos laborales son universales y en cada rinc\u00f3n de cada uno de los pa\u00edses tenemos a\u00fan trabajadores indefensos y que no conocen sus derechos\u201d.<br \/>\nPor su parte, Pepe \u00c1lvarez, manifest\u00f3 que para UGT \u201ces un honor suscribir este protocolo de colaboraci\u00f3n. Ahora estamos m\u00e1s unidos que nunca y como organizaciones sindicales lucharemos en conjunto por los trabajadores sin importar su lugar de origen\u201d.<br \/>\nEn los pr\u00f3ximos d\u00edas, el Secretario General de CATEM, Pedro Haces Barba, se reunir\u00e1 con l\u00edderes de diferentes confederaciones sindicales europeas.<\/p>\n","protected":false},"excerpt":{"rendered":"<p>El Secretario General de la Confederaci\u00f3n Aut\u00f3noma de Trabajadores y Empleados de M\u00e9xico (CATEM), Pedro Haces Barba, y Pepe \u00c1lvarez, de la Uni\u00f3n General de Trabajadores (UGT) de Espa\u00f1a, firmaron&hellip; <\/p>\n","protected":false},"author":2,"featured_media":17387,"comment_status":"closed","ping_status":"closed","sticky":false,"template":"","format":"standard","meta":{"fifu_image_url":"","fifu_image_alt":"","footnotes":""},"categories":[151],"tags":[],"class_list":["post-17385","post","type-post","status-publish","format-standard","has-post-thumbnail","hentry","category-gerencia"],"_links":{"self":[{"href":"https:\/\/elmundodelosnegocios.com.do\/v1\/wp-json\/wp\/v2\/posts\/17385","targetHints":{"allow":["GET"]}}],"collection":[{"href":"https:\/\/elmundodelosnegocios.com.do\/v1\/wp-json\/wp\/v2\/posts"}],"about":[{"href":"https:\/\/elmundodelosnegocios.com.do\/v1\/wp-json\/wp\/v2\/types\/post"}],"author":[{"embeddable":true,"href":"https:\/\/elmundodelosnegocios.com.do\/v1\/wp-json\/wp\/v2\/users\/2"}],"replies":[{"embeddable":true,"href":"https:\/\/elmundodelosnegocios.com.do\/v1\/wp-json\/wp\/v2\/comments?post=17385"}],"version-history":[{"count":0,"href":"https:\/\/elmundodelosnegocios.com.do\/v1\/wp-json\/wp\/v2\/posts\/17385\/revisions"}],"wp:featuredmedia":[{"embeddable":true,"href":"https:\/\/elmundodelosnegocios.com.do\/v1\/wp-json\/wp\/v2\/media\/17387"}],"wp:attachment":[{"href":"https:\/\/elmundodelosnegocios.com.do\/v1\/wp-json\/wp\/v2\/media?parent=17385"}],"wp:term":[{"taxonomy":"category","embeddable":true,"href":"https:\/\/elmundodelosnegocios.com.do\/v1\/wp-json\/wp\/v2\/categories?post=17385"},{"taxonomy":"post_tag","embeddable":true,"href":"https:\/\/elmundodelosnegocios.com.do\/v1\/wp-json\/wp\/v2\/tags?post=17385"}],"curies":[{"name":"wp","href":"https:\/\/api.w.org\/{rel}","templated":true}]}}