{"id":17389,"date":"2022-05-18T13:16:02","date_gmt":"2022-05-18T17:46:02","guid":{"rendered":"http:\/\/elmundodelosnegocios.com.do\/v1\/?p=17389"},"modified":"2022-05-18T13:16:02","modified_gmt":"2022-05-18T17:46:02","slug":"foro-impulsa-popular-anima-a-las-pymes-a-exportar","status":"publish","type":"post","link":"https:\/\/elmundodelosnegocios.com.do\/v1\/foro-impulsa-popular-anima-a-las-pymes-a-exportar\/","title":{"rendered":"Foro Impulsa Popular anima a las pymes a exportar"},"content":{"rendered":"<p><b>Participantes ampliaron conocimientos en torno a la internacionalizaci\u00f3n<\/b><\/p>\n<p><span style=\"font-weight: 400;\">Santo Domingo, D.N. \u2013 El Banco Popular Dominicano realiz\u00f3 la octava edici\u00f3n del Foro Impulsa Popular el pasado 17 de mayo, en la cual se anim\u00f3 a las peque\u00f1as y medianas empresas (pymes) a aprovechar las oportunidades de la internacionalizaci\u00f3n, brind\u00e1ndoles herramientas esenciales para incursionar en el comercio exterior con la exportaci\u00f3n de sus productos y servicios.<\/span><\/p>\n<figure id=\"attachment_17391\" aria-describedby=\"caption-attachment-17391\" style=\"width: 1000px\" class=\"wp-caption aligncenter\"><a href=\"http:\/\/elmundodelosnegocios.com.do\/v1\/wp-content\/uploads\/2022\/05\/03-1.jpg\"><img loading=\"lazy\" decoding=\"async\" class=\"wp-image-17391 size-full\" src=\"http:\/\/elmundodelosnegocios.com.do\/v1\/wp-content\/uploads\/2022\/05\/03-1.jpg\" alt=\"El se\u00f1or Christopher Paniagua, presidente ejecutivo del Banco Popular Dominicano, realz\u00f3 las virtudes de la Rep\u00fablica Dominicana que facilitan la exportaci\u00f3n y el apoyo de la entidad bancaria a las pymes. \" width=\"1000\" height=\"586\" srcset=\"https:\/\/elmundodelosnegocios.com.do\/v1\/wp-content\/uploads\/2022\/05\/03-1.jpg 1000w, https:\/\/elmundodelosnegocios.com.do\/v1\/wp-content\/uploads\/2022\/05\/03-1-300x176.jpg 300w, https:\/\/elmundodelosnegocios.com.do\/v1\/wp-content\/uploads\/2022\/05\/03-1-768x450.jpg 768w\" sizes=\"auto, (max-width: 1000px) 100vw, 1000px\" \/><\/a><figcaption id=\"caption-attachment-17391\" class=\"wp-caption-text\">El se\u00f1or Christopher Paniagua, presidente ejecutivo del Banco Popular Dominicano, realz\u00f3 las virtudes de la Rep\u00fablica Dominicana que facilitan la exportaci\u00f3n y el apoyo de la entidad bancaria a las pymes.<\/figcaption><\/figure>\n<p><span style=\"font-weight: 400;\">El evento congreg\u00f3 una amplia participaci\u00f3n de clientes de forma presencial y virtual, a trav\u00e9s de las p\u00e1ginas web ImpulsaPopular.com y Popularenlinea.com, quienes de forma gratuita disfrutaron una nutrida agenda de varios paneles e intervenciones de profesionales expertos en las diferentes \u00e1reas que conforman el sector exportador.<\/span><\/p>\n<figure id=\"attachment_17392\" aria-describedby=\"caption-attachment-17392\" style=\"width: 1000px\" class=\"wp-caption aligncenter\"><a href=\"http:\/\/elmundodelosnegocios.com.do\/v1\/wp-content\/uploads\/2022\/05\/00-8.jpg\"><img loading=\"lazy\" decoding=\"async\" class=\"wp-image-17392 size-full\" src=\"http:\/\/elmundodelosnegocios.com.do\/v1\/wp-content\/uploads\/2022\/05\/00-8.jpg\" alt=\"Los se\u00f1ores Ren\u00e9 Grull\u00f3n, vicepresidente ejecutivo senior de Negocios Nacionales e Internacionales del Popular; Luis E. Esp\u00ednola, vicepresidente ejecutivo de Negocios Empresariales y de Inversi\u00f3n, y Francisco Ram\u00edrez, vicepresidente ejecutivo de Negocios Personales y Sucursales compartieron, desde el punto de vista financiero, sus experiencias sobre el mundo de las exportaciones.\" width=\"1000\" height=\"667\" srcset=\"https:\/\/elmundodelosnegocios.com.do\/v1\/wp-content\/uploads\/2022\/05\/00-8.jpg 1000w, https:\/\/elmundodelosnegocios.com.do\/v1\/wp-content\/uploads\/2022\/05\/00-8-300x200.jpg 300w, https:\/\/elmundodelosnegocios.com.do\/v1\/wp-content\/uploads\/2022\/05\/00-8-768x512.jpg 768w\" sizes=\"auto, (max-width: 1000px) 100vw, 1000px\" \/><\/a><figcaption id=\"caption-attachment-17392\" class=\"wp-caption-text\">Los se\u00f1ores Ren\u00e9 Grull\u00f3n, vicepresidente ejecutivo senior de Negocios Nacionales e Internacionales del Popular; Luis E. Esp\u00ednola, vicepresidente ejecutivo de Negocios Empresariales y de Inversi\u00f3n, y Francisco Ram\u00edrez, vicepresidente ejecutivo de Negocios Personales y Sucursales compartieron, desde el punto de vista financiero, sus experiencias sobre el mundo de las exportaciones.<\/figcaption><\/figure>\n<figure id=\"attachment_17393\" aria-describedby=\"caption-attachment-17393\" style=\"width: 1000px\" class=\"wp-caption aligncenter\"><a href=\"http:\/\/elmundodelosnegocios.com.do\/v1\/wp-content\/uploads\/2022\/05\/01-8.jpg\"><img loading=\"lazy\" decoding=\"async\" class=\"wp-image-17393 size-full\" src=\"http:\/\/elmundodelosnegocios.com.do\/v1\/wp-content\/uploads\/2022\/05\/01-8.jpg\" alt=\"Este encuentro anual forma parte del conjunto de iniciativas, productos y servicios del portafolio Impulsa Popular.  \" width=\"1000\" height=\"667\" srcset=\"https:\/\/elmundodelosnegocios.com.do\/v1\/wp-content\/uploads\/2022\/05\/01-8.jpg 1000w, https:\/\/elmundodelosnegocios.com.do\/v1\/wp-content\/uploads\/2022\/05\/01-8-300x200.jpg 300w, https:\/\/elmundodelosnegocios.com.do\/v1\/wp-content\/uploads\/2022\/05\/01-8-768x512.jpg 768w\" sizes=\"auto, (max-width: 1000px) 100vw, 1000px\" \/><\/a><figcaption id=\"caption-attachment-17393\" class=\"wp-caption-text\">Este encuentro anual forma parte del conjunto de iniciativas, productos y servicios del portafolio Impulsa Popular.<\/figcaption><\/figure>\n<p><span style=\"font-weight: 400;\">Durante esta jornada se anunci\u00f3 una innovaci\u00f3n en la oferta de productos y servicios del Banco Popular a sus clientes pyme para fomentar su internacionalizaci\u00f3n y es la incorporaci\u00f3n dentro del portal ImpulsaPopular.com de un espacio con informaciones, herramientas, documentos y normativas para facilitar el comercio exterior, as\u00ed como referencias hacia ProExporta Popular, una completa gu\u00eda con informaciones para conocer a fondo el proceso de exportaci\u00f3n.<\/span><\/p>\n<p><b>Todas las claves para exportar<\/b><\/p>\n<p><span style=\"font-weight: 400;\">En sus palabras durante la inauguraci\u00f3n del foro, el se\u00f1or Christopher Paniagua, presidente ejecutivo del Banco Popular Dominicano, realz\u00f3 las virtudes de la Rep\u00fablica Dominicana que facilitan la exportaci\u00f3n y del compromiso de la entidad bancaria en el apoyo a las pymes.\u00a0<\/span><\/p>\n<p><span style=\"font-weight: 400;\">\u201cNo se trata solo de productos financieros, sino que siempre dise\u00f1amos para ustedes un alto componente de capacitaci\u00f3n, como este Foro Impulsa, para que cada d\u00eda las pymes dominicanas sean m\u00e1s competitivas\u201d, indic\u00f3 el presidente ejecutivo del banco.\u00a0<\/span><\/p>\n<figure id=\"attachment_17394\" aria-describedby=\"caption-attachment-17394\" style=\"width: 1000px\" class=\"wp-caption aligncenter\"><a href=\"http:\/\/elmundodelosnegocios.com.do\/v1\/wp-content\/uploads\/2022\/05\/02-3.jpg\"><img loading=\"lazy\" decoding=\"async\" class=\"wp-image-17394 size-full\" src=\"http:\/\/elmundodelosnegocios.com.do\/v1\/wp-content\/uploads\/2022\/05\/02-3.jpg\" alt=\"La octava versi\u00f3n del Foro Impulsa Popular congreg\u00f3 una amplia participaci\u00f3n de clientes de forma presencial y virtual.\" width=\"1000\" height=\"667\" srcset=\"https:\/\/elmundodelosnegocios.com.do\/v1\/wp-content\/uploads\/2022\/05\/02-3.jpg 1000w, https:\/\/elmundodelosnegocios.com.do\/v1\/wp-content\/uploads\/2022\/05\/02-3-300x200.jpg 300w, https:\/\/elmundodelosnegocios.com.do\/v1\/wp-content\/uploads\/2022\/05\/02-3-768x512.jpg 768w\" sizes=\"auto, (max-width: 1000px) 100vw, 1000px\" \/><\/a><figcaption id=\"caption-attachment-17394\" class=\"wp-caption-text\">La octava versi\u00f3n del Foro Impulsa Popular congreg\u00f3 una amplia participaci\u00f3n de clientes de forma presencial y virtual.<\/figcaption><\/figure>\n<p><span style=\"font-weight: 400;\">Los se\u00f1ores Ren\u00e9 Grull\u00f3n, vicepresidente ejecutivo senior de Negocios Nacionales e Internacionales del Popular; Luis E. Esp\u00ednola, vicepresidente ejecutivo de Negocios Empresariales y de Inversi\u00f3n, y Francisco Ram\u00edrez, vicepresidente ejecutivo de Negocios Personales y Sucursales compartieron, desde el punto de vista financiero, sus experiencias sobre el mundo de las exportaciones y el apoyo hist\u00f3rico ofrecido por el Banco Popular Dominicano.<\/span><\/p>\n<p><span style=\"font-weight: 400;\">En tanto, entre los panelistas de esta versi\u00f3n del Foro Impulsa se destac\u00f3 la participaci\u00f3n de los se\u00f1ores Elizabeth Mena, presidenta de ADOEXPO; Biviana Riveiro, directora ejecutiva de ProDominicana, con la moderaci\u00f3n de C\u00e9sar Dargam, vicepresidente ejecutivo del Consejo Nacional de la Empresa Privada (CONEP).<\/span><\/p>\n<p><span style=\"font-weight: 400;\">Tambi\u00e9n, las disertaciones especiales de los se\u00f1ores Vilma Arbaje, viceministra de Comercio Exterior del Ministerio de Industria, Comercio y Mipymes (MICM); Mar\u00eda Barreiros, directora de Soluciones Comercial y Pymes para MasterCard Latinoam\u00e9rica y Mite Nishio, primer Vicepresidente de la C\u00e1mara TIC.<\/span><b>\u00a0<\/b><\/p>\n<p><span style=\"font-weight: 400;\">En tanto, los se\u00f1ores Jos\u00e9 Antonio Lomba, gerente general del Laboratorio Capilo Espa\u00f1ol; Chris Corcino, fundador y presidente ejecutivo de la empresa tecnol\u00f3gica Intellisys y Ram\u00f3n Hern\u00e1ndez, gerente senior de Comercio Exterior de C\u00e9sar Iglesias, presentaron la historia de \u00e9xito de sus empresas, en un conversatorio moderado por la se\u00f1ora Taiana Mora, gerente general NEX Consulting.<\/span><\/p>\n<p><span style=\"font-weight: 400;\">Adem\u00e1s de compartir sus conocimientos y experiencias, los expositores hablaron de las estrategias, herramientas y recursos tecnol\u00f3gicos que facilitan el proceso de expansi\u00f3n hacia otros mercados. Abordaron tambi\u00e9n los requisitos para exportar, el apoyo gubernamental, el marco legal y operativo de los canales de venta o la importancia de la sensibilidad cultural como recurso de \u00e9xito en mercados for\u00e1neos, entre otros temas.<\/span><\/p>\n<p><b>Facilitando la competitividad de las pymes<\/b><\/p>\n<p><span style=\"font-weight: 400;\">El Foro Impulsa Popular se ha constituido en una cita de referencia para el sector empresarial, al tocar temas de vanguardia para la competitividad de las peque\u00f1as y medianas empresas en distintos t\u00f3picos de su inter\u00e9s.\u00a0<\/span><\/p>\n<p><span style=\"font-weight: 400;\">Este encuentro anual, que forma parte del conjunto de iniciativas, productos y servicios del portafolio Impulsa, reconoce la importancia de las pymes en el aparato productivo nacional, dado que son las empresas que mayor cantidad de empleo formal aportan a la econom\u00eda y, por ende, su crecimiento es vital para el desarrollo sostenible de la naci\u00f3n, especialmente, en un momento de reactivaci\u00f3n econ\u00f3mica como el actual.<\/span><\/p>\n<p><span style=\"font-weight: 400;\">M\u00e1s de 14,200 empresarios han participado en las siete versiones anteriores del foro hasta el momento.<\/span><\/p>\n","protected":false},"excerpt":{"rendered":"<p>Participantes ampliaron conocimientos en torno a la internacionalizaci\u00f3n Santo Domingo, D.N. \u2013 El Banco Popular Dominicano realiz\u00f3 la octava edici\u00f3n del Foro Impulsa Popular el pasado 17 de mayo, en&hellip; <\/p>\n","protected":false},"author":2,"featured_media":17391,"comment_status":"closed","ping_status":"closed","sticky":false,"template":"","format":"standard","meta":{"fifu_image_url":"","fifu_image_alt":"","footnotes":""},"categories":[180],"tags":[],"class_list":["post-17389","post","type-post","status-publish","format-standard","has-post-thumbnail","hentry","category-banca"],"_links":{"self":[{"href":"https:\/\/elmundodelosnegocios.com.do\/v1\/wp-json\/wp\/v2\/posts\/17389","targetHints":{"allow":["GET"]}}],"collection":[{"href":"https:\/\/elmundodelosnegocios.com.do\/v1\/wp-json\/wp\/v2\/posts"}],"about":[{"href":"https:\/\/elmundodelosnegocios.com.do\/v1\/wp-json\/wp\/v2\/types\/post"}],"author":[{"embeddable":true,"href":"https:\/\/elmundodelosnegocios.com.do\/v1\/wp-json\/wp\/v2\/users\/2"}],"replies":[{"embeddable":true,"href":"https:\/\/elmundodelosnegocios.com.do\/v1\/wp-json\/wp\/v2\/comments?post=17389"}],"version-history":[{"count":0,"href":"https:\/\/elmundodelosnegocios.com.do\/v1\/wp-json\/wp\/v2\/posts\/17389\/revisions"}],"wp:featuredmedia":[{"embeddable":true,"href":"https:\/\/elmundodelosnegocios.com.do\/v1\/wp-json\/wp\/v2\/media\/17391"}],"wp:attachment":[{"href":"https:\/\/elmundodelosnegocios.com.do\/v1\/wp-json\/wp\/v2\/media?parent=17389"}],"wp:term":[{"taxonomy":"category","embeddable":true,"href":"https:\/\/elmundodelosnegocios.com.do\/v1\/wp-json\/wp\/v2\/categories?post=17389"},{"taxonomy":"post_tag","embeddable":true,"href":"https:\/\/elmundodelosnegocios.com.do\/v1\/wp-json\/wp\/v2\/tags?post=17389"}],"curies":[{"name":"wp","href":"https:\/\/api.w.org\/{rel}","templated":true}]}}