{"id":17436,"date":"2022-05-20T09:14:04","date_gmt":"2022-05-20T13:44:04","guid":{"rendered":"http:\/\/elmundodelosnegocios.com.do\/v1\/?p=17436"},"modified":"2022-05-20T09:14:04","modified_gmt":"2022-05-20T13:44:04","slug":"gobierno-ejecuta-plan-de-ampliacion-de-la-generacion-que-garantizara-un-100-de-la-demanda-de-energia","status":"publish","type":"post","link":"https:\/\/elmundodelosnegocios.com.do\/v1\/gobierno-ejecuta-plan-de-ampliacion-de-la-generacion-que-garantizara-un-100-de-la-demanda-de-energia\/","title":{"rendered":"Gobierno ejecuta plan de ampliaci\u00f3n de la generaci\u00f3n que garantizar\u00e1 un 100% de la demanda de energ\u00eda"},"content":{"rendered":"<p>Santo Domingo. &#8211; El presidente Luis Abinader inform\u00f3 este jueves que este Gobierno ha licitado dos mil megavatios para a\u00f1adirlos al sistema energ\u00e9tico nacional, por lo que asegur\u00f3 que la capacidad de generaci\u00f3n se llevar\u00e1 a unos cinco mil megavatios para disminuir el d\u00e9ficit.<\/p>\n<p>\u201cEs bueno que ustedes conozcan que ayer fue la noche r\u00e9cord de demanda de energ\u00eda en la historia de Rep\u00fablica Dominicana. M\u00e1s de 3,200 megas de demanda de energ\u00eda. Ha coincidido con que algunas plantas tuvieron aver\u00edas y otras plantas que estaban en mantenimiento. Nosotros pensamos que de aqu\u00ed al domingo va a ir gradualmente disminuyendo el d\u00e9ficit y a partir de la pr\u00f3xima semana se va a ir normalizando\u201d, indic\u00f3.<\/p>\n<p>Estas declaraciones las ofreci\u00f3 el mandatario al ser cuestionado por periodistas sobre el sistema energ\u00e9tico nacional durante la actividad de CTN-Expo Feria 2022.<\/p>\n<p>\u201cLos apagones tienen cansado a todos y por muchos a\u00f1os. Ese es uno de los problemas que tiene a\u00f1os, d\u00e9cadas sin resolverse\u2026 entonces nosotros s\u00ed tenemos un plan para resolverlo\u201d, expres\u00f3 el mandatario.<\/p>\n<p>El jefe de Estado indic\u00f3 que en dos a\u00f1os de gobierno se han agregado unos 440 megas, 300 renovables, y m\u00e1s 140 que empezar\u00e1n a generarse este viernes 20 de mayo.<\/p>\n<p>Explic\u00f3 tambi\u00e9n que este jueves se adjudicaron en una licitaci\u00f3n que forma parte del Proyecto de Desarrollo Econ\u00f3mico de Manzanillo, unos 800 megas de gas natural para tambi\u00e9n de manera estrat\u00e9gica tener ese dep\u00f3sito en el norte del pa\u00eds.<\/p>\n<p>\u201cEstamos hablando que hemos licitado dos mil megas para a\u00f1ad\u00edrselos al sistema energ\u00e9tico, es decir que de una capacidad de generaci\u00f3n de tres mil megas este gobierno los va a llevar a cinco mil megas para tener reservas. Obviamente estos d\u00edas han coincidido con que ha aumentado la demanda\u201d, sostuvo el gobernante.<\/p>\n<p>El jefe de Estado sostuvo que nunca antes ning\u00fan gobierno hab\u00eda hecho planes para a\u00f1adir la cantidad de megas que se a\u00f1ade en la presente gesti\u00f3n de Gobierno, \u201ces decir que estamos a\u00f1adiendo aproximadamente un 70% de la capacidad instalada de generaci\u00f3n, porque nosotros si planificamos\u201d.<\/p>\n","protected":false},"excerpt":{"rendered":"<p>Santo Domingo. &#8211; El presidente Luis Abinader inform\u00f3 este jueves que este Gobierno ha licitado dos mil megavatios para a\u00f1adirlos al sistema energ\u00e9tico nacional, por lo que asegur\u00f3 que la&hellip; <\/p>\n","protected":false},"author":2,"featured_media":17437,"comment_status":"closed","ping_status":"closed","sticky":false,"template":"","format":"standard","meta":{"fifu_image_url":"","fifu_image_alt":"","footnotes":""},"categories":[182],"tags":[],"class_list":["post-17436","post","type-post","status-publish","format-standard","has-post-thumbnail","hentry","category-energia"],"_links":{"self":[{"href":"https:\/\/elmundodelosnegocios.com.do\/v1\/wp-json\/wp\/v2\/posts\/17436","targetHints":{"allow":["GET"]}}],"collection":[{"href":"https:\/\/elmundodelosnegocios.com.do\/v1\/wp-json\/wp\/v2\/posts"}],"about":[{"href":"https:\/\/elmundodelosnegocios.com.do\/v1\/wp-json\/wp\/v2\/types\/post"}],"author":[{"embeddable":true,"href":"https:\/\/elmundodelosnegocios.com.do\/v1\/wp-json\/wp\/v2\/users\/2"}],"replies":[{"embeddable":true,"href":"https:\/\/elmundodelosnegocios.com.do\/v1\/wp-json\/wp\/v2\/comments?post=17436"}],"version-history":[{"count":0,"href":"https:\/\/elmundodelosnegocios.com.do\/v1\/wp-json\/wp\/v2\/posts\/17436\/revisions"}],"wp:featuredmedia":[{"embeddable":true,"href":"https:\/\/elmundodelosnegocios.com.do\/v1\/wp-json\/wp\/v2\/media\/17437"}],"wp:attachment":[{"href":"https:\/\/elmundodelosnegocios.com.do\/v1\/wp-json\/wp\/v2\/media?parent=17436"}],"wp:term":[{"taxonomy":"category","embeddable":true,"href":"https:\/\/elmundodelosnegocios.com.do\/v1\/wp-json\/wp\/v2\/categories?post=17436"},{"taxonomy":"post_tag","embeddable":true,"href":"https:\/\/elmundodelosnegocios.com.do\/v1\/wp-json\/wp\/v2\/tags?post=17436"}],"curies":[{"name":"wp","href":"https:\/\/api.w.org\/{rel}","templated":true}]}}