{"id":17461,"date":"2022-05-22T09:52:49","date_gmt":"2022-05-22T14:22:49","guid":{"rendered":"http:\/\/elmundodelosnegocios.com.do\/v1\/?p=17461"},"modified":"2022-05-22T09:52:49","modified_gmt":"2022-05-22T14:22:49","slug":"presidente-abinader-inaugura-vigesima-primera-vacaciones-ctn-expo-feria","status":"publish","type":"post","link":"https:\/\/elmundodelosnegocios.com.do\/v1\/presidente-abinader-inaugura-vigesima-primera-vacaciones-ctn-expo-feria\/","title":{"rendered":"Presidente Abinader inaugura vig\u00e9sima primera Vacaciones CTN Expo Feria"},"content":{"rendered":"<p>Santo Domingo, R.D. Mayo 22, 2022.- Con la presencia del presidente de la Rep\u00fablica Luis Abinader Corona, a quien se dedica esta entrega, qued\u00f3 inaugurada la vig\u00e9simo primera versi\u00f3n de Vacaciones CTN Expo Feria 2022, montaje concebido para que las familias dominicanas planifiquen sus vacaciones, tanto en el pa\u00eds como en el extranjero.<\/p>\n<p>Despu\u00e9s de un receso, producto de la pandemia y con una serie de atractivos y novedades, Vacaciones CTN Expo Feria 2022, se une a las iniciativas, que realizan diversos sectores nacionales, para continuar fortaleciendo y dinamizando el sector tur\u00edstico y hotelero del pa\u00eds, presentando las ofertas y diversidad de este importante rengl\u00f3n de la econom\u00eda.<\/p>\n<p>Las palabras centrales del acto de apertura estuvieron a cargo de Miguel A. Calzada Le\u00f3n, presidente de CTN y Puro Turismo, quien resalt\u00f3 las iniciativas de las autoridades dominicanas y de todas las empresas tur\u00edsticas establecidas en el pa\u00eds, en reactivar la \u201cindustria sin chimenea\u201d. <\/p>\n<p>Por su parte Calzada destac\u00f3 que, \u201cla sinergia entre el sector p\u00fablico y privado es lo que nos ha llevado a ser reconocidos por la Organizaci\u00f3n Mundial de Turismo como el pa\u00eds l\u00edder en recuperaci\u00f3n, ejemplo mundial de estrategia de gesti\u00f3n en medio de la peor pandemia contra la industria, que confin\u00f3 y atemoriz\u00f3 al mundo. Dijo adem\u00e1s que con la llegada de 626,010 visitantes no residentes en el pasado abril es la muestra palpable de este trabajo en conjunto, y que la gesti\u00f3n del presidente Abinader y el Ministro Collado fue visionaria, al implementar en el peor momento un seguro de salud gratis para Covid-19. Este crecimiento nos sorprendi\u00f3 con un 13% por encima de abril 2018, 7% por encima de abril 2019 y un 91% m\u00e1s que el mismo mes del 2021, lo que nos augura un venturoso resto del 2022, con una proyecci\u00f3n de superar los 7 millones de turistas.<br \/>\n<div id='gallery-1' class='gallery galleryid-17461 gallery-columns-3 gallery-size-large'><figure class='gallery-item'>\n\t\t\t<div class='gallery-icon landscape'>\n\t\t\t\t<a href='https:\/\/elmundodelosnegocios.com.do\/v1\/wp-content\/uploads\/2022\/05\/IMG_3901-Arturo-Villanueva-Ern-scaled.jpg'><img loading=\"lazy\" decoding=\"async\" width=\"1024\" height=\"683\" src=\"https:\/\/elmundodelosnegocios.com.do\/v1\/wp-content\/uploads\/2022\/05\/IMG_3901-Arturo-Villanueva-Ern-1024x683.jpg\" class=\"attachment-large size-large\" alt=\"\" srcset=\"https:\/\/elmundodelosnegocios.com.do\/v1\/wp-content\/uploads\/2022\/05\/IMG_3901-Arturo-Villanueva-Ern-1024x683.jpg 1024w, https:\/\/elmundodelosnegocios.com.do\/v1\/wp-content\/uploads\/2022\/05\/IMG_3901-Arturo-Villanueva-Ern-300x200.jpg 300w, https:\/\/elmundodelosnegocios.com.do\/v1\/wp-content\/uploads\/2022\/05\/IMG_3901-Arturo-Villanueva-Ern-768x512.jpg 768w, https:\/\/elmundodelosnegocios.com.do\/v1\/wp-content\/uploads\/2022\/05\/IMG_3901-Arturo-Villanueva-Ern-1536x1024.jpg 1536w, https:\/\/elmundodelosnegocios.com.do\/v1\/wp-content\/uploads\/2022\/05\/IMG_3901-Arturo-Villanueva-Ern-2048x1365.jpg 2048w\" sizes=\"auto, (max-width: 1024px) 100vw, 1024px\" \/><\/a>\n\t\t\t<\/div><\/figure><figure class='gallery-item'>\n\t\t\t<div class='gallery-icon landscape'>\n\t\t\t\t<a href='https:\/\/elmundodelosnegocios.com.do\/v1\/wp-content\/uploads\/2022\/05\/IMG_3905-Salomon-Cohen-Carlos--scaled.jpg'><img loading=\"lazy\" decoding=\"async\" width=\"1024\" height=\"683\" src=\"https:\/\/elmundodelosnegocios.com.do\/v1\/wp-content\/uploads\/2022\/05\/IMG_3905-Salomon-Cohen-Carlos--1024x683.jpg\" class=\"attachment-large size-large\" alt=\"\" srcset=\"https:\/\/elmundodelosnegocios.com.do\/v1\/wp-content\/uploads\/2022\/05\/IMG_3905-Salomon-Cohen-Carlos--1024x683.jpg 1024w, https:\/\/elmundodelosnegocios.com.do\/v1\/wp-content\/uploads\/2022\/05\/IMG_3905-Salomon-Cohen-Carlos--300x200.jpg 300w, https:\/\/elmundodelosnegocios.com.do\/v1\/wp-content\/uploads\/2022\/05\/IMG_3905-Salomon-Cohen-Carlos--768x512.jpg 768w, https:\/\/elmundodelosnegocios.com.do\/v1\/wp-content\/uploads\/2022\/05\/IMG_3905-Salomon-Cohen-Carlos--1536x1024.jpg 1536w, https:\/\/elmundodelosnegocios.com.do\/v1\/wp-content\/uploads\/2022\/05\/IMG_3905-Salomon-Cohen-Carlos--2048x1365.jpg 2048w\" sizes=\"auto, (max-width: 1024px) 100vw, 1024px\" \/><\/a>\n\t\t\t<\/div><\/figure><figure class='gallery-item'>\n\t\t\t<div class='gallery-icon landscape'>\n\t\t\t\t<a href='https:\/\/elmundodelosnegocios.com.do\/v1\/wp-content\/uploads\/2022\/05\/IMG_3916-Angel-Garcia-Josefina-scaled.jpg'><img loading=\"lazy\" decoding=\"async\" width=\"1024\" height=\"683\" src=\"https:\/\/elmundodelosnegocios.com.do\/v1\/wp-content\/uploads\/2022\/05\/IMG_3916-Angel-Garcia-Josefina-1024x683.jpg\" class=\"attachment-large size-large\" alt=\"\" srcset=\"https:\/\/elmundodelosnegocios.com.do\/v1\/wp-content\/uploads\/2022\/05\/IMG_3916-Angel-Garcia-Josefina-1024x683.jpg 1024w, https:\/\/elmundodelosnegocios.com.do\/v1\/wp-content\/uploads\/2022\/05\/IMG_3916-Angel-Garcia-Josefina-300x200.jpg 300w, https:\/\/elmundodelosnegocios.com.do\/v1\/wp-content\/uploads\/2022\/05\/IMG_3916-Angel-Garcia-Josefina-768x512.jpg 768w, https:\/\/elmundodelosnegocios.com.do\/v1\/wp-content\/uploads\/2022\/05\/IMG_3916-Angel-Garcia-Josefina-1536x1024.jpg 1536w, https:\/\/elmundodelosnegocios.com.do\/v1\/wp-content\/uploads\/2022\/05\/IMG_3916-Angel-Garcia-Josefina-2048x1365.jpg 2048w\" sizes=\"auto, (max-width: 1024px) 100vw, 1024px\" \/><\/a>\n\t\t\t<\/div><\/figure><figure class='gallery-item'>\n\t\t\t<div class='gallery-icon landscape'>\n\t\t\t\t<a href='https:\/\/elmundodelosnegocios.com.do\/v1\/wp-content\/uploads\/2022\/05\/IMG_3920-Kirsis-Mendez-Carolin-scaled.jpg'><img loading=\"lazy\" decoding=\"async\" width=\"1024\" height=\"683\" src=\"https:\/\/elmundodelosnegocios.com.do\/v1\/wp-content\/uploads\/2022\/05\/IMG_3920-Kirsis-Mendez-Carolin-1024x683.jpg\" class=\"attachment-large size-large\" alt=\"\" srcset=\"https:\/\/elmundodelosnegocios.com.do\/v1\/wp-content\/uploads\/2022\/05\/IMG_3920-Kirsis-Mendez-Carolin-1024x683.jpg 1024w, https:\/\/elmundodelosnegocios.com.do\/v1\/wp-content\/uploads\/2022\/05\/IMG_3920-Kirsis-Mendez-Carolin-300x200.jpg 300w, https:\/\/elmundodelosnegocios.com.do\/v1\/wp-content\/uploads\/2022\/05\/IMG_3920-Kirsis-Mendez-Carolin-768x512.jpg 768w, https:\/\/elmundodelosnegocios.com.do\/v1\/wp-content\/uploads\/2022\/05\/IMG_3920-Kirsis-Mendez-Carolin-1536x1024.jpg 1536w, https:\/\/elmundodelosnegocios.com.do\/v1\/wp-content\/uploads\/2022\/05\/IMG_3920-Kirsis-Mendez-Carolin-2048x1365.jpg 2048w\" sizes=\"auto, (max-width: 1024px) 100vw, 1024px\" \/><\/a>\n\t\t\t<\/div><\/figure><figure class='gallery-item'>\n\t\t\t<div class='gallery-icon landscape'>\n\t\t\t\t<a href='https:\/\/elmundodelosnegocios.com.do\/v1\/wp-content\/uploads\/2022\/05\/IMG_3921-Luis-Martin-Gomez-Bre-scaled.jpg'><img loading=\"lazy\" decoding=\"async\" width=\"1024\" height=\"683\" src=\"https:\/\/elmundodelosnegocios.com.do\/v1\/wp-content\/uploads\/2022\/05\/IMG_3921-Luis-Martin-Gomez-Bre-1024x683.jpg\" class=\"attachment-large size-large\" alt=\"\" srcset=\"https:\/\/elmundodelosnegocios.com.do\/v1\/wp-content\/uploads\/2022\/05\/IMG_3921-Luis-Martin-Gomez-Bre-1024x683.jpg 1024w, https:\/\/elmundodelosnegocios.com.do\/v1\/wp-content\/uploads\/2022\/05\/IMG_3921-Luis-Martin-Gomez-Bre-300x200.jpg 300w, https:\/\/elmundodelosnegocios.com.do\/v1\/wp-content\/uploads\/2022\/05\/IMG_3921-Luis-Martin-Gomez-Bre-768x512.jpg 768w, https:\/\/elmundodelosnegocios.com.do\/v1\/wp-content\/uploads\/2022\/05\/IMG_3921-Luis-Martin-Gomez-Bre-1536x1024.jpg 1536w, https:\/\/elmundodelosnegocios.com.do\/v1\/wp-content\/uploads\/2022\/05\/IMG_3921-Luis-Martin-Gomez-Bre-2048x1365.jpg 2048w\" sizes=\"auto, (max-width: 1024px) 100vw, 1024px\" \/><\/a>\n\t\t\t<\/div><\/figure><figure class='gallery-item'>\n\t\t\t<div class='gallery-icon landscape'>\n\t\t\t\t<a href='https:\/\/elmundodelosnegocios.com.do\/v1\/wp-content\/uploads\/2022\/05\/IMG_3923-Daniel-Hernandez-y-Lui-scaled.jpg'><img loading=\"lazy\" decoding=\"async\" width=\"1024\" height=\"683\" src=\"https:\/\/elmundodelosnegocios.com.do\/v1\/wp-content\/uploads\/2022\/05\/IMG_3923-Daniel-Hernandez-y-Lui-1024x683.jpg\" class=\"attachment-large size-large\" alt=\"\" srcset=\"https:\/\/elmundodelosnegocios.com.do\/v1\/wp-content\/uploads\/2022\/05\/IMG_3923-Daniel-Hernandez-y-Lui-1024x683.jpg 1024w, https:\/\/elmundodelosnegocios.com.do\/v1\/wp-content\/uploads\/2022\/05\/IMG_3923-Daniel-Hernandez-y-Lui-300x200.jpg 300w, https:\/\/elmundodelosnegocios.com.do\/v1\/wp-content\/uploads\/2022\/05\/IMG_3923-Daniel-Hernandez-y-Lui-768x512.jpg 768w, https:\/\/elmundodelosnegocios.com.do\/v1\/wp-content\/uploads\/2022\/05\/IMG_3923-Daniel-Hernandez-y-Lui-1536x1024.jpg 1536w, https:\/\/elmundodelosnegocios.com.do\/v1\/wp-content\/uploads\/2022\/05\/IMG_3923-Daniel-Hernandez-y-Lui-2048x1365.jpg 2048w\" sizes=\"auto, (max-width: 1024px) 100vw, 1024px\" \/><\/a>\n\t\t\t<\/div><\/figure><figure class='gallery-item'>\n\t\t\t<div class='gallery-icon landscape'>\n\t\t\t\t<a href='https:\/\/elmundodelosnegocios.com.do\/v1\/wp-content\/uploads\/2022\/05\/IMG_3927-Rosa-Hernandez-de-Grul-scaled.jpg'><img loading=\"lazy\" decoding=\"async\" width=\"1024\" height=\"683\" src=\"https:\/\/elmundodelosnegocios.com.do\/v1\/wp-content\/uploads\/2022\/05\/IMG_3927-Rosa-Hernandez-de-Grul-1024x683.jpg\" class=\"attachment-large size-large\" alt=\"\" srcset=\"https:\/\/elmundodelosnegocios.com.do\/v1\/wp-content\/uploads\/2022\/05\/IMG_3927-Rosa-Hernandez-de-Grul-1024x683.jpg 1024w, https:\/\/elmundodelosnegocios.com.do\/v1\/wp-content\/uploads\/2022\/05\/IMG_3927-Rosa-Hernandez-de-Grul-300x200.jpg 300w, https:\/\/elmundodelosnegocios.com.do\/v1\/wp-content\/uploads\/2022\/05\/IMG_3927-Rosa-Hernandez-de-Grul-768x512.jpg 768w, https:\/\/elmundodelosnegocios.com.do\/v1\/wp-content\/uploads\/2022\/05\/IMG_3927-Rosa-Hernandez-de-Grul-1536x1024.jpg 1536w, https:\/\/elmundodelosnegocios.com.do\/v1\/wp-content\/uploads\/2022\/05\/IMG_3927-Rosa-Hernandez-de-Grul-2048x1365.jpg 2048w\" sizes=\"auto, (max-width: 1024px) 100vw, 1024px\" \/><\/a>\n\t\t\t<\/div><\/figure><figure class='gallery-item'>\n\t\t\t<div class='gallery-icon landscape'>\n\t\t\t\t<a href='https:\/\/elmundodelosnegocios.com.do\/v1\/wp-content\/uploads\/2022\/05\/IMG_3928-Pablo-Lister-Victor-P-scaled.jpg'><img loading=\"lazy\" decoding=\"async\" width=\"1024\" height=\"753\" src=\"https:\/\/elmundodelosnegocios.com.do\/v1\/wp-content\/uploads\/2022\/05\/IMG_3928-Pablo-Lister-Victor-P-1024x753.jpg\" class=\"attachment-large size-large\" alt=\"\" srcset=\"https:\/\/elmundodelosnegocios.com.do\/v1\/wp-content\/uploads\/2022\/05\/IMG_3928-Pablo-Lister-Victor-P-1024x753.jpg 1024w, https:\/\/elmundodelosnegocios.com.do\/v1\/wp-content\/uploads\/2022\/05\/IMG_3928-Pablo-Lister-Victor-P-300x221.jpg 300w, https:\/\/elmundodelosnegocios.com.do\/v1\/wp-content\/uploads\/2022\/05\/IMG_3928-Pablo-Lister-Victor-P-768x565.jpg 768w, https:\/\/elmundodelosnegocios.com.do\/v1\/wp-content\/uploads\/2022\/05\/IMG_3928-Pablo-Lister-Victor-P-1536x1130.jpg 1536w, https:\/\/elmundodelosnegocios.com.do\/v1\/wp-content\/uploads\/2022\/05\/IMG_3928-Pablo-Lister-Victor-P-2048x1506.jpg 2048w\" sizes=\"auto, (max-width: 1024px) 100vw, 1024px\" \/><\/a>\n\t\t\t<\/div><\/figure><figure class='gallery-item'>\n\t\t\t<div class='gallery-icon landscape'>\n\t\t\t\t<a href='https:\/\/elmundodelosnegocios.com.do\/v1\/wp-content\/uploads\/2022\/05\/IMG_3931-Roberto-Herrera-y-Rola-scaled.jpg'><img loading=\"lazy\" decoding=\"async\" width=\"1024\" height=\"869\" src=\"https:\/\/elmundodelosnegocios.com.do\/v1\/wp-content\/uploads\/2022\/05\/IMG_3931-Roberto-Herrera-y-Rola-1024x869.jpg\" class=\"attachment-large size-large\" alt=\"\" srcset=\"https:\/\/elmundodelosnegocios.com.do\/v1\/wp-content\/uploads\/2022\/05\/IMG_3931-Roberto-Herrera-y-Rola-1024x869.jpg 1024w, https:\/\/elmundodelosnegocios.com.do\/v1\/wp-content\/uploads\/2022\/05\/IMG_3931-Roberto-Herrera-y-Rola-300x255.jpg 300w, https:\/\/elmundodelosnegocios.com.do\/v1\/wp-content\/uploads\/2022\/05\/IMG_3931-Roberto-Herrera-y-Rola-768x652.jpg 768w, https:\/\/elmundodelosnegocios.com.do\/v1\/wp-content\/uploads\/2022\/05\/IMG_3931-Roberto-Herrera-y-Rola-1536x1303.jpg 1536w, https:\/\/elmundodelosnegocios.com.do\/v1\/wp-content\/uploads\/2022\/05\/IMG_3931-Roberto-Herrera-y-Rola-2048x1738.jpg 2048w\" sizes=\"auto, (max-width: 1024px) 100vw, 1024px\" \/><\/a>\n\t\t\t<\/div><\/figure>\n\t\t<\/div>\n<\/p>\n<p>El acto incluy\u00f3 un reconocimiento al presidente Luis Abinader, por su invaluable gesti\u00f3n a favor de la recuperaci\u00f3n y dinamizaci\u00f3n del sector tur\u00edstico del pa\u00eds, post pandemia, logrando posicionar la Rep\u00fablica Dominicana como uno de los atractivos tur\u00edsticos de la regi\u00f3n de mayor seguridad y excelencia.<\/p>\n<p>De igual forma Vacaciones CTN Expo Feria 2022, distingui\u00f3 a la Embajadora Plenipotenciaria del pa\u00eds en Francia, Rosa Hern\u00e1ndez de Grull\u00f3n, por desarrollar una serie de estrategias para mantener y fortalecer las relaciones bilaterales entre Francia y Rep\u00fablica Dominicana, no s\u00f3lo en la promoci\u00f3n del pa\u00eds, sino en el desarrollo del comercio y las inversiones francesas en el pa\u00eds.<\/p>\n<p>La feria reconoci\u00f3 adem\u00e1s al gobernador del Banco Central, H\u00e9ctor Valdez Albizu, por su visi\u00f3n y logros en el \u00e1mbito econ\u00f3mico para garantizar, estabilidad financiera y confianza de los agentes econ\u00f3micos en el sector turismo de la Rep\u00fablica Dominicana, as\u00ed como al ministro de Turismo, David Collado, por su constante empe\u00f1o y dedicaci\u00f3n para lograr una efectiva recuperaci\u00f3n del sector tur\u00edstico.<\/p>\n<p>La versi\u00f3n XXI hizo un reconocimiento especial a la banca comercial dominicana en especial, Banco Popular, Banreservas y BHD Le\u00f3n, entidades financieras que han jugado un papel protag\u00f3nico en la r\u00e1pida recuperaci\u00f3n del pa\u00eds y del turismo y a la empresa CEPM, en la celebraci\u00f3n de su 30 aniversario, acompa\u00f1ando el desarrollo tur\u00edstico de la zona este del pa\u00eds gracias a un sistema energ\u00e9tico accesible, sostenible y confiable. <\/p>\n<p>Esta nueva versi\u00f3n incluye la participaci\u00f3n de las principales empresas hoteleras del pa\u00eds, agencias de viajes, l\u00edneas a\u00e9reas, rent cars, empresas inmobiliarias tur\u00edsticas, compa\u00f1\u00edas de oferta complementaria tur\u00edsticas quienes est\u00e1n ofreciendo precios y planes de financiamiento de los principales bancos comerciales del pa\u00eds.<\/p>\n<p>Adem\u00e1s de las ofertas tur\u00edsticas y hoteleras, la feria cuenta con espacios divertidos para toda la familia, entre los que se destaca un \u201czipline\u201d para los m\u00e1s peque\u00f1os de la reconocida firma B\u00e1varo Runners Adventure.<\/p>\n<p>De igual forma y como expositor estar\u00e1 presente el nuevo parque tem\u00e1tico Katmand\u00fa, que se construye en Punta Cana, as\u00ed como un bar para los adultos y las ofertas de los nuevos hoteles Margaritaville, Temptation Miches Resort, Live Aqua Beach Resort y ofertas especiales de las l\u00edneas a\u00e9reas Red. Air, Arajet, Sky High Aviation Services, entre otras.<\/p>\n<p>Como parte de su Responsabilidad Social, Vacaciones CTN Expo Feria 2022 entregar\u00e1 un aporte con lo generado de las entradas, a la Fundaci\u00f3n Drepanodom, fundada desde el a\u00f1o 2016 y que se dedicada a la ayuda del ni\u00f1o con anemia falciforme, condici\u00f3n gen\u00e9tica que destruye los gl\u00f3bulos rojos y los hace padecer de dolor cr\u00f3nico durante toda la vida.  \u00danica en Rep\u00fablica Dominicana, con una poblaci\u00f3n de 630 ni\u00f1os, ni\u00f1as y adolescentes de bajos recursos, buscan captar personas que empaticen con la causa, para proveerles de medicamentos que puedan mejorar su calidad de salud.<\/p>\n<p>De igual forma y como iniciativa de de CTN Expo Feria 2022, a partir de esta versi\u00f3n, se crea un fondo econ\u00f3mico para desarrollar una campa\u00f1a de acci\u00f3n de limpieza en playas dominicanas.<\/p>\n<p>Esta nueva versi\u00f3n tiene adem\u00e1s como novedad, la participaci\u00f3n de la Escuela de Turismo de la Universidad Iberoamericana (Unibe), con un stand en el cual se dar\u00e1n a conocer las ofertas de esta instituci\u00f3n acad\u00e9mica de su programa de carreras de grado y postgrado, donde sus estudiantes tendr\u00e1n la oportunidad de vivir la experiencia del dise\u00f1o y montaje, como parte de su formaci\u00f3n pr\u00e1ctica de su carrera, apoyando a si vez, el evento en los aspectos protocolares.<\/p>\n<p>Como una novedad y por primera vez, Vacaciones CTN Expo Feria 2022 implementa el c\u00f3digo QR con el cual cada persona que asista durante estos tres d\u00edas a la feria y al pagar su entrada, podr\u00e1 descargar un c\u00f3digo con cual tendr\u00e1 descuentos en las tiendas de Sambil y toda la informaci\u00f3n relacionada con el evento.<\/p>\n<p>Los patrocinadores de esta XXI Versi\u00f3n de Vacaciones CTN: Expo Feria 2022 son: Ministerio de Turismo, Sambil, Banco Popular, Dominicano, Instituto Dominicano de Aviaci\u00f3n Civil (IDAC), Seguro Nacional de Salud, (SENASA), Departamento Aeroportuario, Banreservas, Cava Alta, Cap Cana, Banco BHD Le\u00f3n, Max Corredores de Seguros, Oliver &#038; Oliver, Sansouci Puerto de Santo Domingo, Katmand\u00fa Park, Induban, Caf\u00e9 Santo Domingo, Air Europa, Cartel, Diario Libre, RCC Media, Revista 110, Staff icom, Rentalvisi\u00f3n, List\u00edn Diario, S\u00faper 7, Puro Turismo, Oye Pa\u00eds, El Nuevo Diario, Biz TV , Se\u00f1ales TV, Carivisi\u00f3n, CTV, Henry Coradin Relaciones Publicas, Pro Expo, Basanta Films, Vargas<\/p>\n<p>El acto de apertura con la presencia de las personalidades ligadas al sector hotelero, la banca, funcionario del gobierno, diplom\u00e1ticos, directores de medios e invitados especiales<\/p>\n<p>Con el lema Porque tu familia y t\u00fa se lo merecen, Vacaciones CTN Expo-Feria 2022, se lleva a cabo desde este viernes 20 hasta el domingo 22 de mayo en las instalaciones del Centro Comercial Sambil, en horarios de 10:00 A.M. a 10:00 P.M.<\/p>\n","protected":false},"excerpt":{"rendered":"<p>Santo Domingo, R.D. Mayo 22, 2022.- Con la presencia del presidente de la Rep\u00fablica Luis Abinader Corona, a quien se dedica esta entrega, qued\u00f3 inaugurada la vig\u00e9simo primera versi\u00f3n de&hellip; <\/p>\n","protected":false},"author":2,"featured_media":17472,"comment_status":"closed","ping_status":"closed","sticky":false,"template":"","format":"standard","meta":{"fifu_image_url":"","fifu_image_alt":"","footnotes":""},"categories":[77],"tags":[],"class_list":["post-17461","post","type-post","status-publish","format-standard","has-post-thumbnail","hentry","category-eventos-reuniones-e-incentivos"],"_links":{"self":[{"href":"https:\/\/elmundodelosnegocios.com.do\/v1\/wp-json\/wp\/v2\/posts\/17461","targetHints":{"allow":["GET"]}}],"collection":[{"href":"https:\/\/elmundodelosnegocios.com.do\/v1\/wp-json\/wp\/v2\/posts"}],"about":[{"href":"https:\/\/elmundodelosnegocios.com.do\/v1\/wp-json\/wp\/v2\/types\/post"}],"author":[{"embeddable":true,"href":"https:\/\/elmundodelosnegocios.com.do\/v1\/wp-json\/wp\/v2\/users\/2"}],"replies":[{"embeddable":true,"href":"https:\/\/elmundodelosnegocios.com.do\/v1\/wp-json\/wp\/v2\/comments?post=17461"}],"version-history":[{"count":0,"href":"https:\/\/elmundodelosnegocios.com.do\/v1\/wp-json\/wp\/v2\/posts\/17461\/revisions"}],"wp:featuredmedia":[{"embeddable":true,"href":"https:\/\/elmundodelosnegocios.com.do\/v1\/wp-json\/wp\/v2\/media\/17472"}],"wp:attachment":[{"href":"https:\/\/elmundodelosnegocios.com.do\/v1\/wp-json\/wp\/v2\/media?parent=17461"}],"wp:term":[{"taxonomy":"category","embeddable":true,"href":"https:\/\/elmundodelosnegocios.com.do\/v1\/wp-json\/wp\/v2\/categories?post=17461"},{"taxonomy":"post_tag","embeddable":true,"href":"https:\/\/elmundodelosnegocios.com.do\/v1\/wp-json\/wp\/v2\/tags?post=17461"}],"curies":[{"name":"wp","href":"https:\/\/api.w.org\/{rel}","templated":true}]}}