{"id":17533,"date":"2022-05-24T13:28:22","date_gmt":"2022-05-24T17:58:22","guid":{"rendered":"http:\/\/elmundodelosnegocios.com.do\/v1\/?p=17533"},"modified":"2022-05-24T13:28:22","modified_gmt":"2022-05-24T17:58:22","slug":"proyectan-realizar-obras-de-infraestructura-por-mas-de-rd763-millones","status":"publish","type":"post","link":"https:\/\/elmundodelosnegocios.com.do\/v1\/proyectan-realizar-obras-de-infraestructura-por-mas-de-rd763-millones\/","title":{"rendered":"Proyectan realizar obras de infraestructura por m\u00e1s de RD$763 millones"},"content":{"rendered":"<p data-uw-styling-context=\"true\"><span data-uw-styling-context=\"true\">Villa Altagracia. \u2013 La\u00a0<strong data-uw-styling-context=\"true\">directora del Instituto Nacional de Atenci\u00f3n Integral a la Primera Infancia (Inaipi)<\/strong>\u00a0inform\u00f3 que el Gobierno ejecutar\u00e1 en este municipio\u00a0<strong data-uw-styling-context=\"true\">obras de infraestructura<\/strong>\u00a0por un monto de\u00a0<strong data-uw-styling-context=\"true\">RD$763, 397, 367<\/strong>, algunas de las cuales ya est\u00e1n en ejecuci\u00f3n, con el objetivo de contribuir a mejorar la calidad de vida de los mun\u00edcipes de esa demarcaci\u00f3n.<\/span><\/p>\n<p data-uw-styling-context=\"true\"><span data-uw-styling-context=\"true\"><strong data-uw-styling-context=\"true\">Besaida Manola Santana de B\u00e1ez<\/strong>, al encabezar el encuentro con representantes de las fuerzas vivas de Villa Altagracia, como parte del programa \u201c<strong data-uw-styling-context=\"true\">El Gobierno en las Provincias<\/strong>\u201d, escuch\u00f3 las necesidades y demandas de los comunitarios, al tiempo de anunciar los proyectos que se ejecutar\u00e1n en los pr\u00f3ximos meses.<\/span><\/p>\n<p data-uw-styling-context=\"true\"><span data-uw-styling-context=\"true\">La funcionaria dijo que el gobierno que encabeza el\u00a0<strong data-uw-styling-context=\"true\">presidente Luis Abinader<\/strong>\u00a0desarrolla obras en ese\u00a0<\/span><a href=\"https:\/\/presidencia.gob.do\/noticias\/vicepresidenta-entrega-viviendas-participa-en-jornada-primero-tu-y-visita-inespre-en-villa\" data-uw-styling-context=\"true\">municipio\u00a0<\/a><span data-uw-styling-context=\"true\">en las \u00e1reas de energ\u00eda, deporte, educaci\u00f3n, hospitales e infraestructuras viales, agricultura, agua potable, entre otras.<\/span><\/p>\n<p data-uw-styling-context=\"true\"><span data-uw-styling-context=\"true\">Resalt\u00f3 que las medidas integrales adoptadas por el gobierno han permitido mantener\u00a0<strong data-uw-styling-context=\"true\">la estabilidad econ\u00f3mica, pol\u00edtica y social del pa\u00eds<\/strong>, destac\u00f3 el crecimiento en el sector turismo y el excelente manejo dado a la crisis sanitaria post pandemia COVID-19, que ha merecido el reconocimiento de la comunidad internacional.\u00a0<\/span><\/p>\n<p data-uw-styling-context=\"true\"><span data-uw-styling-context=\"true\">\u201c<em data-uw-styling-context=\"true\">Hemos tenido que hacer sacrificios financieros para aliviar los bolsillos de la poblaci\u00f3n con acciones como el subsidio a los combustibles, cuyos montos representan m\u00e1s de RD$15 mil 300 millones de pesos en solo 20 semanas<\/em>\u201d, indic\u00f3 Santana de B\u00e1ez.<\/span><\/p>\n<p data-uw-styling-context=\"true\"><img loading=\"lazy\" decoding=\"async\" src=\"https:\/\/presidencia.gob.do\/sites\/default\/files\/content\/a.jpeg\" alt=\"\" width=\"1200\" height=\"800\" data-entity-type=\"file\" data-entity-uuid=\"08b7c788-4dc9-477d-b79d-619ec3558766\" data-uw-styling-context=\"true\" \/><\/p>\n<p data-uw-styling-context=\"true\"><span data-uw-styling-context=\"true\">De igual manera, sostuvo que programas sociales como<strong data-uw-styling-context=\"true\">\u00a0SUP\u00c9RATE<\/strong>, que beneficia a m\u00e1s de un mill\u00f3n de familias, contribuyen a reducir los niveles de pobreza. Inform\u00f3 que el gobierno soluciona los problemas de t\u00edtulos de propiedad del parque de\u00a0<strong data-uw-styling-context=\"true\">zona franca de\u00a0Villa Altagracia<\/strong>, donde se instalar\u00e1n varias empresas.<\/span><\/p>\n<p data-uw-styling-context=\"true\"><span data-uw-styling-context=\"true\">La directora del Inaipi, quien se reuni\u00f3 con los comunitarios junto a su equipo de trabajo, record\u00f3 que la presente gesti\u00f3n puede exhibir grandes logros en favor de la gente, a pesar de las adversidades externas que ha tenido que enfrentar, como la incidencia de la pandemia y la guerra entre Rusia y Ucrania.<\/span><\/p>\n<p data-uw-styling-context=\"true\"><span data-uw-styling-context=\"true\">\u201c<em data-uw-styling-context=\"true\">Lo m\u00e1s importante es que el presidente Luis Abinader desarrolla un gobierno \u00e9tico y transparente que trabaja por y para la gente. Esto debemos defenderlo y continuarlo para mejorar la calidad de vida de quienes viven en condiciones de vulnerabilidad<\/em>\u201d, agreg\u00f3.<\/span><\/p>\n<h5 data-uw-styling-context=\"true\"><span data-uw-styling-context=\"true\"><strong data-uw-styling-context=\"true\">Comunitarios agradecen y expresan otras necesidades<\/strong><\/span><\/h5>\n<p data-uw-styling-context=\"true\"><span data-uw-styling-context=\"true\">Durante el encuentro \u201cEl Gobierno en las Provincias\u201d, los representantes de la sociedad civil, los empresarios y organizaciones pol\u00edticas agradecieron la inversi\u00f3n que desarrolla el Gobierno en favor de\u00a0Villa Altagracia, municipio que aseguraron ya deja de ser la \u201cCenicienta de la Provincia San Crist\u00f3bal\u201d.<\/span><\/p>\n<p data-uw-styling-context=\"true\"><span data-uw-styling-context=\"true\">En tanto, Sergio Gonz\u00e1lez, representante de 117 juntas de vecinos, asegur\u00f3 que ciertamente en las comunidades se siente el apoyo del gobierno, pero pidi\u00f3 canalizar ante el presidente Luis Abinader la soluci\u00f3n a otras necesidades como la creaci\u00f3n de nuevos\u00a0<strong data-uw-styling-context=\"true\">puestos de trabajo, ambulancias y equipamiento de las patrullas policiales.<\/strong><\/span><\/p>\n<p data-uw-styling-context=\"true\"><span data-uw-styling-context=\"true\">Por su lado, Pedro (Papo) Cabral, al hablar en representaci\u00f3n de los empresarios, dijo que, gracias a las inversiones del gobierno, el municipio tiene m\u00e1s actividades econ\u00f3micas y comerciales.<\/span><\/p>\n<p data-uw-styling-context=\"true\"><span data-uw-styling-context=\"true\">En la actividad participaron los diputados Frank Paulino y Otoniel Tejeda, tambi\u00e9n los funcionarios municipales H\u00e9ctor Dar\u00edo Nolasco, regidor del Ayuntamiento de Villa Altagracia, y el director de la Junta Distrital de La Cuchilla, Eloy Suero. Asimismo, Efra\u00edn Toribio, representante del Fondo Especial para el Desarrollo Agropecuario (FEDA), y Mario Amarante, director del Distrito Educativo del municipio, entre otros.<\/span><\/p>\n","protected":false},"excerpt":{"rendered":"<p>Villa Altagracia. \u2013 La\u00a0directora del Instituto Nacional de Atenci\u00f3n Integral a la Primera Infancia (Inaipi)\u00a0inform\u00f3 que el Gobierno ejecutar\u00e1 en este municipio\u00a0obras de infraestructura\u00a0por un monto de\u00a0RD$763, 397, 367, algunas&hellip; <\/p>\n","protected":false},"author":2,"featured_media":17535,"comment_status":"closed","ping_status":"closed","sticky":false,"template":"","format":"standard","meta":{"fifu_image_url":"","fifu_image_alt":"","footnotes":""},"categories":[69],"tags":[],"class_list":["post-17533","post","type-post","status-publish","format-standard","has-post-thumbnail","hentry","category-construccion"],"_links":{"self":[{"href":"https:\/\/elmundodelosnegocios.com.do\/v1\/wp-json\/wp\/v2\/posts\/17533","targetHints":{"allow":["GET"]}}],"collection":[{"href":"https:\/\/elmundodelosnegocios.com.do\/v1\/wp-json\/wp\/v2\/posts"}],"about":[{"href":"https:\/\/elmundodelosnegocios.com.do\/v1\/wp-json\/wp\/v2\/types\/post"}],"author":[{"embeddable":true,"href":"https:\/\/elmundodelosnegocios.com.do\/v1\/wp-json\/wp\/v2\/users\/2"}],"replies":[{"embeddable":true,"href":"https:\/\/elmundodelosnegocios.com.do\/v1\/wp-json\/wp\/v2\/comments?post=17533"}],"version-history":[{"count":0,"href":"https:\/\/elmundodelosnegocios.com.do\/v1\/wp-json\/wp\/v2\/posts\/17533\/revisions"}],"wp:featuredmedia":[{"embeddable":true,"href":"https:\/\/elmundodelosnegocios.com.do\/v1\/wp-json\/wp\/v2\/media\/17535"}],"wp:attachment":[{"href":"https:\/\/elmundodelosnegocios.com.do\/v1\/wp-json\/wp\/v2\/media?parent=17533"}],"wp:term":[{"taxonomy":"category","embeddable":true,"href":"https:\/\/elmundodelosnegocios.com.do\/v1\/wp-json\/wp\/v2\/categories?post=17533"},{"taxonomy":"post_tag","embeddable":true,"href":"https:\/\/elmundodelosnegocios.com.do\/v1\/wp-json\/wp\/v2\/tags?post=17533"}],"curies":[{"name":"wp","href":"https:\/\/api.w.org\/{rel}","templated":true}]}}