{"id":17537,"date":"2022-05-24T13:31:49","date_gmt":"2022-05-24T18:01:49","guid":{"rendered":"http:\/\/elmundodelosnegocios.com.do\/v1\/?p=17537"},"modified":"2022-05-24T13:31:49","modified_gmt":"2022-05-24T18:01:49","slug":"ministro-de-energia-y-minas-afirma-entrada-de-plantas-garantiza-normalidad-en-suministro-de-energia-electrica","status":"publish","type":"post","link":"https:\/\/elmundodelosnegocios.com.do\/v1\/ministro-de-energia-y-minas-afirma-entrada-de-plantas-garantiza-normalidad-en-suministro-de-energia-electrica\/","title":{"rendered":"Ministro de Energ\u00eda y Minas afirma entrada de plantas garantiza normalidad en suministro de energ\u00eda el\u00e9ctrica"},"content":{"rendered":"<p>Santo Domingo. &#8211; El ministro de Energ\u00eda y Minas, Antonio Almonte, afirm\u00f3 que la entrada de varias generadoras a finales de este mes garantizar\u00e1 la estabilidad del sistema el\u00e9ctrico, el cual ha mejorado notablemente en estos \u00faltimos d\u00edas con las medidas administrativas adoptadas.<\/p>\n<p>\u201cSe espera que Punta Catalina I entre el 30 de mayo a operar y, adem\u00e1s, las generadoras Los Mina V y VII van a entrar al sistema en el transcurso de la semana, aportando m\u00e1s de 200 megavatios; mientras Estrella de Mar III aumentar\u00e1 en 70 megavatios adicionales la oferta\u201d, dijo.<\/p>\n<p>Al ser entrevistado en el programa televisivo Hoy Mismo, el ministro Almonte asegur\u00f3 que con la reincorporaci\u00f3n de estas generadoras el pa\u00eds volver\u00e1 al punto de estabilidad el\u00e9ctrica con una oferta superior a la demanda, pero con un estrecho margen respecto a la oferta y la demanda.<\/p>\n<p>\u201cCuando entren esas plantas recuperaremos la estabilidad el\u00e9ctrica que nosotros mismos hemos mantenido durante casi un a\u00f1o y 9 meses. Esa estabilidad que se echa de menos hoy fue la que nosotros garantizamos abasteciendo el 99 por ciento de la demanda energ\u00e9tica\u201d, enfatiz\u00f3 Almonte.<\/p>\n<p>Sobre las medidas adoptadas dijo que lo que se hizo fue conversar con los ejecutivos de Barrick Gold y Falcando para que incrementaran la oferta de energ\u00eda que suplen al sistema como parte de sus excedentes de su proceso de producci\u00f3n.<\/p>\n<p>El ministro explic\u00f3 que a finales del a\u00f1o pasado se lanz\u00f3 una licitaci\u00f3n de urgencia de 400 nuevos megavatios que finaliz\u00f3 en marzo, para asegurar una oferta superior a la demanda.<\/p>\n<p>Inform\u00f3 que para octubre de este a\u00f1o 2022 el sistema el\u00e9ctrico nacional estar\u00e1 recibiendo los primeros 400 megavatios, fruto de esa licitaci\u00f3n y que a estos se adicionar\u00e1n 800 megavatios de otra licitaci\u00f3n junto a otros 800 megavatios de la construcci\u00f3n de dos terminales a gas natural en Manzanillo, para un total de dos mil megavatios.<\/p>\n<p>\u201cCon estos 800 megavatios, m\u00e1s los 800 de Manzanillo y estos 400 licitados recientemente, el Gobierno completar\u00e1 2 mil megavatios que estar\u00e1n siendo instalados al pa\u00eds entre 3 y 4 a\u00f1os. De esa manera s\u00ed tendremos reserva fr\u00eda suficiente para satisfacer el sistema en cualquier circunstancia que se d\u00e9. Eso nunca se hab\u00eda tenido en Rep\u00fablica Dominicana. El pa\u00eds, en materia de plantas, siempre hab\u00eda estado \u2018lo comido por lo servido\u2019 y ninguna econom\u00eda ni ning\u00fan pa\u00eds se sostiene o genera confianza en esas condiciones\u201d, enfatiz\u00f3 Almonte.<\/p>\n<p>Resalt\u00f3 que el jueves pasado termin\u00f3 la adjudicaci\u00f3n de las dos centrales y la terminal de gas en Manzanillo y que ser\u00e1n construidas por consorcios privados, de modo que el Estado dominicano no invertir\u00e1 ni un solo peso, sino que las Empresas Distribuidoras de Electricidad (EDE) les comprar\u00e1n la energ\u00eda que estas produzcan a un precio inferior que otras plantas del mercado.<\/p>\n<p>Reafirm\u00f3 que el compromiso del gobierno que encabeza el presidente Luis Abinader es dotar al pa\u00eds de una mayor capacidad de generaci\u00f3n el\u00e9ctrica, a los fines de evitar contratiempos cuando alg\u00fan generador se vea precisado a sacar una planta del sistema.<\/p>\n","protected":false},"excerpt":{"rendered":"<p>Santo Domingo. &#8211; El ministro de Energ\u00eda y Minas, Antonio Almonte, afirm\u00f3 que la entrada de varias generadoras a finales de este mes garantizar\u00e1 la estabilidad del sistema el\u00e9ctrico, el&hellip; <\/p>\n","protected":false},"author":2,"featured_media":17538,"comment_status":"closed","ping_status":"closed","sticky":false,"template":"","format":"standard","meta":{"fifu_image_url":"","fifu_image_alt":"","footnotes":""},"categories":[182],"tags":[],"class_list":["post-17537","post","type-post","status-publish","format-standard","has-post-thumbnail","hentry","category-energia"],"_links":{"self":[{"href":"https:\/\/elmundodelosnegocios.com.do\/v1\/wp-json\/wp\/v2\/posts\/17537","targetHints":{"allow":["GET"]}}],"collection":[{"href":"https:\/\/elmundodelosnegocios.com.do\/v1\/wp-json\/wp\/v2\/posts"}],"about":[{"href":"https:\/\/elmundodelosnegocios.com.do\/v1\/wp-json\/wp\/v2\/types\/post"}],"author":[{"embeddable":true,"href":"https:\/\/elmundodelosnegocios.com.do\/v1\/wp-json\/wp\/v2\/users\/2"}],"replies":[{"embeddable":true,"href":"https:\/\/elmundodelosnegocios.com.do\/v1\/wp-json\/wp\/v2\/comments?post=17537"}],"version-history":[{"count":0,"href":"https:\/\/elmundodelosnegocios.com.do\/v1\/wp-json\/wp\/v2\/posts\/17537\/revisions"}],"wp:featuredmedia":[{"embeddable":true,"href":"https:\/\/elmundodelosnegocios.com.do\/v1\/wp-json\/wp\/v2\/media\/17538"}],"wp:attachment":[{"href":"https:\/\/elmundodelosnegocios.com.do\/v1\/wp-json\/wp\/v2\/media?parent=17537"}],"wp:term":[{"taxonomy":"category","embeddable":true,"href":"https:\/\/elmundodelosnegocios.com.do\/v1\/wp-json\/wp\/v2\/categories?post=17537"},{"taxonomy":"post_tag","embeddable":true,"href":"https:\/\/elmundodelosnegocios.com.do\/v1\/wp-json\/wp\/v2\/tags?post=17537"}],"curies":[{"name":"wp","href":"https:\/\/api.w.org\/{rel}","templated":true}]}}