{"id":17621,"date":"2022-05-30T08:25:42","date_gmt":"2022-05-30T12:55:42","guid":{"rendered":"http:\/\/elmundodelosnegocios.com.do\/v1\/?p=17621"},"modified":"2022-05-30T08:25:42","modified_gmt":"2022-05-30T12:55:42","slug":"desciende-indice-actividad-manufacturera-abril","status":"publish","type":"post","link":"https:\/\/elmundodelosnegocios.com.do\/v1\/desciende-indice-actividad-manufacturera-abril\/","title":{"rendered":"Desciende \u00cdndice Actividad Manufacturera Abril"},"content":{"rendered":"<p><i><span style=\"font-weight: 400;\">Cuatro de las cinco variables muestran descenso<\/span><\/i><\/p>\n<p><span style=\"font-weight: 400;\">Santo Domingo. <\/span><i><span style=\"font-weight: 400;\">El \u00cdndice Mensual de Actividad Manufacturera (IMAM) de la Asociaci\u00f3n de Industrias de la Rep\u00fablica Dominicana (AIRD) descendi\u00f3 el pasado mes de abril 2022 en relaci\u00f3n al mes de marzo 2022 al pasar 63.7 a 56.9, mostrando descensos en las variables de Inventario de Materias Primas, Volumen de Producci\u00f3n, Empleo y Volumen de Ventas. El IMAM ha permanecido sobre el umbral de los 50.0 durante todo el pasado a\u00f1o (2021) y los primeros cuatro meses del presente a\u00f1o.\u00a0<\/span><\/i><\/p>\n<p><span style=\"font-weight: 400;\">Este \u00cdndice es un retrato de la actividad manufacturera de un mes con relaci\u00f3n al anterior. Se precisa que cuando el IMAM se ubica por debajo del umbral de los 50 puntos refleja que las condiciones y perspectivas econ\u00f3micas del sector manufacturero se consideran no favorables. Sobre 50.0, las perspectivas son favorables. El IMAM descendi\u00f3 por primera vez de los 60.0 en que se ubic\u00f3 en noviembre del a\u00f1o pasado, pero ha permanecido sobre el umbral de los 50.0 desde enero 2021 hasta abril del presente a\u00f1o.<\/span><\/p>\n<p><span style=\"font-weight: 400;\">El IMAM es presentado con un ajuste por estacionalidad y ponderado en sus cinco variables y como \u00edndice general, lo cual permite tener una aproximaci\u00f3n m\u00e1s confiable al tomar en cuenta las fluctuaciones recurrentes y por tanto predecibles que ocurren en un periodo dentro de un a\u00f1o, que tiende a afectar la medici\u00f3n de los resultados.\u00a0<\/span><\/p>\n<p><i><span style=\"font-weight: 400;\">(La estacionalidad puede ocurrir en las temporadas de cosechas de alimentos, en los periodos navide\u00f1os, en el verano, en el inicio de las clases escolares, entre otros.\u00a0 El IMAM, al ser un indicador mensual, est\u00e1 sujeto a este componente de estacionalidad).<\/span><\/i><\/p>\n<p style=\"text-align: left;\"><span style=\"font-weight: 400;\"><strong>El Gr\u00e1fico No. 1<\/strong> presenta la serie de resultados del IMAM desde junio 2015 a abril 2022, con el ajuste de la estacionalidad, al que se ha hecho referencia, mes tras mes.<\/span><\/p>\n<p style=\"text-align: center;\"><strong>Gr\u00e1fico No. 1<\/strong><br \/>\n<strong>\u00cdndice Mensual de Actividad Manufacturera<\/strong><br \/>\n<strong>Ponderado y ajustado por estacionalidad<\/strong><br \/>\n<strong>Junio 2015 \u2013 Abril 2022<\/strong><\/p>\n<p><a href=\"http:\/\/elmundodelosnegocios.com.do\/v1\/wp-content\/uploads\/2022\/05\/Grafico-1-IMAM.png\"><img loading=\"lazy\" decoding=\"async\" class=\"aligncenter size-full wp-image-17623\" src=\"http:\/\/elmundodelosnegocios.com.do\/v1\/wp-content\/uploads\/2022\/05\/Grafico-1-IMAM.png\" alt=\"\" width=\"583\" height=\"289\" srcset=\"https:\/\/elmundodelosnegocios.com.do\/v1\/wp-content\/uploads\/2022\/05\/Grafico-1-IMAM.png 583w, https:\/\/elmundodelosnegocios.com.do\/v1\/wp-content\/uploads\/2022\/05\/Grafico-1-IMAM-300x149.png 300w\" sizes=\"auto, (max-width: 583px) 100vw, 583px\" \/><\/a><\/p>\n<p><span style=\"font-weight: 400;\">La muestra totaliza 500 empresas las cuales se han seleccionado de acuerdo a su importancia econ\u00f3mica, sector y geograf\u00eda.\u00a0<\/span><\/p>\n<p><span style=\"font-weight: 400;\">Las cinco variables que se utilizan para la conformaci\u00f3n del IMAM y con las cuales se establece el saldo de opini\u00f3n son:<\/span> <span style=\"font-weight: 400;\">el volumen de las ventas, el volumen de producci\u00f3n, el comportamiento del empleo, el plazo de entrega que toman los suplidores, y el comportamiento de los inventarios de insumos y materias primas de un mes con relaci\u00f3n al otro.<\/span><\/p>\n<p><span style=\"font-weight: 400;\">En cuanto a las <\/span><b>variables examinadas, estas fueron ponderadas y ajustadas por estacionalidad y al reportar a abril 2022 con relaci\u00f3n a marzo 2022 se tiene:\u00a0\u00a0\u00a0<\/b><\/p>\n<p><span style=\"font-weight: 400;\">\u201cVolumen de Ventas\u201d pas\u00f3 de 70.3 en marzo a 52.9 en abril; \u201cVolumen de Producci\u00f3n\u201d se mostr\u00f3 en 70.3 en marzo y pas\u00f3 a 50.4 en abril;\u00a0 \u201cEmpleo\u201d pas\u00f3 de 62.0 en marzo a 56.6 en abril. \u201cInventario de Materias Primas\u201d ascendi\u00f3 de 55.9 en marzo a 66.7 en abril, y \u201cPlazo Entregas Suplidores\u201d descendi\u00f3 de 58.7 en marzo a 58.0 en abril 2022. Es decir, que <\/span><b>cuatro de las cinco variables contempladas mostraron una tendencia a la baja en abril 2022 con relaci\u00f3n a marzo 2022<\/b><span style=\"font-weight: 400;\">.<\/span><\/p>\n<p style=\"text-align: center;\"><strong>Cuadro No. 1 \/ IMAM por variables tomadas en cuenta<\/strong><br \/>\n<strong>Ponderado y ajustado por factor estacional<\/strong><br \/>\n<strong>Abril 2021 a Abril 2022<\/strong><\/p>\n<p><a href=\"http:\/\/elmundodelosnegocios.com.do\/v1\/wp-content\/uploads\/2022\/05\/Cuadro-1-IMAM.png\"><img loading=\"lazy\" decoding=\"async\" class=\"aligncenter size-full wp-image-17624\" src=\"http:\/\/elmundodelosnegocios.com.do\/v1\/wp-content\/uploads\/2022\/05\/Cuadro-1-IMAM.png\" alt=\"\" width=\"401\" height=\"274\" srcset=\"https:\/\/elmundodelosnegocios.com.do\/v1\/wp-content\/uploads\/2022\/05\/Cuadro-1-IMAM.png 401w, https:\/\/elmundodelosnegocios.com.do\/v1\/wp-content\/uploads\/2022\/05\/Cuadro-1-IMAM-300x205.png 300w, https:\/\/elmundodelosnegocios.com.do\/v1\/wp-content\/uploads\/2022\/05\/Cuadro-1-IMAM-220x150.png 220w\" sizes=\"auto, (max-width: 401px) 100vw, 401px\" \/><\/a><\/p>\n<p><b>En resumen, ponderado y ajustado por estacionalidad:<\/b><\/p>\n<p><b>\u00cdndice Mensual de Actividad Manufacturera<\/b><span style=\"font-weight: 400;\">:<\/span> <b>En el 2021: <\/b><span style=\"font-weight: 400;\">66.8 en marzo; 53.6 en abril; 62.4 en mayo; 58.7 en junio; 57.3 en julio; 54.4 en agosto; 67.2 en septiembre; 58.9 en octubre, 61.6 en noviembre, y 61.1 en diciembre. <\/span><b>En el 2022: <\/b><span style=\"font-weight: 400;\">64.6 en enero; 62.8 en febrero;\u00a0 63.7 en marzo, y 56.9 en abril. <\/span><b>Un mes a la baja.<\/b><\/p>\n<p><span style=\"font-weight: 400;\">Variable <\/span><b>Volumen de Ventas<\/b><span style=\"font-weight: 400;\">:<\/span> <b>En el 2021: <\/b><span style=\"font-weight: 400;\">76.5 en marzo; 45.2 en abril; 65.4 en mayo; 60.0 en junio; 55.1 en julio; 48.3 en agosto; 72.5 en septiembre; 57.6 en octubre, 58.8 en noviembre y 59.9 en diciembre.<\/span><b> En el 2022: <\/b><span style=\"font-weight: 400;\">74.1 en enero, 64.9 en febrero; 70.3 en marzo, y 52.9 en abril. <\/span><b>Un mes a la baja.<\/b><\/p>\n<p><span style=\"font-weight: 400;\">Variable <\/span><b>Volumen de Producci\u00f3n<\/b><span style=\"font-weight: 400;\">: <\/span><b>En el 2021: <\/b><span style=\"font-weight: 400;\">73.1 en marzo; 56.3 en abril; 64.9 en mayo; 62.9 en junio; 54.4 en julio; 44.0 en agosto; 77.0 en septiembre; 60.2 en octubre, 53.4 en noviembre, y 59.5 en diciembre. <\/span><b>En el 2022: <\/b><span style=\"font-weight: 400;\">59.8 en enero, 66.0 en febrero; 70.3 en marzo, 50.4 en abril. <\/span><b>Un mes a la baja.<\/b><\/p>\n<p><span style=\"font-weight: 400;\">Variable <\/span><b>Empleo<\/b><span style=\"font-weight: 400;\">: <\/span><b>En el 2021: <\/b><span style=\"font-weight: 400;\">56.1 en marzo; 55.1 en abril; 58.0 en mayo; 55.5 en junio; 54.0 en julio; 50.0 en agosto; 61.0 en septiembre; 63.1 en octubre, 65.4 en noviembre, y 62.7 en diciembre.\u00a0 <\/span><b>En el 2022: <\/b><span style=\"font-weight: 400;\">\u00a056.1 en enero, 66.0 en febrero; 62.0 en marzo, y 56.6 en abril. <\/span><b>Dos meses a la baja.<\/b><\/p>\n<p><span style=\"font-weight: 400;\">Variable <\/span><b>Inventario de Materias Primas<\/b><span style=\"font-weight: 400;\">:<\/span> <b>\u00a0\u00a0En el 2021: <\/b><span style=\"font-weight: 400;\">57.0 en marzo; 45.1 en abril; 61.7 en mayo; 57.6 en junio; 65.3 en julio; 66.3 en agosto; 61.1 en septiembre; 52.9 en octubre, 64.2 en noviembre, y 59.1 en diciembre. <\/span><b>En el 2022: <\/b><span style=\"font-weight: 400;\">59.1 en enero, 53.3 en febrero; 55.9 en marzo, y 66.7 en abril. <\/span><b>Dos meses al alza. <\/b><span style=\"font-weight: 400;\">\u00a0<\/span><\/p>\n<p><span style=\"font-weight: 400;\">Variable <\/span><b>Plazo Entregas de Suplidores<\/b><span style=\"font-weight: 400;\">: <\/span><b>En el 2021: <\/b><span style=\"font-weight: 400;\">71.2 en marzo; 65.1 en abril; 66.8 en mayo, 68.8 en junio; 73.3 en julio; 80.9 en agosto; 76.8 en septiembre; 84.8 en octubre, 71.5 en noviembre, y 75.6 en diciembre. <\/span><b>En el 2022: <\/b><span style=\"font-weight: 400;\">68.8 en enero, 77.7 en febrero; 58.7 en marzo, y 58.0. <\/span><b>Dos meses a la baja.<\/b><\/p>\n<p><b>Notas t\u00e9cnicas:<\/b><\/p>\n<ul>\n<li aria-level=\"1\"><b>Notas t\u00e9cnicas del \u00cdndice Mensual de Actividad Manufacturera (IMAM)<\/b><\/li>\n<\/ul>\n<p><span style=\"font-weight: 400;\">La Asociaci\u00f3n de Industrias de la Rep\u00fablica Dominicana trabaja este instrumento para monitorear el comportamiento de la actividad industrial en el pa\u00eds, el cual se espera sea utilizado como en otras partes del mundo: como <\/span><b>indicador de referencia para la toma de decisiones de los agentes econ\u00f3micos e instituciones financieras<\/b><span style=\"font-weight: 400;\">.\u00a0<\/span><\/p>\n<p><span style=\"font-weight: 400;\">Debido a la posibilidad de realizar las encuestas y recibir sus respuestas de forma r\u00e1pida,\u00a0este indicador permite obtener informaciones de tendencias econ\u00f3micas previo a la publicaci\u00f3n de estad\u00edsticas oficiales y sirve de referencia para los propios economistas, hacedores de opini\u00f3n y tomadores de decisiones, prev\u00e9 las tendencias de la marcha econ\u00f3mica y posibilita tomar medidas en la direcci\u00f3n conveniente.<\/span><\/p>\n<p><span style=\"font-weight: 400;\">El \u00cdndice Mensual de Actividad Manufacturera (IMAM), est\u00e1 basado en la metodolog\u00eda del \u00cdndice de los Gerentes de Compras, (Purchasing Manager Index &#8211; PMI), el cual constituye un indicador de amplio uso a nivel mundial, y bien conocido en los mercados financieros y entre economistas y hacedores de pol\u00edticas.\u00a0<\/span><\/p>\n<p><span style=\"font-weight: 400;\">Este indicador <\/span><b>muestra la direcci\u00f3n predominante en cinco variables pre-determinadas: las ventas, la producci\u00f3n, el empleo, los plazos de entrega de pedidos, y el inventario de materias primas<\/b><b>.<\/b><\/p>\n<p><span style=\"font-weight: 400;\">El \u00edndice se construye a trav\u00e9s\u00a0de encuestas mensuales realizadas a los directores generales y\/o gerentes de compras de las empresas. Los datos son recopilados los primeros 20 d\u00edas del mes siguiente a trav\u00e9s de encuestas online y telef\u00f3nicas. Se les pide a los encuestados comparar las variaciones de variables espec\u00edficas en el mes actual en relaci\u00f3n con el mes anterior.<\/span><\/p>\n<p><span style=\"font-weight: 400;\">La muestra con la que se elabora el IMAM totaliza un amplio grupo de empresas, seleccionadas de acuerdo con su importancia econ\u00f3mica, sector y geograf\u00eda, y determinando su tama\u00f1o de acuerdo con el n\u00famero de empleados.<\/span><\/p>\n","protected":false},"excerpt":{"rendered":"<p>Cuatro de las cinco variables muestran descenso Santo Domingo. El \u00cdndice Mensual de Actividad Manufacturera (IMAM) de la Asociaci\u00f3n de Industrias de la Rep\u00fablica Dominicana (AIRD) descendi\u00f3 el pasado mes&hellip; <\/p>\n","protected":false},"author":2,"featured_media":14942,"comment_status":"closed","ping_status":"closed","sticky":false,"template":"","format":"standard","meta":{"fifu_image_url":"","fifu_image_alt":"","footnotes":""},"categories":[154],"tags":[],"class_list":["post-17621","post","type-post","status-publish","format-standard","has-post-thumbnail","hentry","category-industria"],"_links":{"self":[{"href":"https:\/\/elmundodelosnegocios.com.do\/v1\/wp-json\/wp\/v2\/posts\/17621","targetHints":{"allow":["GET"]}}],"collection":[{"href":"https:\/\/elmundodelosnegocios.com.do\/v1\/wp-json\/wp\/v2\/posts"}],"about":[{"href":"https:\/\/elmundodelosnegocios.com.do\/v1\/wp-json\/wp\/v2\/types\/post"}],"author":[{"embeddable":true,"href":"https:\/\/elmundodelosnegocios.com.do\/v1\/wp-json\/wp\/v2\/users\/2"}],"replies":[{"embeddable":true,"href":"https:\/\/elmundodelosnegocios.com.do\/v1\/wp-json\/wp\/v2\/comments?post=17621"}],"version-history":[{"count":0,"href":"https:\/\/elmundodelosnegocios.com.do\/v1\/wp-json\/wp\/v2\/posts\/17621\/revisions"}],"wp:featuredmedia":[{"embeddable":true,"href":"https:\/\/elmundodelosnegocios.com.do\/v1\/wp-json\/wp\/v2\/media\/14942"}],"wp:attachment":[{"href":"https:\/\/elmundodelosnegocios.com.do\/v1\/wp-json\/wp\/v2\/media?parent=17621"}],"wp:term":[{"taxonomy":"category","embeddable":true,"href":"https:\/\/elmundodelosnegocios.com.do\/v1\/wp-json\/wp\/v2\/categories?post=17621"},{"taxonomy":"post_tag","embeddable":true,"href":"https:\/\/elmundodelosnegocios.com.do\/v1\/wp-json\/wp\/v2\/tags?post=17621"}],"curies":[{"name":"wp","href":"https:\/\/api.w.org\/{rel}","templated":true}]}}