{"id":17636,"date":"2022-05-30T09:20:57","date_gmt":"2022-05-30T13:50:57","guid":{"rendered":"http:\/\/elmundodelosnegocios.com.do\/v1\/?p=17636"},"modified":"2022-05-30T09:20:57","modified_gmt":"2022-05-30T13:50:57","slug":"la-movilidad-y-transporte-para-el-crecimiento-del-turismo-de-santiago-sera-tema-de-conferencia-en-expo-turismo-santiago-2022","status":"publish","type":"post","link":"https:\/\/elmundodelosnegocios.com.do\/v1\/la-movilidad-y-transporte-para-el-crecimiento-del-turismo-de-santiago-sera-tema-de-conferencia-en-expo-turismo-santiago-2022\/","title":{"rendered":"La movilidad y transporte para el crecimiento del turismo de Santiago ser\u00e1 tema de conferencia en Expo Turismo Santiago 2022"},"content":{"rendered":"<p data-uw-styling-context=\"true\"><span data-uw-styling-context=\"true\">Santo Domingo. &#8211; El\u00a0<strong data-uw-styling-context=\"true\">Sistema de Transporte de Santiago (SIT),\u00a0<\/strong>proyecto gestionado por la\u00a0<strong data-uw-styling-context=\"true\">Oficina de Desarrollo de Proyectos de Movilidad Urbana e Interurbana<\/strong>\u00a0del\u00a0<strong data-uw-styling-context=\"true\">Ministerio de la Presidencia (MINPRE)<\/strong>, tendr\u00e1n presencia en la 25 edici\u00f3n de\u00a0<strong data-uw-styling-context=\"true\">Expo Turismo Santiago 2022,\u00a0<\/strong>a realizarse del 3 al 5 de junio en la Ciudad Coraz\u00f3n.<\/span><\/p>\n<p data-uw-styling-context=\"true\"><span data-uw-styling-context=\"true\"><span lang=\"ES\" xml:lang=\"ES\" data-uw-styling-context=\"true\">Durante su participaci\u00f3n, el\u00a0<strong data-uw-styling-context=\"true\">SIT<\/strong>\u00a0tratar\u00e1 la importancia que tiene la\u00a0<strong data-uw-styling-context=\"true\">movilidad urbana\u00a0<\/strong>como factor indispensable, tanto para la transformaci\u00f3n social y mejora de la calidad de vida, como para la sostenibilidad medioambiental de las ciudades, as\u00ed como para su competitividad en todos los sectores productivos. Adem\u00e1s, identifican al sector turismo como una de las industrias que m\u00e1s se beneficia de los planes de movilidad urbana sostenible, por la facilidad que le ofrece al visitante de trasladarse hacia los diferentes destinos de turismo, salud, negocios, entre otros.<\/span><\/span><\/p>\n<p data-uw-styling-context=\"true\"><span data-uw-styling-context=\"true\"><em data-uw-styling-context=\"true\"><span lang=\"ES\" xml:lang=\"ES\" data-uw-styling-context=\"true\">\u201cLa intenci\u00f3n es dar a conocer de qu\u00e9 manera el sistema que se ha dise\u00f1ad, bajo la gesti\u00f3n del\u00a0<strong data-uw-styling-context=\"true\">presidente Luis Abinader,<\/strong>\u00a0incidir\u00e1 positivamente en el crecimiento del turismo, haciendo compatibles el crecimiento econ\u00f3mico de la ciudad, su cohesi\u00f3n social y la defensa del medio ambiente. Adem\u00e1s, estar\u00e1 garantizando la calidad de vida de los ciudadanos, pero al mismo tiempo, constituyendo una infraestructura fundamental para que el potencial tur\u00edstico de Santiago pueda desarrollarse en toda su dimensi\u00f3n<\/span><\/em><span lang=\"ES\" xml:lang=\"ES\" data-uw-styling-context=\"true\">\u201d, manifest\u00f3 Jhael Isa, director de la oficina.<\/span><\/span><\/p>\n<p data-uw-styling-context=\"true\"><img loading=\"lazy\" decoding=\"async\" src=\"https:\/\/presidencia.gob.do\/sites\/default\/files\/content\/WhatsApp%20Image%202022-05-29%20at%2010.38.19%20AM.jpeg\" alt=\"\" width=\"1280\" height=\"720\" data-entity-type=\"file\" data-entity-uuid=\"6b644130-dac6-49f3-b0ca-ff7c41921591\" data-uw-styling-context=\"true\" \/><\/p>\n<p data-uw-styling-context=\"true\"><span data-uw-styling-context=\"true\"><span lang=\"ES\" xml:lang=\"ES\" data-uw-styling-context=\"true\">El especialista en movilidad y transporte destac\u00f3 que importantes ciudades de la regi\u00f3n han convertido sus sistemas de transporte en parte de sus atractivos tur\u00edsticos emblem\u00e1ticos, como es el caso de la ciudad de Medell\u00edn en Colombia.<\/span><\/span><\/p>\n<p data-uw-styling-context=\"true\"><span data-uw-styling-context=\"true\"><em data-uw-styling-context=\"true\"><span lang=\"ES\" xml:lang=\"ES\" data-uw-styling-context=\"true\">\u201cConocemos la riqueza cultural, folkl\u00f3rica, arquitect\u00f3nica, hist\u00f3rica, natural y gastron\u00f3mica de este primer Santiago de Am\u00e9rica. Entendemos que entre todos debemos asumir el reto de transformarla en uno de los principales polos tur\u00edsticos del pa\u00eds, respetando siempre sus recursos, preservando su naturaleza y poniendo al servicio de los turistas nacionales y extranjeros que le visitan diferentes modalidades de transporte. Que sean c\u00f3modos, vers\u00e1tiles y seguros, que le permitan trasladarse con facilidad, pero al mismo tiempo que quienes se van trasladando puedan conocer una ciudad diferente a partir de las vistas a\u00e9reas que les facilitar\u00e1n ambos sistemas de transporte\u201d,<\/span><\/em><span lang=\"ES\" xml:lang=\"ES\" data-uw-styling-context=\"true\">\u00a0enfatiz\u00f3 Isa.<\/span><\/span><\/p>\n<p data-uw-styling-context=\"true\"><span data-uw-styling-context=\"true\"><span lang=\"ES\" xml:lang=\"ES\" data-uw-styling-context=\"true\">Las inversiones anunciadas por el presidente Abinader en el\u00a0<a href=\"https:\/\/presidencia.gob.do\/noticias\/presidente-cumple-demanda-historica-en-santiago-inicia-construccion-monorriel-que-movera\" data-uw-styling-context=\"true\"><strong data-uw-styling-context=\"true\">Sistema de Transporte de Santiago<\/strong><\/a>\u00a0se une al anuncio de la inversi\u00f3n de\u00a0<strong data-uw-styling-context=\"true\">mil doscientos millones\u00a0<\/strong>de pesos para remozar el centro hist\u00f3rico y cultural de la ciudad.<\/span><\/span><\/p>\n<p data-uw-styling-context=\"true\"><span data-uw-styling-context=\"true\"><em data-uw-styling-context=\"true\"><span lang=\"ES\" xml:lang=\"ES\" data-uw-styling-context=\"true\">\u201cSabemos que Santiago es un importante destino para el turismo de salud por la robusta infraestructura que tiene en este sector, as\u00ed como para el turismo de negocio por ser el segundo centro de producci\u00f3n del pa\u00eds.\u00a0 Con la entrada en operaciones del\u00a0<strong data-uw-styling-context=\"true\">SIT<\/strong>\u00a0estos turistas que visitan la ciudad dispondr\u00e1n de informaciones organizadas y pr\u00e1cticas que les facilitar\u00e1n moverse en la ciudad, permiti\u00e9ndoles no solo trasladarse de un punto a otro, sino tambi\u00e9n descubrir una ciudad desde una perspectiva diferente, que algunos llaman desde ya turismo urbano\u201d,<\/span><\/em><span lang=\"ES\" xml:lang=\"ES\" data-uw-styling-context=\"true\">\u00a0enfatiz\u00f3 el servidor p\u00fablico.<\/span><\/span><\/p>\n","protected":false},"excerpt":{"rendered":"<p>Santo Domingo. &#8211; El\u00a0Sistema de Transporte de Santiago (SIT),\u00a0proyecto gestionado por la\u00a0Oficina de Desarrollo de Proyectos de Movilidad Urbana e Interurbana\u00a0del\u00a0Ministerio de la Presidencia (MINPRE), tendr\u00e1n presencia en la 25&hellip; <\/p>\n","protected":false},"author":2,"featured_media":17637,"comment_status":"closed","ping_status":"closed","sticky":false,"template":"","format":"standard","meta":{"fifu_image_url":"","fifu_image_alt":"","footnotes":""},"categories":[167],"tags":[],"class_list":["post-17636","post","type-post","status-publish","format-standard","has-post-thumbnail","hentry","category-transporte"],"_links":{"self":[{"href":"https:\/\/elmundodelosnegocios.com.do\/v1\/wp-json\/wp\/v2\/posts\/17636","targetHints":{"allow":["GET"]}}],"collection":[{"href":"https:\/\/elmundodelosnegocios.com.do\/v1\/wp-json\/wp\/v2\/posts"}],"about":[{"href":"https:\/\/elmundodelosnegocios.com.do\/v1\/wp-json\/wp\/v2\/types\/post"}],"author":[{"embeddable":true,"href":"https:\/\/elmundodelosnegocios.com.do\/v1\/wp-json\/wp\/v2\/users\/2"}],"replies":[{"embeddable":true,"href":"https:\/\/elmundodelosnegocios.com.do\/v1\/wp-json\/wp\/v2\/comments?post=17636"}],"version-history":[{"count":0,"href":"https:\/\/elmundodelosnegocios.com.do\/v1\/wp-json\/wp\/v2\/posts\/17636\/revisions"}],"wp:featuredmedia":[{"embeddable":true,"href":"https:\/\/elmundodelosnegocios.com.do\/v1\/wp-json\/wp\/v2\/media\/17637"}],"wp:attachment":[{"href":"https:\/\/elmundodelosnegocios.com.do\/v1\/wp-json\/wp\/v2\/media?parent=17636"}],"wp:term":[{"taxonomy":"category","embeddable":true,"href":"https:\/\/elmundodelosnegocios.com.do\/v1\/wp-json\/wp\/v2\/categories?post=17636"},{"taxonomy":"post_tag","embeddable":true,"href":"https:\/\/elmundodelosnegocios.com.do\/v1\/wp-json\/wp\/v2\/tags?post=17636"}],"curies":[{"name":"wp","href":"https:\/\/api.w.org\/{rel}","templated":true}]}}