{"id":17659,"date":"2022-05-31T15:16:24","date_gmt":"2022-05-31T19:46:24","guid":{"rendered":"http:\/\/elmundodelosnegocios.com.do\/v1\/?p=17659"},"modified":"2022-05-31T15:16:24","modified_gmt":"2022-05-31T19:46:24","slug":"proindustria-da-reapertura-formal-al-parque-de-zona-franca-salcedo","status":"publish","type":"post","link":"https:\/\/elmundodelosnegocios.com.do\/v1\/proindustria-da-reapertura-formal-al-parque-de-zona-franca-salcedo\/","title":{"rendered":"Proindustria da reapertura formal al parque de Zona Franca Salcedo"},"content":{"rendered":"<p data-uw-styling-context=\"true\"><span data-uw-styling-context=\"true\">Hermanas Mirabal.- El\u00a0<strong data-uw-styling-context=\"true\">Centro de Desarrollo y Competitividad Industrial (Proindustria)<\/strong>\u00a0reabri\u00f3 el parque de la\u00a0Zona Franca\u00a0de la provincia Hermanas Mirabal en el municipio de Salcedo.<\/span><\/p>\n<p data-uw-styling-context=\"true\"><span data-uw-styling-context=\"true\">El\u00a0<strong data-uw-styling-context=\"true\">director general de Proindustria, licenciado Ulises Rodr\u00edguez<\/strong>, destac\u00f3 que en la nueva etapa se proyecta crear\u00a0<strong data-uw-styling-context=\"true\">unos 200 nuevos empleos directos<\/strong>.<\/span><\/p>\n<p data-uw-styling-context=\"true\"><span data-uw-styling-context=\"true\">El funcionario afirm\u00f3 que el Gobierno que encabeza el\u00a0<strong data-uw-styling-context=\"true\">presidente Luis Abinader<\/strong>\u00a0cree en el sector de las zonas francas como una v\u00eda id\u00f3nea para crear\u00a0empleos\u00a0de manera masiva. \u201c<em data-uw-styling-context=\"true\">Tenemos un presidente que cree en las zonas francas y su apoyo ha sido determinante para el rescate del sector. Hemos recuperado los empleos perdidos durante la pandemia y ahora nos dirigimos a alcanzar nuevas metas<\/em>,\u201d resalt\u00f3 Rodr\u00edguez.<\/span><\/p>\n<p data-uw-styling-context=\"true\"><span data-uw-styling-context=\"true\">Este parque, que ten\u00eda\u00a0<strong data-uw-styling-context=\"true\">14 a\u00f1os sin operar<\/strong>, se prepara para poner en marcha sus naves y reactivar la econom\u00eda de la localidad, a trav\u00e9s de la empresa\u00a0<strong data-uw-styling-context=\"true\">\u201cJPE Ecofiber\u201d,<\/strong>\u00a0una industria textil con m\u00e1s de 20 a\u00f1os en el mercado y que tiene la expectativa de generar en Salcedo m\u00e1s de 200 empleos.<\/span><\/p>\n<p data-uw-styling-context=\"true\"><img loading=\"lazy\" decoding=\"async\" src=\"https:\/\/presidencia.gob.do\/sites\/default\/files\/content\/WhatsApp%20Image%202022-05-31%20at%202.12.02%20PM%20%281%29.jpeg\" alt=\"\" width=\"1600\" height=\"1066\" data-entity-type=\"file\" data-entity-uuid=\"fb28c5eb-0f8f-4b01-ad6e-bea590dd4804\" data-uw-styling-context=\"true\" \/><\/p>\n<p data-uw-styling-context=\"true\"><span data-uw-styling-context=\"true\">Proindustria, por medio del\u00a0<strong data-uw-styling-context=\"true\">Instituto Nacional Formaci\u00f3n T\u00e9cnico Profesional (INFOTEP)<\/strong>\u00a0gestiona la\u00a0<strong data-uw-styling-context=\"true\">formaci\u00f3n de 36 personas en esta primera etapa<\/strong>, las cuales se ir\u00e1n integrando gradualmente, seg\u00fan terminen la capacitaci\u00f3n.<\/span><\/p>\n<p data-uw-styling-context=\"true\"><span data-uw-styling-context=\"true\">En el acto de relanzamiento estuvieron presentes Lissete Nicasio, gobernadora de la provincia Hermanas Mirabal; Mar\u00eda Ortiz, alcaldesa de Salcedo; Mariela Fern\u00e1ndez, representante de la empresa JPE Ecofiber, entre otras personalidades del municipio.<\/span><\/p>\n<p data-uw-styling-context=\"true\"><span data-uw-styling-context=\"true\">La reactivaci\u00f3n de esta zona franca forma parte de la meta presidencial, que es\u00a0<strong data-uw-styling-context=\"true\">lograr 600,000 nuevos empleos<\/strong>, ya que el sector es una prioridad para el presidente de la Rep\u00fablica y es parte del plan de relanzamiento del sector industrial.<\/span><\/p>\n<p data-uw-styling-context=\"true\"><span data-uw-styling-context=\"true\">Proindustria ha llevado a cabo un programa intenso de rescate y de relanzamiento de sus parques de zonas francas y as\u00ed lo ha hecho en La Vega; Cotu\u00ed, en la provincia S\u00e1nchez Ram\u00edrez, y San Francisco de Macor\u00eds, en la provincia Duarte. Igualmente, ha trabajado en la ampliaci\u00f3n de naves y la construcci\u00f3n de otras nuevas en San Pedro de Macor\u00eds, como parte de la intensa agenda desarrollada por esta instituci\u00f3n.<\/span><\/p>\n","protected":false},"excerpt":{"rendered":"<p>Hermanas Mirabal.- El\u00a0Centro de Desarrollo y Competitividad Industrial (Proindustria)\u00a0reabri\u00f3 el parque de la\u00a0Zona Franca\u00a0de la provincia Hermanas Mirabal en el municipio de Salcedo. El\u00a0director general de Proindustria, licenciado Ulises Rodr\u00edguez,&hellip; <\/p>\n","protected":false},"author":2,"featured_media":17661,"comment_status":"closed","ping_status":"closed","sticky":false,"template":"","format":"standard","meta":{"fifu_image_url":"","fifu_image_alt":"","footnotes":""},"categories":[154],"tags":[],"class_list":["post-17659","post","type-post","status-publish","format-standard","has-post-thumbnail","hentry","category-industria"],"_links":{"self":[{"href":"https:\/\/elmundodelosnegocios.com.do\/v1\/wp-json\/wp\/v2\/posts\/17659","targetHints":{"allow":["GET"]}}],"collection":[{"href":"https:\/\/elmundodelosnegocios.com.do\/v1\/wp-json\/wp\/v2\/posts"}],"about":[{"href":"https:\/\/elmundodelosnegocios.com.do\/v1\/wp-json\/wp\/v2\/types\/post"}],"author":[{"embeddable":true,"href":"https:\/\/elmundodelosnegocios.com.do\/v1\/wp-json\/wp\/v2\/users\/2"}],"replies":[{"embeddable":true,"href":"https:\/\/elmundodelosnegocios.com.do\/v1\/wp-json\/wp\/v2\/comments?post=17659"}],"version-history":[{"count":0,"href":"https:\/\/elmundodelosnegocios.com.do\/v1\/wp-json\/wp\/v2\/posts\/17659\/revisions"}],"wp:featuredmedia":[{"embeddable":true,"href":"https:\/\/elmundodelosnegocios.com.do\/v1\/wp-json\/wp\/v2\/media\/17661"}],"wp:attachment":[{"href":"https:\/\/elmundodelosnegocios.com.do\/v1\/wp-json\/wp\/v2\/media?parent=17659"}],"wp:term":[{"taxonomy":"category","embeddable":true,"href":"https:\/\/elmundodelosnegocios.com.do\/v1\/wp-json\/wp\/v2\/categories?post=17659"},{"taxonomy":"post_tag","embeddable":true,"href":"https:\/\/elmundodelosnegocios.com.do\/v1\/wp-json\/wp\/v2\/tags?post=17659"}],"curies":[{"name":"wp","href":"https:\/\/api.w.org\/{rel}","templated":true}]}}