{"id":17666,"date":"2022-05-31T15:19:09","date_gmt":"2022-05-31T19:49:09","guid":{"rendered":"http:\/\/elmundodelosnegocios.com.do\/v1\/?p=17666"},"modified":"2022-05-31T15:19:09","modified_gmt":"2022-05-31T19:49:09","slug":"inicia-nuevo-proceso-de-pago-a-suplidores-que-ascendera-a-rd1500-millones-esta-semana","status":"publish","type":"post","link":"https:\/\/elmundodelosnegocios.com.do\/v1\/inicia-nuevo-proceso-de-pago-a-suplidores-que-ascendera-a-rd1500-millones-esta-semana\/","title":{"rendered":"Inicia nuevo proceso de pago a suplidores que ascender\u00e1 a RD$1,500 millones esta semana"},"content":{"rendered":"<p>Santo Domingo.- El director ejecutivo del Instituto Nacional de Bienestar Estudiantil (INABIE), V\u00edctor Castro, anunci\u00f3 que la instituci\u00f3n inici\u00f3 desde la semana pasada un nuevo proceso de pago a suplidores que solo esta semana ascender\u00e1 a los RD$1,500 millones de pesos.<\/p>\n<p>La informaci\u00f3n fue ofrecida en una reuni\u00f3n de alto nivel en la que estuvo el contralor general de la Rep\u00fablica, Catalino (Freddy) Correa Hiciano, el director general de Contrataciones P\u00fablicas, Carlos Pimentel y otros representantes del Gobierno.<\/p>\n<p>El encuentro se realiz\u00f3 como parte de la mesa t\u00e9cnica que por primera vez fue establecida este a\u00f1o con la Confederaci\u00f3n Dominicana de la Micro, Peque\u00f1a y Mediana Empresa (Codopyme) que agrupa a los representantes de suplidores del Programa de Alimentaci\u00f3n Escolar, entre ellos, los del almuerzo de centros de Jornada Escolar Extendida, l\u00edquidos, pan y galleta, textiles, calzados, entre otros.<\/p>\n<p>\u201cNosotros entendemos a cada suplidor y los esfuerzos que han hecho en momentos dif\u00edciles para el pa\u00eds y hemos estado haciendo las gestiones necesarias que han permitido reactivar estos pagos con la celeridad que lo est\u00e1bamos haciendo. Tenemos el compromiso de pagar, pero pagar bien, siguiendo los procedimientos de ley\u201d, resalt\u00f3 Castro.<\/p>\n<p>En ese sentido, explic\u00f3 que tambi\u00e9n se encuentran en proceso para pago los kits crudos de los a\u00f1os lectivos 2019-2021, deuda que fue heredada y en su momento no se hicieron los ajustes de lugar cuando las raciones cambiaron de alimentos cocidos a crudos debido a la pandemia de la COVID-19, lo que incremento el monto de los contratos.<\/p>\n<p>Castro indic\u00f3 que para el pago de esta deuda es necesario hacer los levantamientos, comprobaciones y otras medidas de control establecidas a lo interno de la instituci\u00f3n, as\u00ed como las indagatorias propias de la Contralor\u00eda General de la Rep\u00fablica. En este proceso se identificaron fondos por RD$900 millones, tras las gestiones realizadas a alto nivel para saldar los compromisos de los kits crudos.<\/p>\n<p>Adem\u00e1s, durante el encuentro los funcionarios presentes, as\u00ed como el equipo t\u00e9cnico del INABIE, respondieron todas las inquietudes de los representantes de suplidores tanto sobre los pagos como sobre las nuevas licitaciones que se llevan a cabo bajo el amparo de la transparencia, con la finalidad de elevar el servicio ofrecido a los estudiantes.<\/p>\n<p>En ese sentido, el contralor Correa Hiciano resalt\u00f3 ante los representantes de los suplidores del INABIE la apertura del Gobierno con las Micros, Peque\u00f1as y Medianas Empresas que representan, as\u00ed como el apoyo brindado en los procesos de pago siguiendo siempre la legislaci\u00f3n.<\/p>\n<p>De su lado, Carlos Pimentel destac\u00f3 la estrecha colaboraci\u00f3n entre los equipos t\u00e9cnicos del INABIE y de la instituci\u00f3n que dirige, la cual ha permitido dar respuesta oportuna a todas las incidencias resentadas, as\u00ed como el cumplimiento de las disposiciones de la Ley 340-06 en los nuevos procesos de licitaciones que se realizan de forma digital.<\/p>\n<p>Adem\u00e1s de las instituciones mencionadas, en el encuentro tambi\u00e9n particip\u00f3 el viceministro administrativo de la Presidencia Jos\u00e9 J\u00e1quez, el director de comercio interno del Ministerio de Industria y Comercio Claudio Fern\u00e1ndez Mart\u00ed y representantes del Instituto Dominicano para la Calidad (INDOCAL).<\/p>\n<p>Por el INABIE, estuvo Ocirema Caminero, jefa de Gabinete; Julio Santana, director administrativo y financiero; Heidy Herrera, encargada de Compras; Osvaldo Liria, encargado de Gesti\u00f3n Alimentaria; Gerard del Santo, director de Planificaci\u00f3n, entre otros.<\/p>\n","protected":false},"excerpt":{"rendered":"<p>Santo Domingo.- El director ejecutivo del Instituto Nacional de Bienestar Estudiantil (INABIE), V\u00edctor Castro, anunci\u00f3 que la instituci\u00f3n inici\u00f3 desde la semana pasada un nuevo proceso de pago a suplidores&hellip; <\/p>\n","protected":false},"author":2,"featured_media":17667,"comment_status":"closed","ping_status":"closed","sticky":false,"template":"","format":"standard","meta":{"fifu_image_url":"","fifu_image_alt":"","footnotes":""},"categories":[250],"tags":[],"class_list":["post-17666","post","type-post","status-publish","format-standard","has-post-thumbnail","hentry","category-comunicaciones"],"_links":{"self":[{"href":"https:\/\/elmundodelosnegocios.com.do\/v1\/wp-json\/wp\/v2\/posts\/17666","targetHints":{"allow":["GET"]}}],"collection":[{"href":"https:\/\/elmundodelosnegocios.com.do\/v1\/wp-json\/wp\/v2\/posts"}],"about":[{"href":"https:\/\/elmundodelosnegocios.com.do\/v1\/wp-json\/wp\/v2\/types\/post"}],"author":[{"embeddable":true,"href":"https:\/\/elmundodelosnegocios.com.do\/v1\/wp-json\/wp\/v2\/users\/2"}],"replies":[{"embeddable":true,"href":"https:\/\/elmundodelosnegocios.com.do\/v1\/wp-json\/wp\/v2\/comments?post=17666"}],"version-history":[{"count":0,"href":"https:\/\/elmundodelosnegocios.com.do\/v1\/wp-json\/wp\/v2\/posts\/17666\/revisions"}],"wp:featuredmedia":[{"embeddable":true,"href":"https:\/\/elmundodelosnegocios.com.do\/v1\/wp-json\/wp\/v2\/media\/17667"}],"wp:attachment":[{"href":"https:\/\/elmundodelosnegocios.com.do\/v1\/wp-json\/wp\/v2\/media?parent=17666"}],"wp:term":[{"taxonomy":"category","embeddable":true,"href":"https:\/\/elmundodelosnegocios.com.do\/v1\/wp-json\/wp\/v2\/categories?post=17666"},{"taxonomy":"post_tag","embeddable":true,"href":"https:\/\/elmundodelosnegocios.com.do\/v1\/wp-json\/wp\/v2\/tags?post=17666"}],"curies":[{"name":"wp","href":"https:\/\/api.w.org\/{rel}","templated":true}]}}