{"id":17676,"date":"2022-05-31T15:24:24","date_gmt":"2022-05-31T19:54:24","guid":{"rendered":"http:\/\/elmundodelosnegocios.com.do\/v1\/?p=17676"},"modified":"2022-05-31T15:24:24","modified_gmt":"2022-05-31T19:54:24","slug":"cultura-micm-y-banco-popular-presentan-directorio-creativo-y-plataforma-para-emprendedores","status":"publish","type":"post","link":"https:\/\/elmundodelosnegocios.com.do\/v1\/cultura-micm-y-banco-popular-presentan-directorio-creativo-y-plataforma-para-emprendedores\/","title":{"rendered":"Cultura, MICM y Banco Popular presentan Directorio Creativo y plataforma para emprendedores"},"content":{"rendered":"<p data-uw-styling-context=\"true\"><span data-uw-styling-context=\"true\">Santo Domingo.\u2013 El\u00a0<strong data-uw-styling-context=\"true\">Ministerio de Industria, Comercio y Mipymes, el Ministerio de Cultura y el Banco Popular Dominicano\u00a0<\/strong>presentaron dos nuevos proyectos para seguir fomentando las oportunidades de negocio en la llamada\u00a0<strong data-uw-styling-context=\"true\">econom\u00eda naranja<\/strong>, que engloba a las industrias\u00a0culturales\u00a0y creativas del pa\u00eds.<\/span><\/p>\n<p data-uw-styling-context=\"true\"><span data-uw-styling-context=\"true\">En concreto, ambos ministerios lanzaron el\u00a0<strong data-uw-styling-context=\"true\">Directorio Creativo<\/strong>, una plataforma digital de registro para profesionales y empresas de los sectores culturales y creativos, dise\u00f1ada para fortalecer la cadena de valor de la econom\u00eda naranja, ya que permite poner en contacto la oferta y demanda de servicios culturales y creativos. As\u00ed se fomenta el\u00a0<strong data-uw-styling-context=\"true\">posicionamiento del sector a nivel local e internacional<\/strong>, incrementando con ello su valor agregado en la econom\u00eda.<\/span><\/p>\n<p data-uw-styling-context=\"true\"><span data-uw-styling-context=\"true\">En este directorio, las personas y empresas de la econom\u00eda creativa podr\u00e1n exhibir sus bienes y servicios, al igual que\u00a0<strong data-uw-styling-context=\"true\">contactar con potenciales clientes<\/strong>\u00a0y con otros profesionales que complementen su propuesta creativa. El directorio estar\u00e1 disponible en el portal web\u00a0<a href=\"http:\/\/www.directoriocreativo.gob.do\/\" data-uw-styling-context=\"true\">www.directoriocreativo.gob.do<\/a><\/span><\/p>\n<p data-uw-styling-context=\"true\"><img loading=\"lazy\" decoding=\"async\" src=\"https:\/\/presidencia.gob.do\/sites\/default\/files\/content\/Directorio%20Creativo.JPG\" alt=\"\" width=\"6000\" height=\"4000\" data-entity-type=\"file\" data-entity-uuid=\"e7b49e67-d8bf-4a8c-af8f-9ddea1c2018a\" data-uw-styling-context=\"true\" \/><\/p>\n<h5 data-uw-styling-context=\"true\"><span data-uw-styling-context=\"true\"><strong data-uw-styling-context=\"true\">\u201cEmprendedores Naranja\u201d del Banco Popular<\/strong><\/span><\/h5>\n<p data-uw-styling-context=\"true\"><span data-uw-styling-context=\"true\">Por su parte, el Banco Popular anunci\u00f3 su plataforma \u201c<strong data-uw-styling-context=\"true\">Emprendedores\u00a0Naranja<\/strong>\u201d, que permite a los emprendedores creativos evolucionar sus proyectos desde la idea original hasta convertirla en una\u00a0<strong data-uw-styling-context=\"true\">pyme<\/strong>\u00a0exitosa, con acceso a\u00a0<strong data-uw-styling-context=\"true\">capacitaciones y a un pr\u00e9stamo para emprender<\/strong>, con condiciones especiales en plazos y tasas.<\/span><\/p>\n<p data-uw-styling-context=\"true\"><span data-uw-styling-context=\"true\">Un emprendedor naranja puede as\u00ed impulsar su idea a trav\u00e9s de las\u00a0<strong data-uw-styling-context=\"true\">cuatro fases del proyecto<\/strong>, recibiendo talleres de finanzas e ideaci\u00f3n impartidos por facilitadores certificados y, si lo necesita, obtener un financiamiento dise\u00f1ado de acuerdo con sus necesidades para hacer crecer su propuesta empresarial.<\/span><\/p>\n<p data-uw-styling-context=\"true\"><span data-uw-styling-context=\"true\">El desarrollo de estas iniciativas forma parte de la alianza p\u00fablico\u2013privada entre las mencionadas instituciones y tambi\u00e9n el\u00a0<strong data-uw-styling-context=\"true\">Instituto Tecnol\u00f3gico de Santo Domingo (INTEC)<\/strong>\u00a0para impulsar la econom\u00eda naranja en la Rep\u00fablica Dominicana. Dichas propuestas pueden conocerse a trav\u00e9s del portal web www.economianaranja.com.do, que re\u00fane numerosos recursos y herramientas de valor de cada instituci\u00f3n.<\/span><\/p>\n<h5 data-uw-styling-context=\"true\"><span data-uw-styling-context=\"true\"><strong data-uw-styling-context=\"true\">Uni\u00f3n en favor del talento creativo<\/strong><\/span><\/h5>\n<p data-uw-styling-context=\"true\"><span data-uw-styling-context=\"true\">El lanzamiento de ambas iniciativas se realiz\u00f3 ante un numeroso grupo de representantes de las\u00a0<strong data-uw-styling-context=\"true\">diferentes industrias de la creatividad dominicana<\/strong>, como cine, moda, dise\u00f1o, arquitectura, gastronom\u00eda, gesti\u00f3n cultural, medios audiovisuales, software o publicidad, entre otras.<\/span><\/p>\n<p data-uw-styling-context=\"true\"><span data-uw-styling-context=\"true\">Ante ellos, el\u00a0<strong data-uw-styling-context=\"true\">presidente ejecutivo del Popular, se\u00f1or Christopher Paniagua<\/strong>, destac\u00f3 el esfuerzo pionero de la entidad bancaria al decidir impulsar y dinamizar a los actores de la econom\u00eda naranja, primero con el proyecto editorial y multimedia \u201c<strong data-uw-styling-context=\"true\">Dominicana Creativa. Talento en la econom\u00eda naranja<\/strong>\u201d y ahora con este apoyo a los emprendedores.<\/span><\/p>\n<p data-uw-styling-context=\"true\"><span data-uw-styling-context=\"true\">\u201c<em data-uw-styling-context=\"true\">Los proyectos que se han desarrollado en el marco de esta alianza p\u00fablico\u2013privada han tenido una excelente acogida, haciendo cada vez m\u00e1s visible el potencial de la econom\u00eda creativa y cultural en el pa\u00eds. Una vez m\u00e1s, queda demostrado que la uni\u00f3n hace la fuerza. De ah\u00ed la importancia de que continuemos trabajando juntos<\/em>\u201d, expres\u00f3 el se\u00f1or Paniagua.<\/span><\/p>\n<p data-uw-styling-context=\"true\"><span data-uw-styling-context=\"true\">El\u00a0<strong data-uw-styling-context=\"true\">ministro de Industria, Comercio y Mipymes, se\u00f1or V\u00edctor -Ito- Bison\u00f3<\/strong>, subray\u00f3 que esta iniciativa respalda la convicci\u00f3n y visi\u00f3n del\u00a0<strong data-uw-styling-context=\"true\">presidente Luis Abinader<\/strong>\u00a0de apoyar a las industrias creativas, lo que impulsa a generar esta sinergia institucional para promover la cultura y la creatividad, no solo como parte de nuestro patrimonio, sino tambi\u00e9n como un importante y\u00a0<strong data-uw-styling-context=\"true\">pujante sector econ\u00f3mico nacional<\/strong>.<\/span><\/p>\n<p data-uw-styling-context=\"true\"><span data-uw-styling-context=\"true\">El funcionario resalt\u00f3 que \u201c<em data-uw-styling-context=\"true\">la econom\u00eda de las industrias culturales permite que las ideas se conviertan en bienes y servicios tangibles que generan crecimiento econ\u00f3mico, diversificando la cadena de valor y diferenciando el modelo productivo de una naci\u00f3n<\/em>\u201d.<\/span><\/p>\n<p data-uw-styling-context=\"true\"><span data-uw-styling-context=\"true\">En tanto, la\u00a0<strong data-uw-styling-context=\"true\">ministra de Cultura, Milagros Germ\u00e1n<\/strong>, asegur\u00f3 que es fundamental para esta gesti\u00f3n lograr la formalizaci\u00f3n de la cultura como un sector econ\u00f3mico, productivo y de desarrollo en el que contin\u00faen ganando nuestros creativos.<\/span><\/p>\n<p data-uw-styling-context=\"true\"><span data-uw-styling-context=\"true\">La funcionaria agreg\u00f3 que es por tal motivo que el fomento de las industrias creativas en el pa\u00eds es un\u00a0<strong data-uw-styling-context=\"true\">eje central de la pol\u00edtica p\u00fablica de este gobierno<\/strong>.<\/span><\/p>\n<p data-uw-styling-context=\"true\"><span data-uw-styling-context=\"true\">\u201c<em data-uw-styling-context=\"true\">Y hoy, con el lanzamiento del Directorio Creativo, ponemos a disposici\u00f3n de nuestros creativos una plataforma digital que los impulsar\u00e1 a ofertar sus servicios en el \u00e1mbito local, y seremos testigos de la exportaci\u00f3n de la creatividad dominicana<\/em>\u201d, subray\u00f3.<\/span><\/p>\n","protected":false},"excerpt":{"rendered":"<p>Santo Domingo.\u2013 El\u00a0Ministerio de Industria, Comercio y Mipymes, el Ministerio de Cultura y el Banco Popular Dominicano\u00a0presentaron dos nuevos proyectos para seguir fomentando las oportunidades de negocio en la llamada\u00a0econom\u00eda&hellip; <\/p>\n","protected":false},"author":2,"featured_media":17678,"comment_status":"closed","ping_status":"closed","sticky":false,"template":"","format":"standard","meta":{"fifu_image_url":"","fifu_image_alt":"","footnotes":""},"categories":[83],"tags":[],"class_list":["post-17676","post","type-post","status-publish","format-standard","has-post-thumbnail","hentry","category-empresariales-empresariales"],"_links":{"self":[{"href":"https:\/\/elmundodelosnegocios.com.do\/v1\/wp-json\/wp\/v2\/posts\/17676","targetHints":{"allow":["GET"]}}],"collection":[{"href":"https:\/\/elmundodelosnegocios.com.do\/v1\/wp-json\/wp\/v2\/posts"}],"about":[{"href":"https:\/\/elmundodelosnegocios.com.do\/v1\/wp-json\/wp\/v2\/types\/post"}],"author":[{"embeddable":true,"href":"https:\/\/elmundodelosnegocios.com.do\/v1\/wp-json\/wp\/v2\/users\/2"}],"replies":[{"embeddable":true,"href":"https:\/\/elmundodelosnegocios.com.do\/v1\/wp-json\/wp\/v2\/comments?post=17676"}],"version-history":[{"count":0,"href":"https:\/\/elmundodelosnegocios.com.do\/v1\/wp-json\/wp\/v2\/posts\/17676\/revisions"}],"wp:featuredmedia":[{"embeddable":true,"href":"https:\/\/elmundodelosnegocios.com.do\/v1\/wp-json\/wp\/v2\/media\/17678"}],"wp:attachment":[{"href":"https:\/\/elmundodelosnegocios.com.do\/v1\/wp-json\/wp\/v2\/media?parent=17676"}],"wp:term":[{"taxonomy":"category","embeddable":true,"href":"https:\/\/elmundodelosnegocios.com.do\/v1\/wp-json\/wp\/v2\/categories?post=17676"},{"taxonomy":"post_tag","embeddable":true,"href":"https:\/\/elmundodelosnegocios.com.do\/v1\/wp-json\/wp\/v2\/tags?post=17676"}],"curies":[{"name":"wp","href":"https:\/\/api.w.org\/{rel}","templated":true}]}}