{"id":17696,"date":"2022-06-01T10:57:56","date_gmt":"2022-06-01T15:27:56","guid":{"rendered":"http:\/\/elmundodelosnegocios.com.do\/v1\/?p=17696"},"modified":"2022-06-01T10:57:56","modified_gmt":"2022-06-01T15:27:56","slug":"coe-cuenta-con-plan-de-huracanes-actualizado-para-responder-a-temporada-ciclonica","status":"publish","type":"post","link":"https:\/\/elmundodelosnegocios.com.do\/v1\/coe-cuenta-con-plan-de-huracanes-actualizado-para-responder-a-temporada-ciclonica\/","title":{"rendered":"COE cuenta con Plan de Huracanes actualizado para responder a temporada cicl\u00f3nica"},"content":{"rendered":"<p>Santo Domingo.- El Centro de Operaciones de Emergencias (COE) informa que cuenta con un Plan de Contingencia revisado con las 22 instituciones que forman parte de dicho organismo y listo para dar frente a la Temporada Cicl\u00f3nica que inicia 1 de Junio tanto en el Atl\u00e1ntico como el Caribe. El mismo ya fue enviado a la Presidencia de la Rep\u00fablica.<\/p>\n<p>A mediados del mes de junio se ejecutar\u00e1 un ejercicio de simulacro con todas las instituciones que forman parte del COE, incluyendo algunas ONG y organismos internacionales. Con ello se podr\u00e1 validar el plan estructurado y, a la vez, orientar a la poblaci\u00f3n para crear un plan familiar y aprender qu\u00e9 hacer en el antes, durante y despu\u00e9s de un hurac\u00e1n.<\/p>\n<p>Con base en las proyecciones trazadas por la Oficina Nacional de Meteorolog\u00eda (ONAMET) y conocedores internacionales, el Centro de Operaciones de Emergencias se\u00f1ala que la temporada podr\u00eda presentar la formaci\u00f3n de unos 19 eventos cicl\u00f3nicos tropicales, ya con su nombre asignado. Igualmente, se estima que 9 podr\u00edan alcanzar la categor\u00eda de huracanes con vientos de 119 km x hora y 4 podr\u00edan ser intensos, con vientos superiores a los 178 km por hora, seg\u00fan los estudios estad\u00edsticos de 30 a\u00f1os de la ciclonolog\u00eda de la regi\u00f3n.<\/p>\n<p>Otra condici\u00f3n que analizaron los expertos fue la \u00faltima corrida de modelo num\u00e9rico con respecto a las condiciones del Pac\u00edfico Ecuatoriano Oriental, la cual proyecta que se manifestar\u00e1 el fen\u00f3meno de LA NI\u00d1A hasta el final del verano del 2022.<\/p>\n<p>Preparados desde ya con informaci\u00f3n precisa y actualizada, se invita a la poblaci\u00f3n a dar un estricto seguimiento a las informaciones de ONAMET y del Centro de Operaciones de Emergencias.<\/p>\n","protected":false},"excerpt":{"rendered":"<p>Santo Domingo.- El Centro de Operaciones de Emergencias (COE) informa que cuenta con un Plan de Contingencia revisado con las 22 instituciones que forman parte de dicho organismo y listo&hellip; <\/p>\n","protected":false},"author":2,"featured_media":17697,"comment_status":"closed","ping_status":"closed","sticky":false,"template":"","format":"standard","meta":{"fifu_image_url":"","fifu_image_alt":"","footnotes":""},"categories":[86],"tags":[],"class_list":["post-17696","post","type-post","status-publish","format-standard","has-post-thumbnail","hentry","category-seguridad"],"_links":{"self":[{"href":"https:\/\/elmundodelosnegocios.com.do\/v1\/wp-json\/wp\/v2\/posts\/17696","targetHints":{"allow":["GET"]}}],"collection":[{"href":"https:\/\/elmundodelosnegocios.com.do\/v1\/wp-json\/wp\/v2\/posts"}],"about":[{"href":"https:\/\/elmundodelosnegocios.com.do\/v1\/wp-json\/wp\/v2\/types\/post"}],"author":[{"embeddable":true,"href":"https:\/\/elmundodelosnegocios.com.do\/v1\/wp-json\/wp\/v2\/users\/2"}],"replies":[{"embeddable":true,"href":"https:\/\/elmundodelosnegocios.com.do\/v1\/wp-json\/wp\/v2\/comments?post=17696"}],"version-history":[{"count":0,"href":"https:\/\/elmundodelosnegocios.com.do\/v1\/wp-json\/wp\/v2\/posts\/17696\/revisions"}],"wp:featuredmedia":[{"embeddable":true,"href":"https:\/\/elmundodelosnegocios.com.do\/v1\/wp-json\/wp\/v2\/media\/17697"}],"wp:attachment":[{"href":"https:\/\/elmundodelosnegocios.com.do\/v1\/wp-json\/wp\/v2\/media?parent=17696"}],"wp:term":[{"taxonomy":"category","embeddable":true,"href":"https:\/\/elmundodelosnegocios.com.do\/v1\/wp-json\/wp\/v2\/categories?post=17696"},{"taxonomy":"post_tag","embeddable":true,"href":"https:\/\/elmundodelosnegocios.com.do\/v1\/wp-json\/wp\/v2\/tags?post=17696"}],"curies":[{"name":"wp","href":"https:\/\/api.w.org\/{rel}","templated":true}]}}