{"id":17703,"date":"2022-06-01T11:03:37","date_gmt":"2022-06-01T15:33:37","guid":{"rendered":"http:\/\/elmundodelosnegocios.com.do\/v1\/?p=17703"},"modified":"2022-06-01T11:03:37","modified_gmt":"2022-06-01T15:33:37","slug":"presidente-abinader-define-al-empresariado-como-uno-de-los-motores-de-la-recuperacion-economica","status":"publish","type":"post","link":"https:\/\/elmundodelosnegocios.com.do\/v1\/presidente-abinader-define-al-empresariado-como-uno-de-los-motores-de-la-recuperacion-economica\/","title":{"rendered":"Presidente Abinader define al empresariado como uno de los motores de la recuperaci\u00f3n econ\u00f3mica"},"content":{"rendered":"<p data-uw-styling-context=\"true\"><span data-uw-styling-context=\"true\">Santo Domingo. &#8211;\u00a0El\u00a0<strong data-uw-styling-context=\"true\">presidente Luis Abinader<\/strong>\u00a0resalt\u00f3\u00a0este martes que el\u00a0<strong data-uw-styling-context=\"true\">sector empresarial dominicano\u00a0<\/strong>ha sido uno de los\u00a0<strong data-uw-styling-context=\"true\">principales motores\u00a0<\/strong>que ha influido en la recuperaci\u00f3n de la econom\u00eda al presentar un crecimiento sostenido y potenciando la creaci\u00f3n de empleos de calidad en el pa\u00eds.<\/span><\/p>\n<p data-uw-styling-context=\"true\"><span data-uw-styling-context=\"true\">Destac\u00f3 que la gran estrategia nacional para el desarrollo, que ha impulsado desde su llegada al Gobierno, ha dado lugar a una\u00a0<strong data-uw-styling-context=\"true\">fuerte\u00a0<a href=\"https:\/\/presidencia.gob.do\/noticias\/presidente-abinader-inaugura-la-primera-comunidad-sostenible-del-pais-construida-bajo-una\" data-uw-styling-context=\"true\">alianza p\u00fablico-privada<\/a>\u00a0<\/strong>que ha ido estableciendo importantes hitos en lo que respecta a la institucionalizaci\u00f3n del pa\u00eds, el robustecimiento econ\u00f3mico, la recuperaci\u00f3n del empleo y el crecimiento.<\/span><\/p>\n<p data-uw-styling-context=\"true\"><span data-uw-styling-context=\"true\">Abog\u00f3 para seguir aunando esfuerzos en favor de las buenas pr\u00e1cticas, de la consolidaci\u00f3n del excelente clima de la inversi\u00f3n y la creaci\u00f3n de empresas.<\/span><\/p>\n<p data-uw-styling-context=\"true\"><span data-uw-styling-context=\"true\">El mandatario habl\u00f3 al participar en la celebraci\u00f3n del\u00a0<strong data-uw-styling-context=\"true\">D\u00eda Nacional de la Empresa Privada<\/strong>\u00a0y el\u00a0<strong data-uw-styling-context=\"true\">59 aniversario\u00a0<\/strong>del\u00a0<strong data-uw-styling-context=\"true\">Consejo Nacional de la Empresa Privada (CONEP),<\/strong>\u00a0donde fue recibido por el presidente del gremio, Pedro Brache y el vicepresidente ejecutivo, C\u00e9sar Dargam.<\/span><\/p>\n<p data-uw-styling-context=\"true\"><span data-uw-styling-context=\"true\"><em data-uw-styling-context=\"true\">\u201cComo presidente de la Rep\u00fablica Dominicana me comprometo a seguir trabajando para impulsar los cambios estructurales necesarios que nos permitan ser m\u00e1s competitivos; a abrir los espacios para generar las oportunidades que el sector empresarial necesita para seguir avanzando\u201d,<\/em>\u00a0garantiz\u00f3.<\/span><\/p>\n<p data-uw-styling-context=\"true\"><span data-uw-styling-context=\"true\">Adem\u00e1s, resalt\u00f3 la buena disposici\u00f3n de los empresarios dominicanos, quienes dijo se han tomado muy en serio el apoyo a las pol\u00edticas propuestas por el Gobierno en distintas materias.<\/span><\/p>\n<p data-uw-styling-context=\"true\"><img loading=\"lazy\" decoding=\"async\" src=\"https:\/\/presidencia.gob.do\/sites\/default\/files\/content\/IMG_2272.JPG\" alt=\"\" width=\"5630\" height=\"3687\" data-entity-type=\"file\" data-entity-uuid=\"ca5a7d7d-d46e-4c9e-a4e5-8c1d703b3381\" data-uw-styling-context=\"true\" \/><\/p>\n<p data-uw-styling-context=\"true\"><span data-uw-styling-context=\"true\"><em data-uw-styling-context=\"true\">\u201cEsas pol\u00edticas han dado paso a un clima de colaboraci\u00f3n mutua muy positivo entre el Gobierno dominicano y el sector empresarial que en gran medida ha hecho posible la espectacular recuperaci\u00f3n de importantes sectores productivos que son pilares fundamentales de nuestra econom\u00eda\u201d,<\/em>\u00a0expres\u00f3.<\/span><\/p>\n<p data-uw-styling-context=\"true\"><span data-uw-styling-context=\"true\">Agreg\u00f3 que, adem\u00e1s, aportan al pa\u00eds una fuente segura de trabajo para miles de dominicanos y dominicanas que vieron mermadas sus posibilidades de desarrollo personal debido a las graves consecuencias producidas por la pandemia global del\u00a0<strong data-uw-styling-context=\"true\">Covid-19<\/strong>.\u00a0<\/span><\/p>\n<h5 data-uw-styling-context=\"true\"><span data-uw-styling-context=\"true\"><strong data-uw-styling-context=\"true\">Sector empresarial dominicano a la altura de las circunstancias<\/strong><\/span><\/h5>\n<p data-uw-styling-context=\"true\"><span data-uw-styling-context=\"true\">El gobernante indic\u00f3 que a pesar de que el coronavirus arrebat\u00f3 la vida de miles de personas en todo el mundo y la posibilidad de una evoluci\u00f3n natural de las previsiones econ\u00f3micas de entonces, el sector empresarial dominicano ha estado a la altura de las circunstancias.<\/span><\/p>\n<p data-uw-styling-context=\"true\"><span data-uw-styling-context=\"true\">Se\u00f1al\u00f3 que lo ha hecho aportando todo su potencial de generaci\u00f3n de oportunidades para sumarse al gran momento de conseguir la recuperaci\u00f3n total de nuestra econom\u00eda y transitar confiados por la senda del crecimiento sostenido y potenciaci\u00f3n de empleos de calidad, con sueldos dignos que den esperanza a los dominicanos y dominicanas.\u00a0<\/span><\/p>\n<p data-uw-styling-context=\"true\"><span data-uw-styling-context=\"true\">Sostuvo que ha trabajado mucho para favorecer la diversificaci\u00f3n de la econom\u00eda, a la vez de ofrecer una extraordinaria oportunidad para los negocios, ofreciendo la seguridad jur\u00eddica necesaria y una destacable estabilidad pol\u00edtica, social y econ\u00f3mica que permiten hablar de importantes n\u00fameros, tanto en la producci\u00f3n como en los niveles de exportaci\u00f3n.\u00a0<\/span><\/p>\n<p data-uw-styling-context=\"true\"><span data-uw-styling-context=\"true\">El jefe de Estado dijo que la\u00a0<strong data-uw-styling-context=\"true\">Estrategia Nacional de Desarrollo (END)<\/strong>\u00a0y la\u00a0<a href=\"https:\/\/presidencia.gob.do\/noticias\/agenda-digital-2030-entre-las-cinco-mas-votadas-en-el-wsis-prizes-2022\" data-uw-styling-context=\"true\"><strong data-uw-styling-context=\"true\">Agenda Digital 2030<\/strong><\/a>\u00a0promueven de manera prioritaria el desarrollo del emprendimiento corporativo, la empresa privada y las Mipymes, por eser parte de los sectores que son de las principales fuentes de generaci\u00f3n de empleos del pa\u00eds y por su significativo aporte al crecimiento anual del\u00a0<strong data-uw-styling-context=\"true\">PIB<\/strong>.\u00a0<\/span><\/p>\n<p data-uw-styling-context=\"true\"><span data-uw-styling-context=\"true\">El despegue del sector Turismo ha sido exponencial, afirm\u00f3, tanto as\u00ed que el pa\u00eds recibi\u00f3 el reconocimiento de la\u00a0<strong data-uw-styling-context=\"true\">Organizaci\u00f3n Mundial del Turismo<\/strong>\u00a0por el buen desempe\u00f1o en el camino hacia la recuperaci\u00f3n de un sector tan importante para la econom\u00eda. Tambi\u00e9n, de la oferta cultural que ofrece la Ciudad Colonial de Santo Domingo, de la gastronom\u00eda nacional y de la alta calidad del sector servicios con el excelente trato que se brinda a los turistas en todo el territorio nacional.\u00a0<\/span><\/p>\n<p data-uw-styling-context=\"true\"><span data-uw-styling-context=\"true\">Pero, adem\u00e1s, explic\u00f3 que el sector de zonas francas tambi\u00e9n ha alcanzado unos excelentes n\u00fameros, resultando que al t\u00e9rmino del a\u00f1o\u00a0<strong data-uw-styling-context=\"true\">2021<\/strong>, el valor de las exportaciones de zonas francas experiment\u00f3 un crecimiento absoluto de\u00a0<strong data-uw-styling-context=\"true\">US$1,316 millones<\/strong>, lo que representa un aumento de\u00a0<strong data-uw-styling-context=\"true\">22.7%\u00a0<\/strong>con respecto al a\u00f1o 2020.<\/span><\/p>\n<p data-uw-styling-context=\"true\"><span data-uw-styling-context=\"true\"><em data-uw-styling-context=\"true\">\u201cLas exportaciones del sector ascendieron a\u00a0<strong data-uw-styling-context=\"true\">US$7,143.3\u00a0<\/strong>millones durante\u00a0<strong data-uw-styling-context=\"true\">2021<\/strong>, por lo que por primera vez en la historia de las zonas francas de Rep\u00fablica Dominicana se sobrepas\u00f3 el umbral de los\u00a0<strong data-uw-styling-context=\"true\">US$7,000 millones<\/strong>, lo cual constituye una cifra r\u00e9cord en las exportaciones de este sector, que a su vez represent\u00f3 el<strong data-uw-styling-context=\"true\">\u00a060.4%<\/strong>\u00a0de las exportaciones totales del pa\u00eds\u201d,<\/em>\u00a0comunic\u00f3.<\/span><\/p>\n<p data-uw-styling-context=\"true\"><img loading=\"lazy\" decoding=\"async\" src=\"https:\/\/presidencia.gob.do\/sites\/default\/files\/content\/IMG_2260.jpg\" alt=\"\" width=\"6131\" height=\"4240\" data-entity-type=\"file\" data-entity-uuid=\"5e9484f9-897b-4f62-a1af-545e8c01672c\" data-uw-styling-context=\"true\" \/><\/p>\n<p data-uw-styling-context=\"true\"><span data-uw-styling-context=\"true\">El mandatario subray\u00f3 que existen muchos ejemplos de buena gesti\u00f3n en el sector privado y del impacto que sus acciones tienen sobre el crecimiento y desarrollo del pa\u00eds y de c\u00f3mo la visi\u00f3n del empresariado dominicano ha ayudado a sortear los malos momentos de crisis.\u00a0<\/span><\/p>\n<p data-uw-styling-context=\"true\"><span data-uw-styling-context=\"true\">Y agreg\u00f3: \u201cSobre todo, que es una de las cosas que mayores esfuerzos realizamos desde el Gobierno, c\u00f3mo el sector privado ha impulsado la creaci\u00f3n de empleos en todo el pa\u00eds para que los dominicanos y dominicanas tengan una fuente de ingresos que les d\u00e9 esa oportunidad de crecimiento para ellos y sus familias que tanto se merecen\u201d.<\/span><\/p>\n<p data-uw-styling-context=\"true\"><span data-uw-styling-context=\"true\">Dijo que apuesta decididamente por mantener y fortalecer la estrategia de trabajo conjunta entre el sector p\u00fablico y privado.<\/span><\/p>\n<p data-uw-styling-context=\"true\"><span data-uw-styling-context=\"true\"><em data-uw-styling-context=\"true\">\u201cQuiero felicitar a todos los empresarios y empresarias dominicanos en este d\u00eda. Destacar su esfuerzo y trabajo y agradecer muy especialmente al Consejo Nacional de la Empresa Privada (CONEP), por mantener vivo este esp\u00edritu de trabajo, su visi\u00f3n de futuro y el compromiso con el pa\u00eds que ha demostrado siempre desde su fundaci\u00f3n en el a\u00f1o 1963, hasta hoy\u201d,<\/em>\u00a0expres\u00f3.\u00a0<\/span><\/p>\n<p data-uw-styling-context=\"true\"><span data-uw-styling-context=\"true\">El presidente Abinader reafirm\u00f3 su compromiso con el empresariado y con el pueblo dominicano para continuar avanzando en la construcci\u00f3n del pa\u00eds anhelado.<\/span><\/p>\n<h5 data-uw-styling-context=\"true\"><span data-uw-styling-context=\"true\"><strong data-uw-styling-context=\"true\">Recuperaci\u00f3n econ\u00f3mica de RD<\/strong><\/span><\/h5>\n<p data-uw-styling-context=\"true\"><span data-uw-styling-context=\"true\">De su lado, el presidente del\u00a0<strong data-uw-styling-context=\"true\">CONEP<\/strong>, Pedro Brache, destac\u00f3 que la recuperaci\u00f3n econ\u00f3mica de la Rep\u00fablica Dominicana ha sido m\u00e1s r\u00e1pida que la de muchos pa\u00edses de la regi\u00f3n, y esto incluye el rescate de los niveles de empleos.<\/span><\/p>\n<p data-uw-styling-context=\"true\"><span data-uw-styling-context=\"true\">Brache atribuye esta conquista a la unidad del sector que ha redundado en obtener una mayor fortaleza en medio de los efectos de la pandemia del Covid-19 y ahora la guerra en Europa.<\/span><\/p>\n<p data-uw-styling-context=\"true\"><span data-uw-styling-context=\"true\"><em data-uw-styling-context=\"true\">\u201cEste contrato social, que a veces pasa desapercibido o que damos por supuesto es, sin embargo, el gran secreto que ha permitido que nuestra recuperaci\u00f3n econ\u00f3mica haya sido m\u00e1s r\u00e1pida que la de muchos pa\u00edses de la regi\u00f3n, que los niveles de empleo se hayan recuperado, y que no tengamos que hablar de escasez de productos en nuestros colmados y supermercados\u201d,<\/em>\u00a0afirm\u00f3.<\/span><\/p>\n<p data-uw-styling-context=\"true\"><span data-uw-styling-context=\"true\">\u00a0Brache reconoci\u00f3 el valor que ha significado el hecho de que, tanto trabajadores como empresarios y sociedad civil, hayan preservado el bien com\u00fan y la estabilidad econ\u00f3mica y democr\u00e1tica del pa\u00eds.<\/span><\/p>\n<p data-uw-styling-context=\"true\"><span data-uw-styling-context=\"true\">Subray\u00f3, que por cada 100 pesos que se invirtieron en la Rep\u00fablica Dominicana, en su crecimiento y desarrollo, m\u00e1s de 85 los aportan empresarios que creen en el pa\u00eds y apuestan por \u00e9l y que al mismo tiempo, aportan a la econom\u00eda el\u00a0<strong data-uw-styling-context=\"true\">75.3%<\/strong>\u00a0de los impuestos tributarios recaudados por la\u00a0<strong data-uw-styling-context=\"true\">DGII.<\/strong><\/span><\/p>\n<p data-uw-styling-context=\"true\"><img loading=\"lazy\" decoding=\"async\" src=\"https:\/\/presidencia.gob.do\/sites\/default\/files\/content\/IMG_2255.JPG\" alt=\"\" width=\"5997\" height=\"4160\" data-entity-type=\"file\" data-entity-uuid=\"07f091b2-6daf-421d-a1d6-06f17bcdc08a\" data-uw-styling-context=\"true\" \/><\/p>\n<h5 data-uw-styling-context=\"true\"><span data-uw-styling-context=\"true\"><strong data-uw-styling-context=\"true\">Posturas oportunas<\/strong><\/span><\/h5>\n<p data-uw-styling-context=\"true\"><span data-uw-styling-context=\"true\">En tanto, el vicepresidente del\u00a0<strong data-uw-styling-context=\"true\">CONEP<\/strong>, C\u00e9sar Dargam, sostuvo que la entidad tiene como principal fortaleza la diversidad y pluralidad, siempre con posturas oportunas, enfocadas en la prudencia y la responsabilidad.<\/span><\/p>\n<p data-uw-styling-context=\"true\"><span data-uw-styling-context=\"true\"><em data-uw-styling-context=\"true\">\u201cHoy somos testigos de la consolidaci\u00f3n de una visi\u00f3n pa\u00eds que se cimienta sobre principios s\u00f3lidos del CONEP: la defensa de la democracia y sus instituciones, la libertad de empresa y la propiedad privada. Los mismos, cada vez m\u00e1s escasos en nuestra regi\u00f3n\u201d,<\/em>\u00a0destac\u00f3 Dargam.<\/span><\/p>\n<p data-uw-styling-context=\"true\"><span data-uw-styling-context=\"true\">Dijo que el\u00a0<strong data-uw-styling-context=\"true\">CONEP<\/strong>\u00a0asume una visi\u00f3n renovada y orientada hacia la sostenibilidad como eje transversal de sus acciones.\u00a0<\/span><\/p>\n<p data-uw-styling-context=\"true\"><span data-uw-styling-context=\"true\">El evento por el 59 aniversario del CONEP, celebrado en el hotel El Embajador, cont\u00f3 con la participaci\u00f3n de los reconocidos\u00a0<em data-uw-styling-context=\"true\">speakers<\/em>\u00a0internacionales Ricardo Hausmann y Mois\u00e9s Na\u00edm, y se reserv\u00f3 un espacio especial para conversar con l\u00edderes de opini\u00f3n del pa\u00eds.<\/span><\/p>\n<p data-uw-styling-context=\"true\"><span data-uw-styling-context=\"true\">Hausmann es el fundador y director del Laboratorio de Crecimiento de Harvard y profesor de Econom\u00eda Pol\u00edtica Internacional en la Escuela Kennedy de la Universidad de Harvard, uno de los centros de investigaci\u00f3n sobre desarrollo internacional m\u00e1s respetados e influyentes. Tambi\u00e9n es creador y director del Atlas de la Complejidad Econ\u00f3mica.<\/span><\/p>\n<p data-uw-styling-context=\"true\"><span data-uw-styling-context=\"true\">Mientras que, Moises Na\u00edm, es autor de 15 libros y uno de los columnistas m\u00e1s le\u00eddos en el idioma espa\u00f1ol. Sus art\u00edculos semanales son publicados en un gran n\u00famero de medios de diversos pa\u00edses. Tambi\u00e9n es el presentador y productor del programa Efecto Na\u00edm. El programa gan\u00f3 un premio Emmy en 2018.<\/span><\/p>\n<p data-uw-styling-context=\"true\"><span data-uw-styling-context=\"true\">En 2011, obtuvo el\u00a0<strong data-uw-styling-context=\"true\">Premio Ortega y Gasset\u00a0<\/strong>por su trayectoria period\u00edstica. Fue editor-jefe de la revista Foreign Policy durante 14 a\u00f1os y su libro \u201cEl Fin del Poder\u201d,\u00a0<em data-uw-styling-context=\"true\">best-seller<\/em>\u00a0del New York Times, fue traducido a 18 idiomas y seleccionado por el Washington Post y el Financial Times como uno de los mejores libros del a\u00f1o. Previamente, fue jefe econ\u00f3mico del\u00a0<strong data-uw-styling-context=\"true\">Banco Interamericano de Desarrollo<\/strong>\u00a0y ministro de Planeaci\u00f3n de Venezuela, entre otros cargos.<\/span><\/p>\n<p data-uw-styling-context=\"true\"><img loading=\"lazy\" decoding=\"async\" src=\"https:\/\/presidencia.gob.do\/sites\/default\/files\/content\/IMG_2256.JPG\" alt=\"\" width=\"6720\" height=\"4480\" data-entity-type=\"file\" data-entity-uuid=\"c200b2b6-0f3b-4120-91f0-a545dfbadc72\" data-uw-styling-context=\"true\" \/><\/p>\n<p data-uw-styling-context=\"true\"><span data-uw-styling-context=\"true\">Acompa\u00f1aron al\u00a0<strong data-uw-styling-context=\"true\">presidente Abinader<\/strong>, los presidentes, del Senado, Eduardo Estrella y de la C\u00e1mara de Diputados, Alfredo Pacheco; la procuradora general de la Rep\u00fablica, Miriam Germ\u00e1n Brito; los ministros de la Presidencia, Lisandro Macarrulla; Administrativo de la Presidencia, Jos\u00e9 Ignacio Paliza; de Relaciones Exteriores, Roberto \u00c1lvarez; de Turismo, David Collado; de Educaci\u00f3n, Roberto Fulcar; de Industria y Comercio y Mipymes, Victor -Ito- Bison\u00f3.\u00a0<\/span><\/p>\n<p data-uw-styling-context=\"true\"><span data-uw-styling-context=\"true\">Tambi\u00e9n, los ministros de Trabajo, Luis Miguel de Camps; de Salud P\u00fablica, Daniel Rivera; de Agricultura, Limber Cruz; de la Mujer, Mayra Jim\u00e9nez; de Econom\u00eda, Planificaci\u00f3n y desarrollo, Miguel Ceara Hatton; de Energ\u00eda y Minas, Antonio Almonte; de Vivienda y Edificaciones, Carlos Bonilla; de Interior y Polic\u00eda, Jes\u00fas V\u00e1zquez; de Educaci\u00f3n Superior, Franklin Garc\u00eda Ferm\u00edn y de Programas Especiales de la Presidencia, Jos\u00e9 Leonel Cabrera.<\/span><\/p>\n<p data-uw-styling-context=\"true\"><span data-uw-styling-context=\"true\">Igualmente, la alcaldesa del Distrito Nacional, Carolina Mej\u00eda; el administrador del Banco de Reservas, Samuel Pereyra, y la directora de ProDominicana, Biviana Riveiro.<\/span><\/p>\n<p data-uw-styling-context=\"true\"><span data-uw-styling-context=\"true\">Adem\u00e1s, asistieron por el Conep, el primer vicepresidente, Celso Marranzini; la segunda vicepresidenta, Lina Garc\u00eda; tercer vicepresidente, Roberto Herrera; el secretario, Carlos Guillermo Le\u00f3n; el vicesecretario, Juan Ventura; el tesorero, Christopher Paniagua, y el vicetesorero, Jos\u00e9 Luis Magad\u00e1n.<\/span><\/p>\n<p data-uw-styling-context=\"true\"><span data-uw-styling-context=\"true\">De igual forma, los directores Julio Llibre, Luis Jos\u00e9 Bonilla, M\u00e1ximo Vidal, Manuel Luna, Amelia Vicini, Paola Rainieri, Juana Barcel\u00f3, Carlos Cueto, Rafael Izquierdo, Luciano Carrillo, Eduardo Cruz, Danilo Ginebra, Luis Manuel Pellerano, Jorge Montalvo y Lucile Houellemont.<\/span><\/p>\n","protected":false},"excerpt":{"rendered":"<p>Santo Domingo. &#8211;\u00a0El\u00a0presidente Luis Abinader\u00a0resalt\u00f3\u00a0este martes que el\u00a0sector empresarial dominicano\u00a0ha sido uno de los\u00a0principales motores\u00a0que ha influido en la recuperaci\u00f3n de la econom\u00eda al presentar un crecimiento sostenido y potenciando&hellip; <\/p>\n","protected":false},"author":2,"featured_media":17704,"comment_status":"closed","ping_status":"closed","sticky":false,"template":"","format":"standard","meta":{"fifu_image_url":"","fifu_image_alt":"","footnotes":""},"categories":[62],"tags":[],"class_list":["post-17703","post","type-post","status-publish","format-standard","has-post-thumbnail","hentry","category-economia"],"_links":{"self":[{"href":"https:\/\/elmundodelosnegocios.com.do\/v1\/wp-json\/wp\/v2\/posts\/17703","targetHints":{"allow":["GET"]}}],"collection":[{"href":"https:\/\/elmundodelosnegocios.com.do\/v1\/wp-json\/wp\/v2\/posts"}],"about":[{"href":"https:\/\/elmundodelosnegocios.com.do\/v1\/wp-json\/wp\/v2\/types\/post"}],"author":[{"embeddable":true,"href":"https:\/\/elmundodelosnegocios.com.do\/v1\/wp-json\/wp\/v2\/users\/2"}],"replies":[{"embeddable":true,"href":"https:\/\/elmundodelosnegocios.com.do\/v1\/wp-json\/wp\/v2\/comments?post=17703"}],"version-history":[{"count":0,"href":"https:\/\/elmundodelosnegocios.com.do\/v1\/wp-json\/wp\/v2\/posts\/17703\/revisions"}],"wp:featuredmedia":[{"embeddable":true,"href":"https:\/\/elmundodelosnegocios.com.do\/v1\/wp-json\/wp\/v2\/media\/17704"}],"wp:attachment":[{"href":"https:\/\/elmundodelosnegocios.com.do\/v1\/wp-json\/wp\/v2\/media?parent=17703"}],"wp:term":[{"taxonomy":"category","embeddable":true,"href":"https:\/\/elmundodelosnegocios.com.do\/v1\/wp-json\/wp\/v2\/categories?post=17703"},{"taxonomy":"post_tag","embeddable":true,"href":"https:\/\/elmundodelosnegocios.com.do\/v1\/wp-json\/wp\/v2\/tags?post=17703"}],"curies":[{"name":"wp","href":"https:\/\/api.w.org\/{rel}","templated":true}]}}