{"id":17881,"date":"2022-06-08T13:22:00","date_gmt":"2022-06-08T17:52:00","guid":{"rendered":"http:\/\/elmundodelosnegocios.com.do\/v1\/?p=17881"},"modified":"2022-06-08T13:22:00","modified_gmt":"2022-06-08T17:52:00","slug":"bisono-propone-a-empresarios-de-iberoamerica-modelo-de-zonas-francas-y-nearshoring-para-aprovechar-mercado-de-eeuu","status":"publish","type":"post","link":"https:\/\/elmundodelosnegocios.com.do\/v1\/bisono-propone-a-empresarios-de-iberoamerica-modelo-de-zonas-francas-y-nearshoring-para-aprovechar-mercado-de-eeuu\/","title":{"rendered":"Bison\u00f3 propone a empresarios de Iberoam\u00e9rica modelo de zonas francas y nearshoring para aprovechar mercado de EEUU"},"content":{"rendered":"<p><em>Durante la quinta reuni\u00f3n del Consejo Empresarial Alianza por Iberoam\u00e9rica (CEAPI), destac\u00f3 el impacto de las megatendencias del comercio mundial para aprovechar el \u201cnearshoring\u201d<\/em><\/p>\n<p><strong>Punta Cana, La Altagracia.-\u00a0<\/strong>Durante la quinta edici\u00f3n del Consejo Empresarial Alianza por Iberoam\u00e9rica (CEAPI), el ministro de Industria, Comercio y Mipymes, V\u00edctor -Ito- Bison\u00f3 propuso a empresarios de esa regi\u00f3n construir una nueva propuesta de valor, que se sustente en el modelo de zonas francas, instrumento por excelencia para atracci\u00f3n de inversi\u00f3n, generaci\u00f3n de empleos y promoci\u00f3n de exportaciones.<\/p>\n<figure style=\"width: 900px\" class=\"wp-caption alignnone\"><img loading=\"lazy\" decoding=\"async\" src=\"https:\/\/micm.gob.do\/images\/noticias\/2022\/06-junio\/Bisono_propone_a_empresarios_de_Iberoamerica_02.jpg\" alt=\"El ministro de Industria, Comercio y Mipymes, V\u00edctor -Ito- Bison\u00f3.\" width=\"900\" height=\"600\" \/><figcaption class=\"wp-caption-text\">El ministro de Industria, Comercio y Mipymes, V\u00edctor -Ito- Bison\u00f3.<\/figcaption><\/figure>\n<p>Bison\u00f3 destac\u00f3 las megatendencias del comercio mundial y los procesos de relocalizaci\u00f3n y nearshoring en la regi\u00f3n, como garantes para impulsar una mayor cooperaci\u00f3n e integraci\u00f3n a nivel regional, potenciar las exportaciones y el comercio intrarregional y atraer nuevas inversiones que se traduzcan en mayor desarrollo econ\u00f3mico y social para todos los pa\u00edses iberoamericanos.<\/p>\n<p>El funcionario dijo que en aras de identificar e impulsar aquellas pol\u00edticas y reformas que permitan aumentar nuestro atractivo frente a empresas multinacionales, que buscan nuevos destinos estrat\u00e9gicos para reubicar su producci\u00f3n y seguir siendo competitivas la Rep\u00fablica Dominicana ha logrado convertirse en un hub industrial sustentado en el buen clima para la inversi\u00f3n.<\/p>\n<p>Afirm\u00f3 que, las zonas francas se consolidaron como un catalizador para la reactivaci\u00f3n econ\u00f3mica. Al mes de abril, registran 188,761 empleos directos y 740 empresas en operaciones, distribuidas en 84 parques, con una inversi\u00f3n acumulada en 2021 ascendente a US$ 5,903.5 millones, para un incremento de 13.8% respecto a 2020.<\/p>\n<p>\u201cApostar al nearshoring para atraer inversiones, generar nuevas alianzas regionales y aumentar su participaci\u00f3n en cadenas globales de valor nos servir\u00e1n para generar nuevos negocios en el entorno regional y para la atracci\u00f3n de inversiones enfocadas en actividades econ\u00f3micas que se identifiquen como estrat\u00e9gicas y que provoquen un impacto positivo en la participaci\u00f3n de nuestros pa\u00edses, lo que redundar\u00e1 en beneficio econ\u00f3mico para la regi\u00f3n\u201d. Precis\u00f3 el titular del MICM.<\/p>\n<p><strong>Sobre el Congreso CEAPI en Punta Cana<\/strong><\/p>\n<p>El encuentro que re\u00fane a los empresarios de mayor renombre en Iberoam\u00e9rica se celebr\u00f3 por primera vez en Latinoam\u00e9rica, tuvo como tema principal \u201cInnovaci\u00f3n y oportunidades en tiempos de incertidumbre\u201d .<\/p>\n<p>Desde este espacio presentaron su punto de vista sobre a la actualidad econ\u00f3mica, comercial, empresarial e inversora en el conjunto de Iberoam\u00e9rica, mirando a las oportunidades de futuro que ofrece el pa\u00eds y explorando las posibilidades que ofrecen la innovaci\u00f3n, la digitalizaci\u00f3n y la tecnolog\u00eda como v\u00edas esenciales para impulsar un crecimiento sostenible en la regi\u00f3n.<\/p>\n<p>Respecto a la elecci\u00f3n de Punta Cana como localidad anfitriona para acoger esta quinta edici\u00f3n del Congreso, N\u00faria Vilanova, presidenta de CEAPI, destac\u00f3 que la Rep\u00fablica Dominicana est\u00e1 adquiriendo una posici\u00f3n destacada en el marco iberoamericano como un indiscutible actor de desarrollo, innovaci\u00f3n y crecimiento de la regi\u00f3n\u201d.<\/p>\n","protected":false},"excerpt":{"rendered":"<p>Durante la quinta reuni\u00f3n del Consejo Empresarial Alianza por Iberoam\u00e9rica (CEAPI), destac\u00f3 el impacto de las megatendencias del comercio mundial para aprovechar el \u201cnearshoring\u201d Punta Cana, La Altagracia.-\u00a0Durante la quinta&hellip; <\/p>\n","protected":false},"author":2,"featured_media":17882,"comment_status":"closed","ping_status":"closed","sticky":false,"template":"","format":"standard","meta":{"fifu_image_url":"","fifu_image_alt":"","footnotes":""},"categories":[74],"tags":[],"class_list":["post-17881","post","type-post","status-publish","format-standard","has-post-thumbnail","hentry","category-comercio-internacional"],"_links":{"self":[{"href":"https:\/\/elmundodelosnegocios.com.do\/v1\/wp-json\/wp\/v2\/posts\/17881","targetHints":{"allow":["GET"]}}],"collection":[{"href":"https:\/\/elmundodelosnegocios.com.do\/v1\/wp-json\/wp\/v2\/posts"}],"about":[{"href":"https:\/\/elmundodelosnegocios.com.do\/v1\/wp-json\/wp\/v2\/types\/post"}],"author":[{"embeddable":true,"href":"https:\/\/elmundodelosnegocios.com.do\/v1\/wp-json\/wp\/v2\/users\/2"}],"replies":[{"embeddable":true,"href":"https:\/\/elmundodelosnegocios.com.do\/v1\/wp-json\/wp\/v2\/comments?post=17881"}],"version-history":[{"count":0,"href":"https:\/\/elmundodelosnegocios.com.do\/v1\/wp-json\/wp\/v2\/posts\/17881\/revisions"}],"wp:featuredmedia":[{"embeddable":true,"href":"https:\/\/elmundodelosnegocios.com.do\/v1\/wp-json\/wp\/v2\/media\/17882"}],"wp:attachment":[{"href":"https:\/\/elmundodelosnegocios.com.do\/v1\/wp-json\/wp\/v2\/media?parent=17881"}],"wp:term":[{"taxonomy":"category","embeddable":true,"href":"https:\/\/elmundodelosnegocios.com.do\/v1\/wp-json\/wp\/v2\/categories?post=17881"},{"taxonomy":"post_tag","embeddable":true,"href":"https:\/\/elmundodelosnegocios.com.do\/v1\/wp-json\/wp\/v2\/tags?post=17881"}],"curies":[{"name":"wp","href":"https:\/\/api.w.org\/{rel}","templated":true}]}}